{"id":8016,"date":"2018-09-02T18:31:29","date_gmt":"2018-09-02T18:31:29","guid":{"rendered":"http:\/\/fmriachuelo.com.ar\/?p=8016"},"modified":"2018-09-02T18:31:29","modified_gmt":"2018-09-02T18:31:29","slug":"feriazo-en-solidaridad-por-lxs-trabajadorxs-del-ministerio-de-agroindustria","status":"publish","type":"post","link":"http:\/\/fmriachuelo.it10.com.ar\/index.php\/2018\/09\/02\/feriazo-en-solidaridad-por-lxs-trabajadorxs-del-ministerio-de-agroindustria\/","title":{"rendered":"FERIAZO EN SOLIDARIDAD POR LXS TRABAJADORXS DEL MINISTERIO DE AGROINDUSTRIA"},"content":{"rendered":"<p><strong>[FM Riachuelo 02\/09\/2018]Este fin de semana se realiz\u00f3 un feriazo, en el \u00a0marco de la permanencia pacifica que mantienen \u00a0lxs trabajadorxs del Ministerio de Agroindustria. A ra\u00edz de los 560 despidos que se anunciaron el viernes pasado y el desmantelamiento a las pol\u00edticas p\u00fablicas que vienen sufriendo los agricultores del campo popular.<\/strong><\/p>\n<p>El feriazo se desarroll\u00f3 a las 14hs en Av. Paseo Col\u00f3n 922 CABA, con el apoyo de las organizaciones campesinas, que armaron una feria para mostrar y vender los productos de la agricultura familiar, y as\u00ed tambi\u00e9n, seguir defendiendo las pol\u00edticas p\u00fablicas para y por los productores agropecuarios.<\/p>\n<p>Estuvieron presentes lxs \u00a0compa\u00f1erxs del Paseo de la Econom\u00eda Popular \u00a0Martin Oso Cisneros para solidarizarse con lxs trabajadorxs\u00a0 que vienen dedicandose a la par en el proyecto de soberan\u00eda alimentaria.<\/p>\n<p>Fm Riachuelo convers\u00f3 con Juan Pablo, trabajador de la Uni\u00f3n de Trabajadorxs de la Tierra, que dijo: <em><strong>\u201cVamos a seguir acompa\u00f1ando las medidas de lucha que vayan tomando los trabajadorxs\u00a0 y tambi\u00e9n invitando a lxs trabajadorxs de Agroindustria a nuestras medidas de lucha, el mi\u00e9rcoles salimos a la calle de nuevo, y vamos camino a unos meses de lucha\u201d<\/strong><\/em><\/p>\n<p>Tambi\u00e9n hablamos con Carina Maloberti, Secretaria Gremial de Ate- Senasa, qui\u00e9n acompa\u00f1a la ocupaci\u00f3n pac\u00edfica del Ministerio desde el d\u00eda viernes, y expres\u00f3\u00a0 <em><strong>\u201cEstamos ocupando el Ministerio no solo por recuperar los puestos de trabajo, para que se reincorporen a lxs compa\u00f1erxs, sino \u00a0para que esas pol\u00edticas p\u00fablicas y por eso est\u00e1n hoy los productores de la agricultura familiar, campesinos haciendo su feria, mostrando lo que \u00a0producen con la \u00a0asistencia t\u00e9cnica nuestra y sanitaria como en el caso del Senasa para que este Ministerio se entienda que es del pueblo, de lxs trabajadorxs\u00a0 y no de la Sociedad Rural\u201d.<\/strong><\/em><\/p>\n<p>&nbsp;<\/p>\n","protected":false},"excerpt":{"rendered":"<p>[FM Riachuelo 02\/09\/2018]Este fin de semana se realiz\u00f3 un feriazo, en el \u00a0marco de la permanencia pacifica que mantienen \u00a0lxs trabajadorxs del Ministerio de Agroindustria. A ra\u00edz de los 560 despidos que se anunciaron el viernes pasado y el desmantelamiento a las pol\u00edticas p\u00fablicas que vienen sufriendo los agricultores del campo popular. El feriazo se [&hellip;]<\/p>\n","protected":false},"author":5,"featured_media":8019,"comment_status":"open","ping_status":"open","sticky":false,"template":"","format":"standard","meta":{"_monsterinsights_skip_tracking":false,"_monsterinsights_sitenote_active":false,"_monsterinsights_sitenote_note":"","_monsterinsights_sitenote_category":0,"jnews-multi-image_gallery":[],"jnews_single_post":[],"jnews_primary_category":[],"_joinchat":[],"footnotes":""},"categories":[78,76,74,75],"tags":[],"class_list":["post-8016","post","type-post","status-publish","format-standard","has-post-thumbnail","hentry","category-economia-popular","category-salud-comunitaria","category-san-cayetano","category-trabajo"],"_links":{"self":[{"href":"http:\/\/fmriachuelo.it10.com.ar\/index.php\/wp-json\/wp\/v2\/posts\/8016","targetHints":{"allow":["GET"]}}],"collection":[{"href":"http:\/\/fmriachuelo.it10.com.ar\/index.php\/wp-json\/wp\/v2\/posts"}],"about":[{"href":"http:\/\/fmriachuelo.it10.com.ar\/index.php\/wp-json\/wp\/v2\/types\/post"}],"author":[{"embeddable":true,"href":"http:\/\/fmriachuelo.it10.com.ar\/index.php\/wp-json\/wp\/v2\/users\/5"}],"replies":[{"embeddable":true,"href":"http:\/\/fmriachuelo.it10.com.ar\/index.php\/wp-json\/wp\/v2\/comments?post=8016"}],"version-history":[{"count":0,"href":"http:\/\/fmriachuelo.it10.com.ar\/index.php\/wp-json\/wp\/v2\/posts\/8016\/revisions"}],"wp:featuredmedia":[{"embeddable":true,"href":"http:\/\/fmriachuelo.it10.com.ar\/index.php\/wp-json\/wp\/v2\/media\/8019"}],"wp:attachment":[{"href":"http:\/\/fmriachuelo.it10.com.ar\/index.php\/wp-json\/wp\/v2\/media?parent=8016"}],"wp:term":[{"taxonomy":"category","embeddable":true,"href":"http:\/\/fmriachuelo.it10.com.ar\/index.php\/wp-json\/wp\/v2\/categories?post=8016"},{"taxonomy":"post_tag","embeddable":true,"href":"http:\/\/fmriachuelo.it10.com.ar\/index.php\/wp-json\/wp\/v2\/tags?post=8016"}],"curies":[{"name":"wp","href":"https:\/\/api.w.org\/{rel}","templated":true}]}}