{"id":8011,"date":"2018-09-03T19:12:06","date_gmt":"2018-09-03T19:12:06","guid":{"rendered":"http:\/\/fmriachuelo.com.ar\/?p=8011"},"modified":"2018-09-03T19:12:06","modified_gmt":"2018-09-03T19:12:06","slug":"pidieron-perpetua-para-el-asesino-de-nuria-y-natalia","status":"publish","type":"post","link":"http:\/\/fmriachuelo.it10.com.ar\/index.php\/2018\/09\/03\/pidieron-perpetua-para-el-asesino-de-nuria-y-natalia\/","title":{"rendered":"PIDIERON PERPETUA PARA EL ASESINO DE NURIA Y NATALIA"},"content":{"rendered":"<p><strong>[Por el Colestivo de Medios Populares 03\/09\/2018*]\u00a0El pasado jueves 30 de agosto se realiz\u00f3 una nueva audiencia del juicio oral y p\u00fablico contra Mariano Bonetto por el asesinato de Natalia Grebenshikova de 15 a\u00f1os y Nuria Couto de 18, a quienes apu\u00f1al\u00f3 el 11 de octubre de 2016 en el Parque Irala del barrio de La Boca. La audiencia se llev\u00f3 a cabo en la Sala A de los Tribunales de Comodoro Py.\u00a0 Las abogadas\/os de las querellas leyeron los alegatos y pidieron perpetua por doble homicidio agravado por alevos\u00eda.<\/strong><\/p>\n<p>Antes de ingresar a la sala Anna Rodionova, mam\u00e1 de Natalia, habl\u00f3 con los Medios Populares presentes: \u00abHoy comienzan los alegatos, vamos a pedir perpetua por el doble femicidio. Siempre estuvimos convencidos que el asesino estaba consciente de lo que hac\u00eda. Todos los testigos que estuvieron presentes durante el hecho confirman nuestra versi\u00f3n\u00bb, expres\u00f3.<\/p>\n<p>La audiencia comenz\u00f3 a las 11 de la ma\u00f1ana, como viene sucediendo con las audiencias anteriores, a pesar de haber estado programada para las 10. El inicio de la lectura de los alegatos la realizaron los abogados\/as de la familia de Natalia Grebenshikova y luego la querella por parte de los familiares de Nuria Couto. Las declaraciones coinciden en que al momento de cometer los asesinatos, Bonetto ten\u00eda plena capacidad de comprensi\u00f3n y control de su conducta y, adem\u00e1s, que su acci\u00f3n fue premeditada y alevosa, demostrando un total desprecio por la vida. Todo esto apoyado en las pruebas y testigos presenciales del doble femicidio que declararon en el juicio. Ambas partes solicitaron la pena de prisi\u00f3n perpetua para Mariano Bonetto por ser autor del doble homicidio agravado por alevos\u00eda.<\/p>\n<p>Liliana Borysiuk, abogada de la querella que representa a Anna Rodionova, realiz\u00f3 un resumen de la causa: \u201cDesde el 14 de junio hasta hoy estuvieron declarando testigos. Aportamos peritos para que puedan presenciar y dar fe de las pericias que le hicieran a Mariano Bonetto. Las dos querellas tenemos el mismo sentimiento: queremos que la justicia llegue a estas familias que han sufrido durante casi dos a\u00f1os\u201d, exigi\u00f3 la abogada que se mostr\u00f3 confiada en que se logre condenar al asesino. \u201cTenemos muchas esperanzas. El Tribunal ha escuchado todas las voces. Estamos muy seguros de que Mariano Bonetto sab\u00eda, entend\u00eda y fue su m\u00e1s \u00edntimo deseo el de atacar y matar a las dos j\u00f3venes. La acusaci\u00f3n es por homicidio\u201d, expres\u00f3 Borysiuk.<\/p>\n<p>La aclaraci\u00f3n es pertinente porque desde la defensa de Bonetto trata de imponerse la idea de que el asesino presenta alg\u00fan tipo de desorden psiqui\u00e1trico por lo que deber\u00eda consider\u00e1rselo inimputable. Por un lado, la abogada explic\u00f3 que las pericias que se le hicieron a Bonetto fueron muy pr\u00f3ximas al momento de su internaci\u00f3n, ya que los testigos que presenciaron los asesinatos persiguieron y atacaron al agresor y lo lesionaron; por otra parte asegur\u00f3 que los argumentos de las pericias, que tratan de sostener la insania fueron revertidos por las querellas: \u201cA Mariano Bonetto la turba lo hab\u00eda alcanzado despu\u00e9s de herir a Natalia.<\/p>\n<p>Uno de los j\u00f3venes le hab\u00eda clavado en la cabeza el mismo cuchillo que us\u00f3 para atacar a las chicas. Hubo estudios para determinar si las pericias que se le hicieron a Bonetto estuvieron condicionadas por esta herida que recibi\u00f3. Fueron muy pr\u00f3ximas, tres semanas despu\u00e9s de que le haya penetrado ese cuchillo. Con nuestros peritos pudimos revertir algunas situaciones. No todas las personas que tienen tintes m\u00edsticos tienen problemas psiqui\u00e1tricos. Se ha comprobado que \u00e9l ha consumido diferentes tipos de drogas. Podr\u00eda tener alucinaciones producidas por el mismo consumo. Cuando estuvo internado en el hospital present\u00f3 s\u00edndrome de abstinencia. \u00c9l s\u00ed supo, s\u00ed entendi\u00f3 y fue su deseo. \u00c9l expres\u00f3 que es la v\u00edctima de su propia mentira y que su profundo ser ten\u00eda el deseo de realizar ese acto\u201d, sostuvo Borysiuk.<\/p>\n<p>Si bien existe la posibilidad de que lo declaren inimputable, lo que no est\u00e1 en discusi\u00f3n es que Bonetto no puede ser considerado inocente: \u201cSi lo declaran inimputable, \u00e9l quedar\u00eda internado bajo la tutela de un juez civil. Estar\u00eda en condiciones de ser evaluado por los m\u00e9dicos y no estar\u00eda bajo la \u00f3rbita penal. No podr\u00edan darle la categor\u00eda de inocente porque el hecho se ha comprobado. Se est\u00e1 juzgando si \u00e9l supo o no supo al momento del hecho lo que estaba haciendo. La inocencia se descarta desde ya. Entendemos que esta persona es civilmente responsable del delito que cometi\u00f3. Estamos tratando de mostrar que la persona sab\u00eda lo que estaba haciendo\u201d, insisti\u00f3 la abogada que tambi\u00e9n explic\u00f3 que es dif\u00edcil que los asesinatos puedan ser considerados como femicidios: \u201cEl c\u00f3digo penal prev\u00e9 una relaci\u00f3n mucho m\u00e1s estrecha con las v\u00edctimas y un ensa\u00f1amiento con las v\u00edctimas de sexo femenino. Como el femicidio tiene una pena muy alta se exige que se demuestre con mucha claridad y transparencia la relaci\u00f3n de odio con el sexo femenino\u201d, cerr\u00f3 Liliana Borysiuk.<\/p>\n<p>La pr\u00f3xima audiencia ser\u00e1 el pr\u00f3ximo jueves 6 de septiembre a las 10 de la ma\u00f1ana donde suceder\u00e1n los alegatos de la Fiscal\u00eda y la defensa del asesino.<\/p>\n<p><strong>* Radio Gr\u00e1fica, FM Riachuelo, La Retaguardia, Sur Capitalino, FM La Caterva, Agencia Paco Urondo.<\/strong><\/p>\n","protected":false},"excerpt":{"rendered":"<p>[Por el Colestivo de Medios Populares 03\/09\/2018*]\u00a0El pasado jueves 30 de agosto se realiz\u00f3 una nueva audiencia del juicio oral y p\u00fablico contra Mariano Bonetto por el asesinato de Natalia Grebenshikova de 15 a\u00f1os y Nuria Couto de 18, a quienes apu\u00f1al\u00f3 el 11 de octubre de 2016 en el Parque Irala del barrio de [&hellip;]<\/p>\n","protected":false},"author":5,"featured_media":8026,"comment_status":"open","ping_status":"open","sticky":false,"template":"","format":"standard","meta":{"_monsterinsights_skip_tracking":false,"_monsterinsights_sitenote_active":false,"_monsterinsights_sitenote_note":"","_monsterinsights_sitenote_category":0,"jnews-multi-image_gallery":[],"jnews_single_post":[],"jnews_primary_category":[],"_joinchat":[],"footnotes":""},"categories":[78,79,76],"tags":[],"class_list":["post-8011","post","type-post","status-publish","format-standard","has-post-thumbnail","hentry","category-economia-popular","category-nadie-se-salva-solo","category-salud-comunitaria"],"_links":{"self":[{"href":"http:\/\/fmriachuelo.it10.com.ar\/index.php\/wp-json\/wp\/v2\/posts\/8011","targetHints":{"allow":["GET"]}}],"collection":[{"href":"http:\/\/fmriachuelo.it10.com.ar\/index.php\/wp-json\/wp\/v2\/posts"}],"about":[{"href":"http:\/\/fmriachuelo.it10.com.ar\/index.php\/wp-json\/wp\/v2\/types\/post"}],"author":[{"embeddable":true,"href":"http:\/\/fmriachuelo.it10.com.ar\/index.php\/wp-json\/wp\/v2\/users\/5"}],"replies":[{"embeddable":true,"href":"http:\/\/fmriachuelo.it10.com.ar\/index.php\/wp-json\/wp\/v2\/comments?post=8011"}],"version-history":[{"count":0,"href":"http:\/\/fmriachuelo.it10.com.ar\/index.php\/wp-json\/wp\/v2\/posts\/8011\/revisions"}],"wp:featuredmedia":[{"embeddable":true,"href":"http:\/\/fmriachuelo.it10.com.ar\/index.php\/wp-json\/wp\/v2\/media\/8026"}],"wp:attachment":[{"href":"http:\/\/fmriachuelo.it10.com.ar\/index.php\/wp-json\/wp\/v2\/media?parent=8011"}],"wp:term":[{"taxonomy":"category","embeddable":true,"href":"http:\/\/fmriachuelo.it10.com.ar\/index.php\/wp-json\/wp\/v2\/categories?post=8011"},{"taxonomy":"post_tag","embeddable":true,"href":"http:\/\/fmriachuelo.it10.com.ar\/index.php\/wp-json\/wp\/v2\/tags?post=8011"}],"curies":[{"name":"wp","href":"https:\/\/api.w.org\/{rel}","templated":true}]}}