{"id":8000,"date":"2018-08-30T16:34:34","date_gmt":"2018-08-30T16:34:34","guid":{"rendered":"http:\/\/fmriachuelo.com.ar\/?p=8000"},"modified":"2018-08-30T16:34:34","modified_gmt":"2018-08-30T16:34:34","slug":"seguiremos-en-la-calle-seguiremos-luchando-no-solo-por-la-necesidad-urgente-sino-por-construir-otra-sociedad","status":"publish","type":"post","link":"http:\/\/fmriachuelo.it10.com.ar\/index.php\/2018\/08\/30\/seguiremos-en-la-calle-seguiremos-luchando-no-solo-por-la-necesidad-urgente-sino-por-construir-otra-sociedad\/","title":{"rendered":"\u00abSEGUIREMOS EN LA CALLE SEGUIREMOS LUCHANDO NO SOLO POR LAS NECESIDADES URGENTES, SINO POR CONSTRUIR OTRA SOCIEDAD\u00bb"},"content":{"rendered":"<p><strong>\u00a0<b>[FM Riachuelo 30\/08\/2018]<\/b>\u00a0En medio de una profundizaci\u00f3n de la crisis actual, el mi\u00e9rcoles \u00a029 de agosto se reunieron en un plenario los Secretarios Generales de la Confederaci\u00f3n General de Trabajadores, en donde se elaboro un documento con \u00a0el diagnostico de este conflicto econ\u00f3mico generalizado y se anunci\u00f3 un paro general para el 25 de Septiembre.<\/strong><\/p>\n<p><strong>En el marco de esta nueva convocatoria a un paro conversamos con Lito Borello, Secretario de Derechos Humanos de la Confederaci\u00f3n de Trabajadores de la Econom\u00eda Popular y referente de la Organizaci\u00f3n Social y Pol\u00edtica Los Pibes.<\/strong><\/p>\n<p><strong>Fm Riachuelo:<\/strong> \u00bfC\u00f3mo eval\u00faan estas definiciones desde las organizaciones sociales y de la econom\u00eda popular?<\/p>\n<p><strong>Lito Borello<\/strong>: El momento amerita, no poner matices y\u00a0 diferencias entre las miradas de los distintos sectores del movimiento popular, y en ese sentido hay que valorar la convocatoria de la CGT, para el 25 y confluir para una sinergia de la lucha y de \u00a0la resistencia de los sectores populares en un mismo d\u00eda. Seguramente en estos d\u00edas va a haber una adhesi\u00f3n de los distintos sectores, aunque habr\u00e1 distintas maneras de llevarlos a la pr\u00e1ctica. Pero creo que es bueno poner en valor que de alguna manera van confluyendo las distintas expresiones de lucha y que esta es la mejor manera de ir generando consensos y unidad en la lucha y en la calle.<\/p>\n<p><strong>Fm Riachuelo<\/strong>: llama la atenci\u00f3n en el documento una actitud de propuesta de soluciones a la situaci\u00f3n y una convocatoria a otros sectores, del movimiento popular.<\/p>\n<p>&#8211; \u00bfHay posibilidades de construir una alternativa desde, los movimiento populares? \u00bfDe qu\u00e9 elementos depende?<\/p>\n<p><strong>LB: <\/strong>Esta claro que los sectores populares, no solo pretenden reivindicaciones puntuales de cada uno de los sectores, cada vez m\u00e1s el cuestionamiento es a esta pol\u00edtica a estas medidas que est\u00e1 llevando adelante el \u00a0gobierno y \u00a0a este modelo de pa\u00eds \u00a0que nos plantea el gobierno de Mauricio Macri, expresi\u00f3n de los sectores poderosos, por lo tanto es l\u00f3gico y es saludable que se profundice la lucha de los sectores populares y se marche a presentar un modelo alternativo de gobierno, de pa\u00eds, y tambi\u00e9n un sistema que no ponga \u00a0\u201cal hombre como lobo del hombre\u201d.<\/p>\n<p><strong>Fm Riachuelo<\/strong>: ya hay planteos desde varios sectores de medidas de lucha activas.\u00a0-\u00bfC\u00f3mo consideras que hay qu\u00e9 participar de la medida del 25?<\/p>\n<p>LB: Las organizaciones y los movimientos populares adoptaremos formas y medidas que tienen que ver con nuestras propias caracter\u00edsticas. Est\u00e1 claro que\u00a0 los que trabajan y tienen empleo, y desarrollan su actividad en un lugar concreto, el paro es una forma tradicional y l\u00f3gica de un paro nacional. \u00a0Pero tambi\u00e9n est\u00e1 bien que los distintos sectores populares encontremos la manera para que el 25 de septiembre todo el mundo este en la calle, cada uno pueda expresar su disgusto contra esta pol\u00edtica y que tambi\u00e9n la lucha y la resistencia vaya siendo un elemento que una los conflictos, convergiendo todos en un mismo punto, y creando la condici\u00f3n y capacidad de fuerza necesaria para resistir y para construir \u00a0tambi\u00e9n una alternativa a este planteo que nos hace el gobierno de Mauricio Macri.<\/p>\n<p><strong>Fm Riachuelo<\/strong>: Lito, para concluir que reflexi\u00f3n haces sobre el rol de los \u00a0movimientos populares en este contexto.<\/p>\n<p><strong>Lito Borello<\/strong>: En el mundo el capitalismo, sigue ofreciendo a los pueblos\u00a0 solamente salidas de hambre, miseria, guerras y muerte. Est\u00e1 expresado en m\u00e1s de una oportunidad que los movimientos populares, la CTEP en particular que los distintos sectores del pueblo \u00a0tenemos \u00a0derecho a construir otro mundo posible. Seguiremos en la calle, seguiremos luchando no solo por la necesidad urgente, sino por construir otra sociedad donde <em>\u201cEl hombre no sea el lobo del hombre\u201d<\/em>. \u00a0No debemos dejar que quienes adoran al dios dinero, sean los \u00fanicos que determinen nuestro futuro.<\/p>\n","protected":false},"excerpt":{"rendered":"<p>\u00a0[FM Riachuelo 30\/08\/2018]\u00a0En medio de una profundizaci\u00f3n de la crisis actual, el mi\u00e9rcoles \u00a029 de agosto se reunieron en un plenario los Secretarios Generales de la Confederaci\u00f3n General de Trabajadores, en donde se elaboro un documento con \u00a0el diagnostico de este conflicto econ\u00f3mico generalizado y se anunci\u00f3 un paro general para el 25 de Septiembre. [&hellip;]<\/p>\n","protected":false},"author":5,"featured_media":7774,"comment_status":"open","ping_status":"open","sticky":false,"template":"","format":"standard","meta":{"_monsterinsights_skip_tracking":false,"_monsterinsights_sitenote_active":false,"_monsterinsights_sitenote_note":"","_monsterinsights_sitenote_category":0,"jnews-multi-image_gallery":[],"jnews_single_post":[],"jnews_primary_category":[],"_joinchat":[],"footnotes":""},"categories":[78,76,75],"tags":[],"class_list":["post-8000","post","type-post","status-publish","format-standard","has-post-thumbnail","hentry","category-economia-popular","category-salud-comunitaria","category-trabajo"],"_links":{"self":[{"href":"http:\/\/fmriachuelo.it10.com.ar\/index.php\/wp-json\/wp\/v2\/posts\/8000","targetHints":{"allow":["GET"]}}],"collection":[{"href":"http:\/\/fmriachuelo.it10.com.ar\/index.php\/wp-json\/wp\/v2\/posts"}],"about":[{"href":"http:\/\/fmriachuelo.it10.com.ar\/index.php\/wp-json\/wp\/v2\/types\/post"}],"author":[{"embeddable":true,"href":"http:\/\/fmriachuelo.it10.com.ar\/index.php\/wp-json\/wp\/v2\/users\/5"}],"replies":[{"embeddable":true,"href":"http:\/\/fmriachuelo.it10.com.ar\/index.php\/wp-json\/wp\/v2\/comments?post=8000"}],"version-history":[{"count":0,"href":"http:\/\/fmriachuelo.it10.com.ar\/index.php\/wp-json\/wp\/v2\/posts\/8000\/revisions"}],"wp:featuredmedia":[{"embeddable":true,"href":"http:\/\/fmriachuelo.it10.com.ar\/index.php\/wp-json\/wp\/v2\/media\/7774"}],"wp:attachment":[{"href":"http:\/\/fmriachuelo.it10.com.ar\/index.php\/wp-json\/wp\/v2\/media?parent=8000"}],"wp:term":[{"taxonomy":"category","embeddable":true,"href":"http:\/\/fmriachuelo.it10.com.ar\/index.php\/wp-json\/wp\/v2\/categories?post=8000"},{"taxonomy":"post_tag","embeddable":true,"href":"http:\/\/fmriachuelo.it10.com.ar\/index.php\/wp-json\/wp\/v2\/tags?post=8000"}],"curies":[{"name":"wp","href":"https:\/\/api.w.org\/{rel}","templated":true}]}}