{"id":800,"date":"2015-01-14T01:25:00","date_gmt":"2015-01-14T01:25:00","guid":{"rendered":"http:\/\/fmriachuelo.observatorioess.org.ar\/index.php\/2015\/01\/14\/colombia-y-el-proceso-para-la-paz\/"},"modified":"2025-03-25T15:13:09","modified_gmt":"2025-03-25T18:13:09","slug":"colombia-y-el-proceso-para-la-paz","status":"publish","type":"post","link":"http:\/\/fmriachuelo.it10.com.ar\/index.php\/2015\/01\/14\/colombia-y-el-proceso-para-la-paz\/","title":{"rendered":"COLOMBIA Y EL PROCESO PARA LA PAZ"},"content":{"rendered":"<p><span style=\"color: red;font-family: Verdana, sans-serif;font-size: large\"><strong>TENSIONES PARA LA PAZ<\/strong><\/span><\/p>\n<div style=\"clear: both;text-align: center\"><a href=\"http:\/\/4.bp.blogspot.com\/-2Sim_Ukc6Rw\/VLXDrwzrPvI\/AAAAAAAACU8\/vy_teiGbub8\/s1600\/Montajes%2Bdel%2Bejercito%2Ben%2BCaloto.jpg\" style=\"clear: left;float: left;margin-bottom: 1em;margin-right: 1em\"><img loading=\"lazy\" decoding=\"async\" border=\"0\" src=\"http:\/\/4.bp.blogspot.com\/-2Sim_Ukc6Rw\/VLXDrwzrPvI\/AAAAAAAACU8\/vy_teiGbub8\/s1600\/Montajes%2Bdel%2Bejercito%2Ben%2BCaloto.jpg\" height=\"232\" width=\"320\" \/><\/a><\/div>\n<p><strong><span style=\"font-family: Verdana\">DELEGACI\u00d3N DE PAZ DE LAS FARC-EP<\/span>&nbsp;<span style=\"font-family: Verdana, sans-serif\">&nbsp;<\/span><span style=\"font-size: small\"> <\/span><\/strong><br \/><span style=\"font-family: Verdana, sans-serif\"><strong>Bolet\u00edn de prensa N\u00b015<\/strong><\/span><br \/><span style=\"font-family: Verdana, sans-serif\"><strong>[La Habana, Cuba, sede de los di\u00e1logos de paz, enero 11 de 2015]<\/strong><\/span><br \/><span style=\"font-family: Verdana\">CONTINUO ASEDIO MILITAR CONTRA LA TREGUA UNILATERAL DE LAS FARC.\u00bfSANTOS&nbsp;BUSCA ROMPER EL&nbsp;PROCESO DE PAZ?<span style=\"font-family: Times New Roman\">&nbsp;&nbsp;<\/span><\/span><br \/><span style=\"font-family: Verdana\">&nbsp;<\/span><br \/><span style=\"font-family: Verdana, sans-serif\">El asedio militar contra las unidades guerrilleras en tregua se intensifica en los Llanos Orientales y en el Cauca. \u00bfEs acaso decisi\u00f3n del Gobierno mantener una confrontaci\u00f3n que siga generando m\u00e1s v\u00edctimas y m\u00e1s dolores de guerra? Si en verdad el gobierno desea llegar a la firma de un Acuerdo Final, sus hechos deben ser consecuentes con el discurso de paz. Las mayor\u00edas, lo reclaman, y se agota la paciencia.<\/span><a name='more'><\/a><span style=\"font-family: Verdana, sans-serif\"><br \/> El 24 de diciembre, a las 16:50 horas, 4 aviones de la Fuerza A\u00e9rea bombardearon el \u00e1rea de El Trapiche, a orillas de Ca\u00f1o Siare, en el departamento del Guaviare.<\/p>\n<p> El 1 de enero, a las 20:30 horas, el avi\u00f3n fantasma del ej\u00e9rcito ametrall\u00f3 El Trapiche por espacio de 30 minutos.<\/p>\n<p> El 4 de enero, a las 02:00 horas, se produjo desembarco de ej\u00e9rcito y polic\u00eda en Salto Gloria, en \u00e1rea del primer Frente de las FARC.<\/p>\n<p> El 5, a las 02:50 horas, ej\u00e9rcito bombarde\u00f3, rafague\u00f3 y desembarc\u00f3 tropas en proximidades de unidades de orden p\u00fablico de las FARC. En la acci\u00f3n result\u00f3 herido un guerrillero.<\/p>\n<p> En el Cauca, hace 8 d\u00edas, se inici\u00f3 la operaci\u00f3n Espartaco contra estructuras de la columna Jacobo Arenas de las FARC. Participan un batall\u00f3n y tres compa\u00f1\u00edas, entre las que se destacan la Cobra y la B\u00e1ltico.<\/p>\n<p> Esperamos que el Frente Amplio por la Paz, haga veedur\u00eda y se pronuncie sobre estos hechos que amenazan cada d\u00eda, la sostenibilidad del cese unilateral de fuegos.<\/span><span style=\"color: blue;font-family: Verdana\">Fuente: ANNCOL (Agencia de Noticias Nueva Colombia) Producci\u00f3n Riachuelo<\/span><\/p>\n<div style=\"clear: both;text-align: center\"><a href=\"http:\/\/2.bp.blogspot.com\/-fffjiX2gEYs\/VLXFgDqSilI\/AAAAAAAACVE\/M_LeiAjz3mc\/s1600\/COOP%2BRIACHIUELO%2BPRODUCCIONES.jpg\" style=\"clear: left;float: left;margin-bottom: 1em;margin-right: 1em\"><img loading=\"lazy\" decoding=\"async\" border=\"0\" src=\"http:\/\/2.bp.blogspot.com\/-fffjiX2gEYs\/VLXFgDqSilI\/AAAAAAAACVE\/M_LeiAjz3mc\/s1600\/COOP%2BRIACHIUELO%2BPRODUCCIONES.jpg\" height=\"58\" width=\"200\" \/><\/a><\/div>\n<p><span style=\"color: blue;font-family: Verdana\"><\/span><\/p>\n","protected":false},"excerpt":{"rendered":"<p>TENSIONES PARA LA PAZ DELEGACI\u00d3N DE PAZ DE LAS FARC-EP&nbsp;&nbsp; Bolet\u00edn de prensa N\u00b015[La Habana, Cuba, sede de los di\u00e1logos de paz, enero 11 de 2015]CONTINUO ASEDIO MILITAR CONTRA LA TREGUA UNILATERAL DE LAS FARC.\u00bfSANTOS&nbsp;BUSCA ROMPER EL&nbsp;PROCESO DE PAZ?&nbsp;&nbsp;&nbsp;El asedio militar contra las unidades guerrilleras en tregua se intensifica en los Llanos Orientales y en [&hellip;]<\/p>\n","protected":false},"author":4,"featured_media":0,"comment_status":"open","ping_status":"open","sticky":false,"template":"","format":"standard","meta":{"_monsterinsights_skip_tracking":false,"_monsterinsights_sitenote_active":false,"_monsterinsights_sitenote_note":"","_monsterinsights_sitenote_category":0,"jnews-multi-image_gallery":[],"jnews_single_post":{"format":"standard"},"jnews_primary_category":[],"_joinchat":[],"footnotes":""},"categories":[58],"tags":[70],"class_list":["post-800","post","type-post","status-publish","format-standard","hentry","category-noticiariachuelo","tag-de-la-patria-grande"],"_links":{"self":[{"href":"http:\/\/fmriachuelo.it10.com.ar\/index.php\/wp-json\/wp\/v2\/posts\/800","targetHints":{"allow":["GET"]}}],"collection":[{"href":"http:\/\/fmriachuelo.it10.com.ar\/index.php\/wp-json\/wp\/v2\/posts"}],"about":[{"href":"http:\/\/fmriachuelo.it10.com.ar\/index.php\/wp-json\/wp\/v2\/types\/post"}],"author":[{"embeddable":true,"href":"http:\/\/fmriachuelo.it10.com.ar\/index.php\/wp-json\/wp\/v2\/users\/4"}],"replies":[{"embeddable":true,"href":"http:\/\/fmriachuelo.it10.com.ar\/index.php\/wp-json\/wp\/v2\/comments?post=800"}],"version-history":[{"count":1,"href":"http:\/\/fmriachuelo.it10.com.ar\/index.php\/wp-json\/wp\/v2\/posts\/800\/revisions"}],"predecessor-version":[{"id":22263,"href":"http:\/\/fmriachuelo.it10.com.ar\/index.php\/wp-json\/wp\/v2\/posts\/800\/revisions\/22263"}],"wp:attachment":[{"href":"http:\/\/fmriachuelo.it10.com.ar\/index.php\/wp-json\/wp\/v2\/media?parent=800"}],"wp:term":[{"taxonomy":"category","embeddable":true,"href":"http:\/\/fmriachuelo.it10.com.ar\/index.php\/wp-json\/wp\/v2\/categories?post=800"},{"taxonomy":"post_tag","embeddable":true,"href":"http:\/\/fmriachuelo.it10.com.ar\/index.php\/wp-json\/wp\/v2\/tags?post=800"}],"curies":[{"name":"wp","href":"https:\/\/api.w.org\/{rel}","templated":true}]}}