{"id":7992,"date":"2018-08-28T17:42:28","date_gmt":"2018-08-28T17:42:28","guid":{"rendered":"http:\/\/fmriachuelo.com.ar\/?p=7992"},"modified":"2018-08-28T17:42:28","modified_gmt":"2018-08-28T17:42:28","slug":"la-marcha-de-los-abrazos","status":"publish","type":"post","link":"http:\/\/fmriachuelo.it10.com.ar\/index.php\/2018\/08\/28\/la-marcha-de-los-abrazos\/","title":{"rendered":"LA MARCHA DE LOS ABRAZOS"},"content":{"rendered":"<p><strong>[*Por Colectivo de Medios Populares* 28\/08\/2018] Ayer se realiz\u00f3 la 4\u00b0 Marcha Nacional contra el gatillo f\u00e1cil. Compartimos una cr\u00f3nica de la m\u00e1s numerosa, que camin\u00f3 desde Congreso hasta la Plaza de Mayo. La convocatoria tambi\u00e9n se extendi\u00f3 a Bariloche, C\u00f3rdoba, Chubut, Mar del\u00a0\u00a0Plata, Mendoza, Misiones, Rosario, San Juan, Santiago del Estero, Tucum\u00e1n y General Roca.\u00a0\u00abEsta cofrad\u00eda se ha unido en la b\u00fasqueda de justicia, intentando que no haya ni un pibe ni una piba menos a manos de las fuerzas represivas\u00bb.<\/strong><\/p>\n<p><img loading=\"lazy\" decoding=\"async\" class=\"alignnone size-full wp-image-7994\" src=\"http:\/\/fmriachuelo.com.ar\/wp-content\/uploads\/2018\/08\/IMG-20180828-WA0026.jpg\" alt=\"\" width=\"960\" height=\"643\" srcset=\"http:\/\/fmriachuelo.it10.com.ar\/wp-content\/uploads\/2018\/08\/IMG-20180828-WA0026.jpg 960w, http:\/\/fmriachuelo.it10.com.ar\/wp-content\/uploads\/2018\/08\/IMG-20180828-WA0026-300x201.jpg 300w, http:\/\/fmriachuelo.it10.com.ar\/wp-content\/uploads\/2018\/08\/IMG-20180828-WA0026-768x514.jpg 768w, http:\/\/fmriachuelo.it10.com.ar\/wp-content\/uploads\/2018\/08\/IMG-20180828-WA0026-750x502.jpg 750w\" sizes=\"auto, (max-width: 960px) 100vw, 960px\" \/><\/p>\n<p>El sol entibia este invierno atroz. Son las 16 y el Congreso es testigo de una nueva marcha que nacer\u00e1 hacia la Plaza de Mayo. Pero no ser\u00e1 una marcha m\u00e1s. Ver la cabecera ya denota varias particularidades, dif\u00edciles de ver en otras situaciones similares. La primera l\u00ednea es bien ancha. Va de vereda a vereda. Es horizontal. Nadie se aprieta contra la otra para que no la dejen atr\u00e1s. Todo lo contrario; hay alguien, siempre, que abraza a la de al lado y la coloca a la par. Eso hace Roxana Cainzos, la mam\u00e1 de Nehuen Rodr\u00edguez, con Ivonne, la madre de Juan Pablo Kukoc, el joven al que mat\u00f3 el nuevo h\u00e9roe de la mano dura: el polic\u00eda Luis Oscar Chocobar, que volvi\u00f3 a sus funciones la semana pasada. Ivonne apenas habla. Est\u00e1 viviendo su primera vez con otras mam\u00e1s desesperadas, tristes y alegres a la vez.<\/p>\n<p>Son todas mujeres, apenas interrumpidas por alg\u00fan pap\u00e1. No es que no haya padres en la marcha, solo que est\u00e1n en otro lugar. La primera l\u00ednea es de ellas, porque son las que nos trajeron hasta ac\u00e1. Las que alzaron sus voces. Van a encender sus gargantas. Van a reventar el cuello a grito puro. Llorar\u00e1n y sonreir\u00e1n al mismo tiempo, formando en sus rostros un arco\u00edris donde convivan los colores m\u00e1s grises y los m\u00e1s esperanzadores.<\/p>\n<p>Vienen trabajando para que esta marcha sea posible desde hace mucho. Varios meses les llev\u00f3 poder organizar a pulm\u00f3n todos los imponderables que hay que pensar antes de lanzarse a la calle. Saben que es un lugar de encuentro, donde tantas otras madres y familiares podr\u00e1n contar por primera vez su caso. Esa fuerza de la unidad las moviliza para semana tras semana juntarse, armar una rifa, contactar a medios, a organizaciones, a quienes puedan darles una mano. Saben que lo principal es que son ellas las que van a bancar la parada, las que ir\u00e1n al frente sin que nadie pueda arrogarse un lugar de privilegio en esta lucha.<\/p>\n<p>No lo hacen movidas por el ego o el reconocimiento, sino por un sentimiento m\u00e1s profundo y duradero, que las arras\u00f3 desde el d\u00eda en que supieron del asesinato de sus hijas y sus hijos: el dolor. Ese llanto compartido, que las hermana, tanto en las casas como en las marchas, como en este escenario instalado frente a una Casa Rosada enrejada y lejana. \u201cYo pens\u00e9 que era la \u00fanica que sufr\u00eda esto, y hoy me enter\u00e9 de tantas que pasan por lo mismo\u201d, dir\u00e1 una madre abatida, pero fortalecida al mismo tiempo por estas hermanas de lucha que le han nacido. \u201cNo sab\u00eda que eran tantos, voy a luchar por mi hermano y por todos\u201d se escuchar\u00e1 de la boca de un hermano que reci\u00e9n llega a este camino y que ya se siente parte de una perdida que se vuelve colectiva.<\/p>\n<p>\u201cSiento el dolor, como el del parto con que lo traje al mundo\u201d dir\u00e1 otra madre ya moldeada por la lucha, que ser\u00e1 sost\u00e9n en el escenario para otras que por primera vez han venido. Esos cuerpos se mezclan, abrazan, besan, palmean, gestos de un amor fraterno que invade esta marcha, tan distinta a todas las que hayamos transitado. Aqu\u00ed no hay jetones ni discursos moldeados, ni separaci\u00f3n partidaria ni gritos que tapen voces. Esta cofrad\u00eda se ha unido en la b\u00fasqueda de justicia, intentando que no haya ni un pibe ni una piba menos a manos de las fuerzas represivas. S\u00ed hay algunas que se han puesto la movida a los hombros; y otras, como M\u00f3nica Alegre, la mam\u00e1 de Luciano Arrruga, que ocupan un lugar de cierta antig\u00fcedad en la referencia que no les impide agradecer a quienes cumplieron el rol de organizarse y luchar para que otras madres no pasen por este infierno que el Estado les ha impuesto. Igual que aquellas otras Madres que durante la \u00faltima dictadura c\u00edvico-militar-eclesi\u00e1stica salieron a la Plaza a denunciar el genocidio. Nora Corti\u00f1as se har\u00e1 presente y unir\u00e1 en un solo grito a las\/os 30000 con las\/os m\u00e1s de 5000 que han muerto merced al \u201cgatillo f\u00e1cil\u201d desde la recuperaci\u00f3n de una democracia que no deja de ser cruel e insuficiente. Junto al grito final tres veces repetido de \u201c\u00a1Venceremos!\u201d, que no hace m\u00e1s que rejuvenecer a la mujer de pa\u00f1uelo blanco que viene en silla de ruedas directo del Hospital Posadas, donde fue a atenderse pero a la vez a solidarizarse con los\/las trabajadoras, a seguir luchando. Su ejemplo se engrandece tanto, como para llenar de fuego el alma de estas madres y familiares que hoy piden por las v\u00edctimas de este genocidio silencioso y extraoficial. Por eso Emilia Vasallo no duda en bajarse del escenario para alcanzarle el micr\u00f3fono, para abrazarla, quiz\u00e1 para preguntarle c\u00f3mo se hace para ser como ella, y a la vez sobrevivir a la ausencia de un hijo. Siempre arranca sonrisas Norita. Siempre.<\/p>\n<p>De Isabel, la madre de los Jones Huala, a Alberto, el padre de Dar\u00edo Santill\u00e1n, de la madre de Sebasti\u00e1n Bord\u00f3n, al hermano del \u201cBocha\u201d Rego, las historias se entrecruzan en este escenario popular, logrado a pulm\u00f3n, sostenido por la militancia, con plena y orgullosa autogesti\u00f3n, como bien aclar\u00f3 alguna madre a su turno. No queda familiar sin pasar, sin hacer escuchar su voz, sin compartir su historia. Van a hablar todas las que se animen. Y alguna que no, pero que ser\u00e1 animada oportunamente. Ser\u00e1 quiz\u00e1s la primera o la vig\u00e9sima vez que nombre a quien las fuerzas represivas han asesinado. Sabe que esta vez es diferente, que este espacio lo han conquistado ellas y ellos, que nadie les regal\u00f3 nada y que deben estar m\u00e1s unidas\/os que nunca. Que su voz quiz\u00e1s le sirva a esa madre que a\u00fan no habla, a la que le cuesta no romper en llanto, para aprender juntas c\u00f3mo se transita este camino.<\/p>\n<p><img loading=\"lazy\" decoding=\"async\" class=\"alignnone size-full wp-image-7996\" src=\"http:\/\/fmriachuelo.com.ar\/wp-content\/uploads\/2018\/08\/IMG-20180828-WA0016.jpg\" alt=\"\" width=\"1280\" height=\"854\" srcset=\"http:\/\/fmriachuelo.it10.com.ar\/wp-content\/uploads\/2018\/08\/IMG-20180828-WA0016.jpg 1280w, http:\/\/fmriachuelo.it10.com.ar\/wp-content\/uploads\/2018\/08\/IMG-20180828-WA0016-300x200.jpg 300w, http:\/\/fmriachuelo.it10.com.ar\/wp-content\/uploads\/2018\/08\/IMG-20180828-WA0016-1024x683.jpg 1024w, http:\/\/fmriachuelo.it10.com.ar\/wp-content\/uploads\/2018\/08\/IMG-20180828-WA0016-768x512.jpg 768w, http:\/\/fmriachuelo.it10.com.ar\/wp-content\/uploads\/2018\/08\/IMG-20180828-WA0016-750x500.jpg 750w, http:\/\/fmriachuelo.it10.com.ar\/wp-content\/uploads\/2018\/08\/IMG-20180828-WA0016-1140x761.jpg 1140w\" sizes=\"auto, (max-width: 1280px) 100vw, 1280px\" \/><\/p>\n<p>Esta noche volver\u00e1n a sus casas, felices por la batalla ganada, por esa trompada que le han asestado hoy al Estado. En esa unidad encuentran la fuerza para sobrellevar el vac\u00edo que les han impuesto y que nadie podr\u00e1 ocultar. Son tantas y tantos los que faltan. Esas pibas y esos pibes est\u00e1n presentes. Las balas que los mataron no consiguieron extinguir la memoria colectiva.<\/p>\n<p>Pasadas las 21 leer\u00e1n un documento. No lo har\u00e1 una, sino muchas pas\u00e1ndose el micr\u00f3fono de mano en mano. All\u00ed dir\u00e1n algo m\u00e1s que cada historia particular. Unir\u00e1n los pedazos de cristales en los que estallaron sus corazones cada vez y los cargar\u00e1n de sentido pol\u00edtico. Gritar\u00e1n por mil\u00e9sima vez que el Estado es responsable. Se sentir\u00e1n m\u00e1s fuertes, quiz\u00e1s invencibles, y volver\u00e1n a sus hogares para reencontrarse con la ausencia. Mientras tanto, en el viaje, seguir\u00e1n pellizc\u00e1ndose unas a otras para comprobar que cuando est\u00e1n juntas, la pesadilla no se va, pero se hace m\u00e1s soportable. Todos los pibes y las pibas asesinados por el Estado. Presentes. Ahora y siempre.<\/p>\n<p><strong>*Radio Gr\u00e1fica, FM Riachuelo, La Retaguardia, Sur Capitalino, FM La Caterva, Agencia Paco Urondo.<\/strong><\/p>\n<p><a href=\"https:\/\/www.facebook.com\/pg\/fmriachuelo\/photos\/?tab=album&amp;album_id=1902233483165191\"><strong>VER FOTOGALER\u00cdA<\/strong><\/a><\/p>\n","protected":false},"excerpt":{"rendered":"<p>[*Por Colectivo de Medios Populares* 28\/08\/2018] Ayer se realiz\u00f3 la 4\u00b0 Marcha Nacional contra el gatillo f\u00e1cil. Compartimos una cr\u00f3nica de la m\u00e1s numerosa, que camin\u00f3 desde Congreso hasta la Plaza de Mayo. La convocatoria tambi\u00e9n se extendi\u00f3 a Bariloche, C\u00f3rdoba, Chubut, Mar del\u00a0\u00a0Plata, Mendoza, Misiones, Rosario, San Juan, Santiago del Estero, Tucum\u00e1n y General [&hellip;]<\/p>\n","protected":false},"author":5,"featured_media":7993,"comment_status":"open","ping_status":"open","sticky":false,"template":"","format":"standard","meta":{"_monsterinsights_skip_tracking":false,"_monsterinsights_sitenote_active":false,"_monsterinsights_sitenote_note":"","_monsterinsights_sitenote_category":0,"jnews-multi-image_gallery":[],"jnews_single_post":[],"jnews_primary_category":[],"_joinchat":[],"footnotes":""},"categories":[78,79,76],"tags":[],"class_list":["post-7992","post","type-post","status-publish","format-standard","has-post-thumbnail","hentry","category-economia-popular","category-nadie-se-salva-solo","category-salud-comunitaria"],"_links":{"self":[{"href":"http:\/\/fmriachuelo.it10.com.ar\/index.php\/wp-json\/wp\/v2\/posts\/7992","targetHints":{"allow":["GET"]}}],"collection":[{"href":"http:\/\/fmriachuelo.it10.com.ar\/index.php\/wp-json\/wp\/v2\/posts"}],"about":[{"href":"http:\/\/fmriachuelo.it10.com.ar\/index.php\/wp-json\/wp\/v2\/types\/post"}],"author":[{"embeddable":true,"href":"http:\/\/fmriachuelo.it10.com.ar\/index.php\/wp-json\/wp\/v2\/users\/5"}],"replies":[{"embeddable":true,"href":"http:\/\/fmriachuelo.it10.com.ar\/index.php\/wp-json\/wp\/v2\/comments?post=7992"}],"version-history":[{"count":0,"href":"http:\/\/fmriachuelo.it10.com.ar\/index.php\/wp-json\/wp\/v2\/posts\/7992\/revisions"}],"wp:featuredmedia":[{"embeddable":true,"href":"http:\/\/fmriachuelo.it10.com.ar\/index.php\/wp-json\/wp\/v2\/media\/7993"}],"wp:attachment":[{"href":"http:\/\/fmriachuelo.it10.com.ar\/index.php\/wp-json\/wp\/v2\/media?parent=7992"}],"wp:term":[{"taxonomy":"category","embeddable":true,"href":"http:\/\/fmriachuelo.it10.com.ar\/index.php\/wp-json\/wp\/v2\/categories?post=7992"},{"taxonomy":"post_tag","embeddable":true,"href":"http:\/\/fmriachuelo.it10.com.ar\/index.php\/wp-json\/wp\/v2\/tags?post=7992"}],"curies":[{"name":"wp","href":"https:\/\/api.w.org\/{rel}","templated":true}]}}