{"id":799,"date":"2015-01-14T12:10:00","date_gmt":"2015-01-14T12:10:00","guid":{"rendered":"http:\/\/fmriachuelo.observatorioess.org.ar\/index.php\/2015\/01\/14\/cuba-vivienda\/"},"modified":"2025-03-25T15:14:00","modified_gmt":"2025-03-25T18:14:00","slug":"cuba-vivienda","status":"publish","type":"post","link":"http:\/\/fmriachuelo.it10.com.ar\/index.php\/2015\/01\/14\/cuba-vivienda\/","title":{"rendered":"CUBA: VIVIENDA"},"content":{"rendered":"<p><strong><span>VIVIENDA DIGNA: POLITICA DE ESTADO<\/span><\/strong><br \/><strong><span>Flexibilizan tr\u00e1mites para la construcci\u00f3n de viviendas en Cuba<\/span><\/strong><span> <\/span><\/p>\n<div style=\"clear: both;text-align: center\"><a href=\"http:\/\/3.bp.blogspot.com\/-W8EscYf4naM\/VLZb_pHMH-I\/AAAAAAAACVo\/BKriTu8qXng\/s1600\/construccion-de-una-vivienda-particular-en-la-habana.jpg\" style=\"clear: left;float: left;margin-bottom: 1em;margin-right: 1em\"><img loading=\"lazy\" decoding=\"async\" border=\"0\" src=\"http:\/\/3.bp.blogspot.com\/-W8EscYf4naM\/VLZb_pHMH-I\/AAAAAAAACVo\/BKriTu8qXng\/s1600\/construccion-de-una-vivienda-particular-en-la-habana.jpg\" height=\"213\" width=\"320\" \/><\/a><\/div>\n<p><span>El Decreto Ley 322 del 2014 que entr\u00f3 en vigor  este lunes cinco de enero permitir\u00e1 fortalecer el ordenamiento territorial y  el urbanismo, en todo el pa\u00eds, adem\u00e1s de flexibilizar algunos tr\u00e1mites  vinculados con la construcci\u00f3n de viviendas por esfuerzo propio.<br \/><span>La jefa del Departamento de Tr\u00e1mites y Atenci\u00f3n a la Poblaci\u00f3n del Instituto  Nacional de Planificaci\u00f3n F\u00edsica, Diana Rosa Su\u00e1rez Mat\u00edas, reconoci\u00f3 que  este cuerpo legal vigente se convertir\u00e1 en un instrumento de control para  integrar procedimientos y tr\u00e1mites de la poblaci\u00f3n.<\/span><\/span><\/p>\n<table border=\"0\" cellpadding=\"0\" cellspacing=\"0\" style=\"width: 100%px\">\n<tbody>\n<tr>\n<td valign=\"top\">\n<div style=\"line-height: normal;margin: 0cm 0cm 10pt\"><span>Entre ellos la solicitud de parcelas y solares   yermos estatales para la construcci\u00f3n de viviendas por esfuerzo propio, el   uso de azoteas de inmuebles de propiedad particular y de edificios   multifamiliares con la anuencia de los vecinos, as\u00ed como licencias de   construcci\u00f3n y certificados de habitables, entre otros.<\/p>\n<p>  Dentro de los tr\u00e1mites m\u00e1s solicitados a partir de la entrada en vigor del   Decreto Ley 322, est\u00e1n la solicitud de solares yermos. <\/span><\/div>\n<div align=\"center\" style=\"line-height: normal;margin: 0cm 0cm 0pt;text-align: center\"><span>  <\/span><a name='more'><\/a><br \/><span><\/span><span> Se establecen como causales y prioridad para el otorgamiento de parcelas y   solares yermos estatales, las viviendas que han sido afectadas por desastres   naturales, casos sociales y albergados, los ubicados en zonas de riesgos que   incluyen peligro s\u00edsmico y por inter\u00e9s econ\u00f3mico social. Este \u00faltimo se   aplicar\u00e1 en cumplimiento de pol\u00edticas econ\u00f3micas y sociales del pa\u00eds a los   efectos de asentar fuerza de trabajo y de garantizar el desarrollo del   territorio, en correspondencia con los planes de ordenamiento territorial y   urbano aprobados.<\/p>\n<p>  Tambi\u00e9n se asignar\u00e1 a personas con problemas de hacinamiento, convivencia y   otros relacionados con el estado t\u00e9cnico-constructivo de la vivienda. El   derecho perpetuo de superficie podr\u00e1 ser otorgado a varias personas naturales   para construir sus viviendas en una misma edificaci\u00f3n y a una persona natural   para fabricar su inmueble de forma unifamiliar.<\/span><\/div>\n<div style=\"line-height: normal;margin: 0cm 0cm 10pt\"><span>Fuente: Radio Rebelde,&nbsp;   Producci\u00f3n Riachuelo<\/span><\/div>\n<div style=\"clear: both;text-align: center\"><a href=\"http:\/\/2.bp.blogspot.com\/-E5VrkHOBB6A\/VLZcP1swa1I\/AAAAAAAACVw\/9PJKPXlL7Q0\/s1600\/COOP%2BRIACHIUELO%2BPRODUCCIONES.jpg\" style=\"clear: left;float: left;margin-bottom: 1em;margin-right: 1em\"><img loading=\"lazy\" decoding=\"async\" border=\"0\" src=\"http:\/\/2.bp.blogspot.com\/-E5VrkHOBB6A\/VLZcP1swa1I\/AAAAAAAACVw\/9PJKPXlL7Q0\/s1600\/COOP%2BRIACHIUELO%2BPRODUCCIONES.jpg\" height=\"58\" width=\"200\" \/><\/a><\/div>\n<div style=\"line-height: normal;margin: 0cm 0cm 10pt\"><span><\/span><span><\/span>&nbsp;<\/div>\n<div style=\"line-height: normal;margin: 0cm 0cm 10pt\"><span>&nbsp;<\/span><\/div>\n<div style=\"line-height: normal;margin: 0cm 0cm 10pt\"><span>&nbsp;<\/span><\/div>\n<\/td>\n<\/tr>\n<\/tbody>\n<\/table>\n","protected":false},"excerpt":{"rendered":"<p>VIVIENDA DIGNA: POLITICA DE ESTADOFlexibilizan tr\u00e1mites para la construcci\u00f3n de viviendas en Cuba El Decreto Ley 322 del 2014 que entr\u00f3 en vigor este lunes cinco de enero permitir\u00e1 fortalecer el ordenamiento territorial y el urbanismo, en todo el pa\u00eds, adem\u00e1s de flexibilizar algunos tr\u00e1mites vinculados con la construcci\u00f3n de viviendas por esfuerzo propio.La jefa [&hellip;]<\/p>\n","protected":false},"author":4,"featured_media":0,"comment_status":"open","ping_status":"open","sticky":false,"template":"","format":"standard","meta":{"_monsterinsights_skip_tracking":false,"_monsterinsights_sitenote_active":false,"_monsterinsights_sitenote_note":"","_monsterinsights_sitenote_category":0,"jnews-multi-image_gallery":[],"jnews_single_post":{"format":"standard"},"jnews_primary_category":[],"_joinchat":[],"footnotes":""},"categories":[58],"tags":[70,147],"class_list":["post-799","post","type-post","status-publish","format-standard","hentry","category-noticiariachuelo","tag-de-la-patria-grande","tag-habitat"],"_links":{"self":[{"href":"http:\/\/fmriachuelo.it10.com.ar\/index.php\/wp-json\/wp\/v2\/posts\/799","targetHints":{"allow":["GET"]}}],"collection":[{"href":"http:\/\/fmriachuelo.it10.com.ar\/index.php\/wp-json\/wp\/v2\/posts"}],"about":[{"href":"http:\/\/fmriachuelo.it10.com.ar\/index.php\/wp-json\/wp\/v2\/types\/post"}],"author":[{"embeddable":true,"href":"http:\/\/fmriachuelo.it10.com.ar\/index.php\/wp-json\/wp\/v2\/users\/4"}],"replies":[{"embeddable":true,"href":"http:\/\/fmriachuelo.it10.com.ar\/index.php\/wp-json\/wp\/v2\/comments?post=799"}],"version-history":[{"count":1,"href":"http:\/\/fmriachuelo.it10.com.ar\/index.php\/wp-json\/wp\/v2\/posts\/799\/revisions"}],"predecessor-version":[{"id":22264,"href":"http:\/\/fmriachuelo.it10.com.ar\/index.php\/wp-json\/wp\/v2\/posts\/799\/revisions\/22264"}],"wp:attachment":[{"href":"http:\/\/fmriachuelo.it10.com.ar\/index.php\/wp-json\/wp\/v2\/media?parent=799"}],"wp:term":[{"taxonomy":"category","embeddable":true,"href":"http:\/\/fmriachuelo.it10.com.ar\/index.php\/wp-json\/wp\/v2\/categories?post=799"},{"taxonomy":"post_tag","embeddable":true,"href":"http:\/\/fmriachuelo.it10.com.ar\/index.php\/wp-json\/wp\/v2\/tags?post=799"}],"curies":[{"name":"wp","href":"https:\/\/api.w.org\/{rel}","templated":true}]}}