{"id":7982,"date":"2018-08-27T17:41:17","date_gmt":"2018-08-27T17:41:17","guid":{"rendered":"http:\/\/fmriachuelo.com.ar\/?p=7982"},"modified":"2018-08-27T17:41:17","modified_gmt":"2018-08-27T17:41:17","slug":"salvemos-la-radio-jornada-nacional","status":"publish","type":"post","link":"http:\/\/fmriachuelo.it10.com.ar\/index.php\/2018\/08\/27\/salvemos-la-radio-jornada-nacional\/","title":{"rendered":"SALVEMOS LA RADIO : JORNADA NACIONAL EN EL D\u00cdA DE LA RADIO"},"content":{"rendered":"<p><strong>[FMRiachuelo, 27\/08\/2018] En el d\u00eda de hoy en el marco del \u00abD\u00eda de la Radio\u00bb, estuvimos presentes en la puerta del Ente Nacional de Comunicaciones (ENACOM),\u00a0 para reclamar junto al Foro Argentino de Radios Comunitarias (FARCO), la Asociaci\u00f3n de Radiodifusoras Universitarias (ARUNA), la Asociaci\u00f3n Mundial de Radios Comunitarias (AMARC), las Radios on line y varios Medios socio-educativos entre otros, con una transmisi\u00f3n especial, para reforzar y\u00a0 visibilizar\u00a0 la lucha de los medios comunitarios por permanecer en el aire.<\/strong><\/p>\n<p>Contra la persecuci\u00f3n del gobierno neoliberal y las reiteradas suspensiones que se han dado en ese marco a las radios populares, acompa\u00f1amos esta radio abierta para reclamar #Salvemos a la Radio, ratificando y repudiando la persecuci\u00f3n de la que est\u00e1n siendo objeto por parte del gobierno actual.<\/p>\n<p><img loading=\"lazy\" decoding=\"async\" class=\"aligncenter wp-image-7985 size-large\" src=\"http:\/\/fmriachuelo.com.ar\/wp-content\/uploads\/2018\/08\/WhatsApp-Image-2018-08-27-at-12.10.17-1024x683.jpeg\" alt=\"\" width=\"640\" height=\"427\" srcset=\"http:\/\/fmriachuelo.it10.com.ar\/wp-content\/uploads\/2018\/08\/WhatsApp-Image-2018-08-27-at-12.10.17-1024x683.jpeg 1024w, http:\/\/fmriachuelo.it10.com.ar\/wp-content\/uploads\/2018\/08\/WhatsApp-Image-2018-08-27-at-12.10.17-300x200.jpeg 300w, http:\/\/fmriachuelo.it10.com.ar\/wp-content\/uploads\/2018\/08\/WhatsApp-Image-2018-08-27-at-12.10.17-768x512.jpeg 768w, http:\/\/fmriachuelo.it10.com.ar\/wp-content\/uploads\/2018\/08\/WhatsApp-Image-2018-08-27-at-12.10.17-750x500.jpeg 750w, http:\/\/fmriachuelo.it10.com.ar\/wp-content\/uploads\/2018\/08\/WhatsApp-Image-2018-08-27-at-12.10.17-1140x761.jpeg 1140w, http:\/\/fmriachuelo.it10.com.ar\/wp-content\/uploads\/2018\/08\/WhatsApp-Image-2018-08-27-at-12.10.17.jpeg 1280w\" sizes=\"auto, (max-width: 640px) 100vw, 640px\" \/><\/p>\n<p>Quieren silenciar las voces que no se corresponden con las de\u00a0 los medios hegem\u00f3nicos, en la transmisi\u00f3n se pudo escuchar la opini\u00f3n de distintos referentes de las organizaciones presentes, como\u00a0 Mariano de FM Okupas de Moreno quien dijo:<strong><em>\u00bb Estamos fuera del aire por una decisi\u00f3n del Enacom, nuestro problema es un flagelo com\u00fan a todos los medios populares del pa\u00eds, no queremos que otra radio pase por lo que nos sucede ahora a nosotros.\u00bb<\/em><\/strong><\/p>\n<p>Daniel Bello de Sipreba nos coment\u00f3: <strong><em>\u00abAqu\u00ed estamos conmemorando un nuevo aniversario de la comunicaci\u00f3n popular que nos encuentra en un contexto complejo. Estamos reclamando frente al Enacom por la falta de pago de los fomentos, s\u00f3lo quieren apagar la pluralidad de voces que\u00a0 desde las radios comunitarias con su desarrollo territorial, aportan la mirada de lo que est\u00e1 sucediendo con esta pol\u00edtica de ahogo econ\u00f3mico y censura\u00bb.<\/em><\/strong><\/p>\n<p>Tambi\u00e9n conversamos con Silvana Avila delegada de la junta interna de ATE en Enacom, quien nos dijo: <em><strong>\u00abLamentablemente hoy no puedo celebrar el d\u00eda de la radio como me gustar\u00eda,\u00a0 porque estamos con un gran d\u00e9ficit de libertad de expresi\u00f3n que me afecta no s\u00f3lo como comunicadora,\u00a0 sino tambi\u00e9n como ciudadana. Este gobierno cuenta una realidad que no es, para eso usa los medios hegem\u00f3nicos, y mi lucha desde mi puesto de trabajo es para que la ciudadan\u00eda entera pueda enterarse de la verdad que s\u00f3lo se transmite por los medios comunitarios, por ello estamos aqu\u00ed en la radio abierta para denunciarlo\u00bb.\u00a0<\/strong><\/em><\/p>\n<p><img loading=\"lazy\" decoding=\"async\" class=\"aligncenter wp-image-7986 size-large\" src=\"http:\/\/fmriachuelo.com.ar\/wp-content\/uploads\/2018\/08\/WhatsApp-Image-2018-08-27-at-12.12.16-1024x683.jpeg\" alt=\"\" width=\"640\" height=\"427\" srcset=\"http:\/\/fmriachuelo.it10.com.ar\/wp-content\/uploads\/2018\/08\/WhatsApp-Image-2018-08-27-at-12.12.16-1024x683.jpeg 1024w, http:\/\/fmriachuelo.it10.com.ar\/wp-content\/uploads\/2018\/08\/WhatsApp-Image-2018-08-27-at-12.12.16-300x200.jpeg 300w, http:\/\/fmriachuelo.it10.com.ar\/wp-content\/uploads\/2018\/08\/WhatsApp-Image-2018-08-27-at-12.12.16-768x512.jpeg 768w, http:\/\/fmriachuelo.it10.com.ar\/wp-content\/uploads\/2018\/08\/WhatsApp-Image-2018-08-27-at-12.12.16-750x500.jpeg 750w, http:\/\/fmriachuelo.it10.com.ar\/wp-content\/uploads\/2018\/08\/WhatsApp-Image-2018-08-27-at-12.12.16-1140x761.jpeg 1140w, http:\/\/fmriachuelo.it10.com.ar\/wp-content\/uploads\/2018\/08\/WhatsApp-Image-2018-08-27-at-12.12.16.jpeg 1280w\" sizes=\"auto, (max-width: 640px) 100vw, 640px\" \/><\/p>\n<p>La Radio Abierta mostr\u00f3 la realidad de la comunicaci\u00f3n popular que es asfixiada por el gobierno neoliberal, que s\u00f3lo quiere acallar las voces populares.<\/p>\n<p><strong>#SINMEDIOSCOMUNITARIOSNOHAYDEMOCRACIA<\/strong><\/p>\n<p><strong>#SALVEMOSLARADIO<\/strong><\/p>\n<p><iframe loading=\"lazy\" title=\"#Salvemos la Radio- Radio abierta en ENACOM by FMR\" width=\"500\" height=\"450\" scrolling=\"no\" frameborder=\"no\" src=\"https:\/\/w.soundcloud.com\/player\/?visual=true&#038;url=https%3A%2F%2Fapi.soundcloud.com%2Fplaylists%2F591117153&#038;show_artwork=true&#038;maxheight=750&#038;maxwidth=500\"><\/iframe><\/p>\n","protected":false},"excerpt":{"rendered":"<p>[FMRiachuelo, 27\/08\/2018] En el d\u00eda de hoy en el marco del \u00abD\u00eda de la Radio\u00bb, estuvimos presentes en la puerta del Ente Nacional de Comunicaciones (ENACOM),\u00a0 para reclamar junto al Foro Argentino de Radios Comunitarias (FARCO), la Asociaci\u00f3n de Radiodifusoras Universitarias (ARUNA), la Asociaci\u00f3n Mundial de Radios Comunitarias (AMARC), las Radios on line y varios [&hellip;]<\/p>\n","protected":false},"author":5,"featured_media":7984,"comment_status":"open","ping_status":"open","sticky":false,"template":"","format":"standard","meta":{"_monsterinsights_skip_tracking":false,"_monsterinsights_sitenote_active":false,"_monsterinsights_sitenote_note":"","_monsterinsights_sitenote_category":0,"jnews-multi-image_gallery":[],"jnews_single_post":[],"jnews_primary_category":[],"_joinchat":[],"footnotes":""},"categories":[78,76,77],"tags":[],"class_list":["post-7982","post","type-post","status-publish","format-standard","has-post-thumbnail","hentry","category-economia-popular","category-salud-comunitaria","category-soberania"],"_links":{"self":[{"href":"http:\/\/fmriachuelo.it10.com.ar\/index.php\/wp-json\/wp\/v2\/posts\/7982","targetHints":{"allow":["GET"]}}],"collection":[{"href":"http:\/\/fmriachuelo.it10.com.ar\/index.php\/wp-json\/wp\/v2\/posts"}],"about":[{"href":"http:\/\/fmriachuelo.it10.com.ar\/index.php\/wp-json\/wp\/v2\/types\/post"}],"author":[{"embeddable":true,"href":"http:\/\/fmriachuelo.it10.com.ar\/index.php\/wp-json\/wp\/v2\/users\/5"}],"replies":[{"embeddable":true,"href":"http:\/\/fmriachuelo.it10.com.ar\/index.php\/wp-json\/wp\/v2\/comments?post=7982"}],"version-history":[{"count":0,"href":"http:\/\/fmriachuelo.it10.com.ar\/index.php\/wp-json\/wp\/v2\/posts\/7982\/revisions"}],"wp:featuredmedia":[{"embeddable":true,"href":"http:\/\/fmriachuelo.it10.com.ar\/index.php\/wp-json\/wp\/v2\/media\/7984"}],"wp:attachment":[{"href":"http:\/\/fmriachuelo.it10.com.ar\/index.php\/wp-json\/wp\/v2\/media?parent=7982"}],"wp:term":[{"taxonomy":"category","embeddable":true,"href":"http:\/\/fmriachuelo.it10.com.ar\/index.php\/wp-json\/wp\/v2\/categories?post=7982"},{"taxonomy":"post_tag","embeddable":true,"href":"http:\/\/fmriachuelo.it10.com.ar\/index.php\/wp-json\/wp\/v2\/tags?post=7982"}],"curies":[{"name":"wp","href":"https:\/\/api.w.org\/{rel}","templated":true}]}}