{"id":7975,"date":"2018-08-27T14:02:39","date_gmt":"2018-08-27T14:02:39","guid":{"rendered":"http:\/\/fmriachuelo.com.ar\/?p=7975"},"modified":"2018-08-27T14:02:39","modified_gmt":"2018-08-27T14:02:39","slug":"gatillo-facil-historias-para-otro-nunca-mas","status":"publish","type":"post","link":"http:\/\/fmriachuelo.it10.com.ar\/index.php\/2018\/08\/27\/gatillo-facil-historias-para-otro-nunca-mas\/","title":{"rendered":"GATILLO F\u00c1CIL: HISTORIAS PARA OTRO \u00abNUNCA M\u00c1S\u00bb."},"content":{"rendered":"<p><strong>[*Por Colectivo de Medios de Comunicaci\u00f3n Popular 27\/08\/2018]\u00a0 Este lunes 27 se realiza una nueva Marcha Nacional organizada por familiares y amigas\/os de v\u00edctimas del Gatillo F\u00e1cil, de Congreso a Plaza de Mayo. #ElEstadoEsResponsable es una es las consignas.<\/strong><\/p>\n<p><strong>El lunes 27 de agosto se realizar\u00e1 la marcha nacional contra el gatillo f\u00e1cil y la represi\u00f3n estatal. En la Ciudad de Buenos Aires ser\u00e1 a las 16 de Congreso a Plaza de Mayo. Al igual que en las distintas provincias donde se llevar\u00e1n a cabo movilizaciones, la consigna ser\u00e1 ni un pibe menos, ni una piba menos, ni una bala m\u00e1s, el Estado es responsable. Desde la organizaci\u00f3n de la marcha denuncian al gatillo f\u00e1cil como pol\u00edtica de Estado, que en lo que va de la gesti\u00f3n macrista se llev\u00f3 la vida de un pibe\/a cada 23 horas.<\/strong><\/p>\n<p>Cada uno de esos pibes\/as no son casos. No son n\u00fameros de una estad\u00edstica, aunque a veces los n\u00fameros sirvan para dimensionar. Son historias de vida, son familias, son amigos y amigas, vecinos, barrios. Que ante la p\u00e9rdida se organizan para exigir justicia. Esas historias en general no se conocen. Tampoco c\u00f3mo se llaman los agentes de las fuerzas implicados, ni que hablar de sus caras. Que en muchos casos reci\u00e9n son vistos en los juicios, que tardan en llegar. Tampoco en qu\u00e9 estado est\u00e1n sus procesos judiciales. Lo que sigue son peque\u00f1os res\u00famenes de algunas de estas historias, que son parte de la convocatoria audiovisual a la marcha del lunes.<\/p>\n<p>Buenos Aires<\/p>\n<p><strong>Lucas Cabello<\/strong> El 9 de noviembre de 2015, luego de un cruce de palabras en la puerta de su casa de La Boca, Lucas ten\u00eda 20 a\u00f1os y recibi\u00f3 tres disparos de parte del agente de la Polic\u00eda Metropolitana Ricardo Ayala. El primero fue a pocos cent\u00edmetros y entr\u00f3 por la pera. Ya en el piso, el oficial lo remat\u00f3 con otros dos disparos. Lucas sobrevivi\u00f3 y hoy se recupera de las severas lesiones.<br \/>\nLa causa estuvo a cargo del juez de instrucci\u00f3n 39, Osvaldo Rappa, quien liber\u00f3 a Ayala y calific\u00f3 al hecho como un mero exceso en la leg\u00edtima defensa. El oficial finalmente fue detenido en enero de 2016 por disposici\u00f3n de la C\u00e1mara Nacional de Casaci\u00f3n Penal acusado del delito de homicidio agravado por el abuso de la funci\u00f3n de miembro de una fuerza policial, en grado de tentativa\u201d. Pero un a\u00f1o despu\u00e9s fue liberado, por la demora del tr\u00e1mite judicial a cargo del juez Rappa.<br \/>\nA un a\u00f1o de la elevaci\u00f3n a juicio oral, el Tribunal Oral en lo Criminal N\u00ba 1 a\u00fan no fij\u00f3 fecha de inicio de las audiencias.<\/p>\n<p><strong>Juan Pablo Kukoc<\/strong> fue asesinado en La Boca (Ciudad de Buenos Aires) por Luis Chocobar, agente de la Polic\u00eda de Avellaneda, quien el 8 de diciembre de 2017, estando de civil y tras un robo que no vio, le dispar\u00f3 por la espalda. Juan Pablo muri\u00f3 4 d\u00edas despu\u00e9s a los 18 a\u00f1os.<br \/>\nPoco despu\u00e9s de los hechos, el presidente Mauricio Macri recibi\u00f3 a Chocobar en la Casa de Gobierno. All\u00ed lo felicit\u00f3 y le dijo que estaba orgulloso de polic\u00edas como \u00e9l. El juez nacional de menores N\u00b0 1, Enrique Vel\u00e1zquez, proces\u00f3 al polic\u00eda por homicidio en exceso en el cumplimiento de su deber. S\u00f3lo estuvo 3 d\u00edas detenido. Hoy est\u00e1 en libertad y en funciones.<\/p>\n<p><strong>Nehuen Rodr\u00edguez<\/strong> ten\u00eda 18 a\u00f1os cuando sali\u00f3 en su moto desde La Boca a Parque Patricios a festejar el ascenso de Hurac\u00e1n. Nunca lleg\u00f3. Un patrullero de la Polic\u00eda Metropolitana que iba a contramano, a alta velocidad y sin sirenas, lo atropell\u00f3 en Barracas. Fue el 15 de diciembre de 2014.<br \/>\nEn abril de 2018, el juez Julio C\u00e9sar B\u00e1ez del Tribunal Oral Criminal N\u00b0 4 conden\u00f3 al agente que manejaba el patrullero, Daniel Germ\u00e1n Castagnasso, a tres a\u00f1os de prisi\u00f3n en suspenso por homicidio culposo agravado. Tambi\u00e9n dispuso seis a\u00f1os de inhabilitaci\u00f3n para conducir cualquier veh\u00edculo.<br \/>\nPara el acompa\u00f1ante y superior de Castagnasso, el subinspector Jos\u00e9 Daniel Soria Barba, el juez orden\u00f3 que se lo investigue por falso testimonio -por encubrir a Castagnasso-, como as\u00ed tambi\u00e9n investigar el accionar del personal policial que particip\u00f3 en el procedimiento inicial donde se perdieron valiosas pruebas. Hace algunas semanas, Soria Barba qued\u00f3 detenido acusado de robar panes de marihuana en plena quema de la droga.<\/p>\n<p><strong>Pablo Paly Alcorta<\/strong> ten\u00eda 19 a\u00f1os. Fue asesinado por el polic\u00eda bonaerense Diego Ariel Tolaba de un tiro en la cabeza el 18 de mayo de 2013 y muri\u00f3 despu\u00e9s de 7 meses de agon\u00eda. Actualmente Diego Ariel Tolaba contin\u00faa en actividad prestando servicio en la Polic\u00eda de la Ciudad.<\/p>\n<p><strong>Roque<\/strong> En la madrugada del 27 de mayo del 2018 en la Villa 21 Barracas, Bs.As, agentes de la Prefectura se quitaron las identificaciones e ingresaron a domicilios privados donde golpearon y violentaron de diferentes maneras a las vecinas y los vecinos. Se llevaron a tres detenidos, entre ellas y ellos detuvieron a Roque, integrante fot\u00f3grafo de La Poderosa que intentaba registrar el operativo ilegal.<br \/>\nLos detenidos fueron golpeados y privados ileg\u00edtimamente de su libertad durante dos noches. Fueron imputados por \u00abtentativa de robo, en poblado y en banda\u00bb, una causa que se cay\u00f3 24 horas m\u00e1s tarde.<\/p>\n<p><strong>Ezequiel Demonty<\/strong> sali\u00f3 la noche del 14 de septiembre de 2002 con sus amigos y durante su salida un grupo de agentes de la Polic\u00eda Federal los interceptaron y se los llevaron rumbo al Riachuelo, en donde fueron torturados y arrojados al agua. Siete d\u00edas despu\u00e9s el joven de 19 a\u00f1os fue encontrado flotando debajo del puente de Nueva Pompeya.<br \/>\nPor el hecho fueron condenados los expolic\u00edas Gast\u00f3n Javier Somohano, Alfredo Ricardo Fornasari y Gabriel Alejandro Barrionuevo a prisi\u00f3n perpetua por el delito de \u201ctorturas seguidas de muerte\u201d y tambi\u00e9n Luis Emilio Funes y Luis Antonio Guti\u00e9rrez, otros dos miembros de las fuerzas de seguridad.<br \/>\nEn marzo de este a\u00f1o el ex cabo primero de la Polic\u00eda Federal, Alfredo Fornasari, fue beneficiado con la modalidad de salidas transitorias.<\/p>\n<p><strong>Luciano Nahuel Arruga<\/strong> fue desaparecido por la polic\u00eda bonaerense el 31 de enero de 2009. Despu\u00e9s de un largo tiempo de asedio en el barrio 12 de Octubre donde viv\u00eda, la polic\u00eda le ofreci\u00f3 robar para ellos. Luciano dijo que no. Su cuerpo apareci\u00f3 tras una larga lucha de familiares y amigos\/as el 17 de octubre de 2014, enterrado como N.N. en el cementerio de la Chacarita. Ninguno de los polic\u00edas sospechados declararon en la causa. S\u00f3lo uno, Diego Torales, est\u00e1 preso con una condena de 10 a\u00f1os por haberlo torturado en una detenci\u00f3n ilegal anterior a su desaparici\u00f3n.<\/p>\n<p><strong>Jonathan Kiki Lezcano y Ezequiel Blanco<\/strong> fueron asesinados el 8 de julio de 2009 por el polic\u00eda federal Daniel Santiago Veyga. Kiki permaneci\u00f3 desaparecido y fue hallado dos meses despu\u00e9s, producto de la lucha de la familia, enterrado como N.N. en el cementerio de Chacarita. Tras a\u00f1os de impunidad judicial, en 2017 Santiago Veyga fue llevado a juicio, pero result\u00f3 sobrese\u00eddo.<\/p>\n<p><strong>Cristian Toledo<\/strong> ten\u00eda 25 a\u00f1os y viv\u00eda en la villa 21, de Barracas (Ciudad de Buenos Aires). En el barrio todos lo conocen como Parag\u00fcita. La noche del 15 de julio de 2017 volv\u00eda en auto de bailar con dos de sus amigos, Dani y Carlitos. Se cruzaron con el auto de Adri\u00e1n Gustavo Otero, polic\u00eda de la Ciudad, que luego de una discusi\u00f3n de tr\u00e1nsito, gatill\u00f3 ocho veces contra ellos con su arma reglamentaria desde distintas posiciones. Cristi\u00e1n Toledo muri\u00f3 producto de las balas policiales. El pr\u00f3ximo 4 de septiembre inicia el juicio oral y p\u00fablico en el que Adri\u00e1n Gustavo Otero est\u00e1 imputado por homicidio calificado por su condici\u00f3n de polic\u00eda y por la tentativa de homicidio de los acompa\u00f1antes de Cristian.<\/p>\n<p><strong>Christopher Bocha Rego<\/strong> ten\u00eda 26 a\u00f1os e iba en su camioneta en la madrugada del domingo 12 de agosto de 2018. Luego de eludir un control de tr\u00e1nsito fue perseguido por agentes de la Prefectura Naval que le dispararon. Muri\u00f3 producto de una bala que ingres\u00f3 por atr\u00e1s. Las c\u00e1maras registraron el momento en que los prefectos, ocho en total, se acercan y levantan las vainas para eliminar la evidencia. Actualmente, los ocho prefectos fueron exonerados y se encuentran detenidos. Pablo Br\u00edtez est\u00e1 imputado por homicidio agravado por ser miembro de una fuerza de seguridad. D\u00edaz Guevara, Javier Fern\u00e1ndez, Cristian L\u00f3pez, Rub\u00e9n Viana, Mariano Paredes, Jaqueline Acosta y Lucila Carrizo est\u00e1n imputados\/as por encubrimiento. Br\u00edtez reconoci\u00f3 haber disparado contra Christopher.<\/p>\n<p><strong>Sergio Filiberto , Fernando Latorre, Alan C\u00f3rdoba, Franco Pizarro, Jhon Claros, Federico Perrota y Juan Jos\u00e9 Noni Cabrer<\/strong>a murieron el 2 de marzo de 2017 en la ex Comisar\u00eda Primera de la Ciudad de Pergamino, en lo que conocemos como la Masacre de Pergamino. Los seis polic\u00edas que se encontraban en la dependencia esa noche dejaron que la celda donde se encontraban los siete pibes se incendiara. No llamaron a los bomberos. No usaron matafuegos.<br \/>\nLos imputados de \u201cabandono de persona seguido de muerte\u201d son el oficial de servicio Alexis Eva, la ayudante de guardia Carolina Guevara, el teniente primero Sergio Rodas, los imaginarias de calabozos Brian Carrizo y Mat\u00edas Giulietti, y el comisario Alberto Donza. Todos aguardan la fecha de juicio oral con prisi\u00f3n preventiva aunque cuatro de ellos gozan del privilegio de prisi\u00f3n domiciliaria. Alexis Eva y Alberto Donza permanecen detenidos en unidades penitenciarias.<\/p>\n<p>Rosario<br \/>\n<strong>Brandon Rub\u00e9n Cardozo<\/strong> de 16 a\u00f1os fue asesinado por Mart\u00edn Emiliano G\u00f3mez, suboficial de la Brigada Motorizada de Unidad Regional 2 de Rosario (Santa Fe) el 1\u00b0 de enero de 2016. Brandon hab\u00eda salido a festejar el A\u00f1o Nuevo. En el mismo festejo estaba su asesino, de franco, pero con su arma reglamentaria en la cintura. Mart\u00edn Emiliano G\u00f3mez efectu\u00f3 varios disparos, de los cuales uno alcanz\u00f3 a Brandon y lo mat\u00f3 en el momento.<br \/>\nEl suboficial est\u00e1 detenido desde el 4 de enero del 2016, imputado de homicidio calificado por su funci\u00f3n de empleado p\u00fablico. El juicio oral y p\u00fablico comenzar\u00eda en octubre de 2018.<\/p>\n<p><strong>Maxi Zamudio<\/strong> de 16 a\u00f1os fue asesinado por el prefecto Ariel Condor\u00ed Apaza el 27 de mayo de 2015 en Rosario (Santa Fe) cuando ingres\u00f3 al pasillo en el que viv\u00eda el joven y tras un breve di\u00e1logo, le dispar\u00f3 a quemarropa. Condor\u00ed hoy permanece en libertad. El primer fiscal de la causa, Miguel Moreno, crey\u00f3 en la versi\u00f3n policial que hablaba de robo. Archiv\u00f3 la causa al considerar que Condor\u00ed hab\u00eda actuado en defensa propia. Luego, el fiscal Regional de Rosario, Patricio Serjal, se comprometi\u00f3 a desarchivar la causa, cumplir con las medidas probatorias ya solicitadas y apartar al fiscal Moreno de la investigaci\u00f3n. Actualmente, Condor\u00ed sigue trabajando para la fuerza.<\/p>\n<p><strong>David Ezequiel Campos,<\/strong> de 29 a\u00f1os, y <strong>Alejandro Emanuel Medina<\/strong> fueron fusilados el 23 de junio de 2017. Los j\u00f3venes pasaron con el auto en el que viajaban, con los vidrios polarizados y escuchando m\u00fasica, cerca de donde transitaba la polic\u00eda motorizada de Rosario. Uno de los oficiales se sinti\u00f3 hostigado y emprendi\u00f3 una persecuci\u00f3n tras el auto. David y Emanuel se asustaron por los disparos y nunca frenaron, se sumaron muchos m\u00f3viles y tras una persecuci\u00f3n que dur\u00f3 30 minutos el auto fue chocado por detr\u00e1s y se incrust\u00f3 muy fuerte contra un \u00e1rbol.<br \/>\nEntonces, los oficiales Lionel Emiliano Mendoza y Alejandro Bustos se bajaron de sus m\u00f3viles y fusilaron a los pibes. Actualmente hay 18 oficiales imputados. Mendoza y Bustos est\u00e1n acusados de homicidio y se encuentran detenidos. El resto se encuentran en libertad, imputados por encubrimiento doblemente agravado y falsedad ideol\u00f3gica por falsificar un acta. Se espera la fecha del juicio oral y p\u00fablico.<\/p>\n<p><strong>Sasha Ventura<\/strong> de 22 a\u00f1os, fue detenido de manera ileg\u00edtima, junto a seis amigos\/as en la madrugada del 22 de marzo de 2018 en la ciudad de Rosario. Los siete fueron torturados y acusados de hechos falsos por efectivos de Comando radioel\u00e9ctrico y Acci\u00f3n t\u00e1ctica, en la zona de las cuatro plazas. Luego fueron trasladados a la comisar\u00eda 14 donde pasaron varias horas incomunicados. All\u00ed fueron brutalmente maltratados y sufrieron graves da\u00f1os f\u00edsicos y psicol\u00f3gicos.<br \/>\nEn la causa est\u00e1n involucrados los polic\u00edas Mariano Saavedra y Erica Denis, como principales autores de los hechos ocurridos. Tambi\u00e9n Diego Ojeda, Leonel Romero y Roberto Salinas, quienes participaron de las torturas, detenciones ilegales y amenazas sufridas por las y los pibes.<br \/>\nLos agentes de polic\u00eda fueron imputados por los delitos de apremios ilegales, falsedad ideol\u00f3gica de documento p\u00fablico e incumplimiento en los deberes de funcionario p\u00fablico. La causa se encuentra en la etapa de investigaci\u00f3n. Al d\u00eda de hoy, a pesar de los hechos denunciados y de las persecuciones sufridas por las v\u00edctimas, todas y todos los imputados se encuentran en libertad por decisi\u00f3n de la jueza Melania Carrera y la fiscal Karina Bartocci.<\/p>\n<p><strong>Gerardo \u201cPich\u00f3n\u201d Escobar<\/strong> fue desaparecido el 14 de agosto de 2015, luego de concurrir al bar La Tienda de Rosario. A la salida se produjo un incidente con patovicas y polic\u00edas que compon\u00edan un grupo mixto que gestionaba la seguridad del boliche y sus zonas aleda\u00f1as. All\u00ed \u201cPich\u00f3n\u201d fue golpeado fuertemente. Estuvo desaparecido siete d\u00edas y luego de una intensa b\u00fasqueda su cuerpo fue encontrado flotando en el r\u00edo Paran\u00e1.<br \/>\nLa causa se investigaba en el fuero federal hasta que el juez de la causa, Marcelo Bailaque, decret\u00f3 arbitrariamente el sobreseimiento y liberaci\u00f3n de los cinco imputados: los dos polic\u00edas Luis Alberto Noya y Maximiliano Amiselli, los patovicas Cristian Jes\u00fas Vivas, Jos\u00e9 Luis Carlino y C\u00e9sar Dar\u00edo Ampuero. Esta decisi\u00f3n judicial ha sido imposible de revertir hasta la actualidad.<br \/>\nDe continuar por este camino se har\u00e1 irreversible que el caso derive en un hecho impune, lo que conlleva la responsabilidad de los Estados provincial y nacional, ante la grave vulneraci\u00f3n a los derechos humanos que significa una Desaparici\u00f3n Forzada de Persona.<\/p>\n<p>Tucum\u00e1n<br \/>\n<strong>Facundo Ferreyra<\/strong> ten\u00eda 12 a\u00f1os. El 8 de marzo de 2018 muri\u00f3 de un disparo en la nuca en Avenida Avellaneda y pasaje R\u00edo de Janeiro de la capital tucumana. Los polic\u00edas Nicol\u00e1s Gonz\u00e1lez Montes de Oca y Mauro D\u00edaz C\u00e1ceres persiguieron y dispararon contra Facundo y su amigo que transitaban en moto. Actualmente, los polic\u00edas se encuentran en libertad, la familia de Facundo fue varias veces amenazada. Las pericias hasta el momento dieron positivo en p\u00f3lvora a los agentes, no as\u00ed a los ni\u00f1os. La investigaci\u00f3n indica que Nicol\u00e1s Gonz\u00e1lez Montes de Oca manejaba la moto policial bajo efectos de coca\u00edna y marihuana y que Mauro D\u00edaz C\u00e1ceres dispar\u00f3.<\/p>\n<p>R\u00edo Negro<br \/>\n<strong>Daniel Solano<\/strong> ten\u00eda 27 a\u00f1os. El 5 de noviembre de 2011 fue visto por \u00faltima vez cuando la polic\u00eda lo sac\u00f3 a la fuerza de un local nocturno de Choele Choel (R\u00edo Negro) de nombre Macuba. Daniel era un trabajador golondrina nacido en Tartagal, Salta, que hab\u00eda viajado contratado por la empresa Agrocosecha, para trabajar en poda, raleo y cosecha de manzanas para la empresa multinacional Expofrut, en condiciones de precarizaci\u00f3n laboral . Daniel se hab\u00eda organizado con compa\u00f1eros para hacer una protesta porque no les hab\u00edan pagado lo prometido en Tartagal. Daniel Solano permanece desaparecido. Este a\u00f1o fueron condenados a prisi\u00f3n perpetua los polic\u00edas Sandro Berthe, Pablo Bender, H\u00e9ctor Mart\u00ednez, Juan Barrera, Pablo Albarr\u00e1n C\u00e1rcamo, Pablo Quidel y Diego Cuello por el delito de \u201chomicidio agravado por alevos\u00eda por ser cometido por un funcionario p\u00fablico\u201d. Berthe, Bender y Barrera tambi\u00e9n fueron condenados por vejaciones. Los siete permanecen en libertad hasta que la condena sea firme.<\/p>\n<p><strong>Rafael Nahuel<\/strong> ten\u00eda 22 a\u00f1os y fue asesinado en Villa Mascardi (R\u00edo Negro) el 25 de noviembre de 2017. El cabo primero de Prefectura Naval Argentina e integrante del grupo Albatros, Francisco Javier Pintos, dispar\u00f3 la bala que le entr\u00f3 por atr\u00e1s y mat\u00f3 a Rafael Nahuel, en el marco de un desalojo de una recuperaci\u00f3n de tierra del pueblo mapuche. Actualmente, est\u00e1 imputado por el homicidio de Rafael Nahuel, aunque \u00e9l y el resto de los prefectos que participaron de ese momento se encuentran en libertad. Gustavo Villanueva es el juez de la causa.<\/p>\n<p>Chubut<br \/>\n<strong>Santiago Maldonado<\/strong> ten\u00eda 28 a\u00f1os y desapareci\u00f3 el 1 de agosto de 2017, tras una violenta represi\u00f3n de Gendarmer\u00eda en la Lof en resistencia Cushamen, (Chubut). Estuvo desaparecido 78 d\u00edas. Su cuerpo sin vida fue encontrado el 17 de octubre en el R\u00edo Chubut, 400 metros r\u00edo arriba de donde fue visto por \u00faltima vez. El juez de la causa es Gustavo Lleral y el \u00fanico imputado es el gendarme Echaz\u00fa, que fue ascendido por el Ministerio de Seguridad en enero de este a\u00f1o. La familia denuncia que hasta el momento no se ha iniciado una investigaci\u00f3n, y que desde el 1 de noviembre de 2017 han solicitado que se conforme un grupo de expertos independientes, petici\u00f3n a\u00fan sin respuestas.<\/p>\n<p><strong>*Radio Gr\u00e1fica, FM Riachuelo, La Retaguardia, Sur Capitalino, FM La Caterva, Agencia Paco Urondo.<\/strong><\/p>\n","protected":false},"excerpt":{"rendered":"<p>[*Por Colectivo de Medios de Comunicaci\u00f3n Popular 27\/08\/2018]\u00a0 Este lunes 27 se realiza una nueva Marcha Nacional organizada por familiares y amigas\/os de v\u00edctimas del Gatillo F\u00e1cil, de Congreso a Plaza de Mayo. #ElEstadoEsResponsable es una es las consignas. El lunes 27 de agosto se realizar\u00e1 la marcha nacional contra el gatillo f\u00e1cil y la [&hellip;]<\/p>\n","protected":false},"author":5,"featured_media":7989,"comment_status":"open","ping_status":"open","sticky":false,"template":"","format":"standard","meta":{"_monsterinsights_skip_tracking":false,"_monsterinsights_sitenote_active":false,"_monsterinsights_sitenote_note":"","_monsterinsights_sitenote_category":0,"jnews-multi-image_gallery":[],"jnews_single_post":[],"jnews_primary_category":[],"_joinchat":[],"footnotes":""},"categories":[78,80,76,77],"tags":[],"class_list":["post-7975","post","type-post","status-publish","format-standard","has-post-thumbnail","hentry","category-economia-popular","category-educacion","category-salud-comunitaria","category-soberania"],"_links":{"self":[{"href":"http:\/\/fmriachuelo.it10.com.ar\/index.php\/wp-json\/wp\/v2\/posts\/7975","targetHints":{"allow":["GET"]}}],"collection":[{"href":"http:\/\/fmriachuelo.it10.com.ar\/index.php\/wp-json\/wp\/v2\/posts"}],"about":[{"href":"http:\/\/fmriachuelo.it10.com.ar\/index.php\/wp-json\/wp\/v2\/types\/post"}],"author":[{"embeddable":true,"href":"http:\/\/fmriachuelo.it10.com.ar\/index.php\/wp-json\/wp\/v2\/users\/5"}],"replies":[{"embeddable":true,"href":"http:\/\/fmriachuelo.it10.com.ar\/index.php\/wp-json\/wp\/v2\/comments?post=7975"}],"version-history":[{"count":0,"href":"http:\/\/fmriachuelo.it10.com.ar\/index.php\/wp-json\/wp\/v2\/posts\/7975\/revisions"}],"wp:featuredmedia":[{"embeddable":true,"href":"http:\/\/fmriachuelo.it10.com.ar\/index.php\/wp-json\/wp\/v2\/media\/7989"}],"wp:attachment":[{"href":"http:\/\/fmriachuelo.it10.com.ar\/index.php\/wp-json\/wp\/v2\/media?parent=7975"}],"wp:term":[{"taxonomy":"category","embeddable":true,"href":"http:\/\/fmriachuelo.it10.com.ar\/index.php\/wp-json\/wp\/v2\/categories?post=7975"},{"taxonomy":"post_tag","embeddable":true,"href":"http:\/\/fmriachuelo.it10.com.ar\/index.php\/wp-json\/wp\/v2\/tags?post=7975"}],"curies":[{"name":"wp","href":"https:\/\/api.w.org\/{rel}","templated":true}]}}