{"id":797,"date":"2015-01-14T18:04:00","date_gmt":"2015-01-14T18:04:00","guid":{"rendered":"http:\/\/fmriachuelo.observatorioess.org.ar\/index.php\/2015\/01\/14\/sin-asistencia-para-los-barrios-mas-vulnerables\/"},"modified":"2025-03-25T15:19:09","modified_gmt":"2025-03-25T18:19:09","slug":"sin-asistencia-para-los-barrios-mas-vulnerables","status":"publish","type":"post","link":"http:\/\/fmriachuelo.it10.com.ar\/index.php\/2015\/01\/14\/sin-asistencia-para-los-barrios-mas-vulnerables\/","title":{"rendered":"SIN ASISTENCIA PARA LOS BARRIOS MAS VULNERABLES"},"content":{"rendered":"<p><span style=\"color: red; font-family: Verdana, sans-serif; font-size: large;\"><strong>LAS POLITICAS DEL GOBIERNO DE LA CIUDAD<\/strong><\/span><br \/>\n<span style=\"font-family: Verdana, sans-serif; font-size: large;\"><strong>\u00bfNo hay ambulancias para las villas?<\/strong><\/span><br \/>\n<strong><span style=\"font-family: Verdana;\">Un reclamo deso\u00eddo desde hace muchos a\u00f1os<\/span><\/strong><\/p>\n<div style=\"clear: both; text-align: center;\"><a style=\"clear: left; float: left; margin-bottom: 1em; margin-right: 1em;\" href=\"http:\/\/4.bp.blogspot.com\/-8v6tDwOUzTk\/VLaueiLywuI\/AAAAAAAACWM\/vPsORbNbXO8\/s1600\/AMBULANC.jpg\"><img loading=\"lazy\" decoding=\"async\" src=\"http:\/\/4.bp.blogspot.com\/-8v6tDwOUzTk\/VLaueiLywuI\/AAAAAAAACWM\/vPsORbNbXO8\/s1600\/AMBULANC.jpg\" width=\"320\" height=\"196\" border=\"0\" \/><\/a><\/div>\n<div style=\"clear: both; text-align: left;\">\u00a0<span style=\"font-family: Verdana, sans-serif;\">Hace pocos d\u00edas Mar\u00eda Eugenia Vidal hizo entrega de ambulancias del SAME, que seg\u00fan el PRO, no pod\u00eda usarse en Capital Federal. Esto fue enviado mediante un convenio a los intendentes de los municipios de Chascomus, Saladillo, Ayacucho y Daireaux, donde gobiernan el radicalismo. Las cr\u00edticas que surgen es el porqu\u00e9 no los destina para los vecinos de las villas y tambi\u00e9n el uso de bienes del Estado con el fin de sumar aliados a su campa\u00f1a pol\u00edtica que lleva como pre candidata a gobernadora de Provincia de Buenos Aires.<\/span><a name=\"more\"><\/a><span style=\"font-family: Verdana, sans-serif;\"><br \/>\nCabe recordar que el reclamo de ambulancias para las villas de la Ciudad de Buenos Aires lleva muchos a\u00f1os. La justicia le exige que cumpla con el derecho de otorgar ambulancias para las villas y aun no cumple esto. Esto trae consecuencias como la perdida de vida de los vecinos que no pueden tener un acceso a este servicio. Uno, porque las ambulancias no ingresan por los pasillos angostos (consecuencia de la no urbanizaci\u00f3n) y\/o algunos m\u00e9dicos que no quieren ingresar.<br \/>\nAnte este reclamo el Movimiento Patria Grande en conjunto con la Junta Vecinal de villa 21 \u2013 24 y otros delegados de las villas, lograron tener una ambulancia del barrio que es conducida por choferes del lugar. Un ejemplo de que si uno quiere puede hacer grandes cosas y no solo regalar con fines de campa\u00f1as un servicio de salud para los barrios mas vulnerados.<\/span><\/p>\n<div><span style=\"font-family: Verdana, sans-serif;\"><span style=\"color: blue;\">Fuente: Mundo Villa, Producci\u00f3n Riachuelo<\/span><\/span><\/div>\n<div style=\"clear: both; text-align: center;\"><a style=\"clear: left; float: left; margin-bottom: 1em; margin-right: 1em;\" href=\"http:\/\/1.bp.blogspot.com\/-9R-sXn3ePlw\/VLavAtdvssI\/AAAAAAAACWY\/Yu4Mwkzs1F0\/s1600\/COOP%2BRIACHIUELO%2BPRODUCCIONES.jpg\"><img loading=\"lazy\" decoding=\"async\" src=\"http:\/\/1.bp.blogspot.com\/-9R-sXn3ePlw\/VLavAtdvssI\/AAAAAAAACWY\/Yu4Mwkzs1F0\/s1600\/COOP%2BRIACHIUELO%2BPRODUCCIONES.jpg\" width=\"200\" height=\"58\" border=\"0\" \/><\/a><\/div>\n<p><span style=\"font-family: Verdana, sans-serif;\"><br \/>\n<\/span><\/p>\n<\/div>\n","protected":false},"excerpt":{"rendered":"<p>LAS POLITICAS DEL GOBIERNO DE LA CIUDAD \u00bfNo hay ambulancias para las villas? Un reclamo deso\u00eddo desde hace muchos a\u00f1os \u00a0Hace pocos d\u00edas Mar\u00eda Eugenia Vidal hizo entrega de ambulancias del SAME, que seg\u00fan el PRO, no pod\u00eda usarse en Capital Federal. Esto fue enviado mediante un convenio a los intendentes de los municipios de [&hellip;]<\/p>\n","protected":false},"author":4,"featured_media":0,"comment_status":"open","ping_status":"open","sticky":false,"template":"","format":"standard","meta":{"_monsterinsights_skip_tracking":false,"_monsterinsights_sitenote_active":false,"_monsterinsights_sitenote_note":"","_monsterinsights_sitenote_category":0,"jnews-multi-image_gallery":[],"jnews_single_post":{"format":"standard"},"jnews_primary_category":[],"_joinchat":[],"footnotes":""},"categories":[58],"tags":[147,69],"class_list":["post-797","post","type-post","status-publish","format-standard","hentry","category-noticiariachuelo","tag-habitat","tag-salud"],"_links":{"self":[{"href":"http:\/\/fmriachuelo.it10.com.ar\/index.php\/wp-json\/wp\/v2\/posts\/797","targetHints":{"allow":["GET"]}}],"collection":[{"href":"http:\/\/fmriachuelo.it10.com.ar\/index.php\/wp-json\/wp\/v2\/posts"}],"about":[{"href":"http:\/\/fmriachuelo.it10.com.ar\/index.php\/wp-json\/wp\/v2\/types\/post"}],"author":[{"embeddable":true,"href":"http:\/\/fmriachuelo.it10.com.ar\/index.php\/wp-json\/wp\/v2\/users\/4"}],"replies":[{"embeddable":true,"href":"http:\/\/fmriachuelo.it10.com.ar\/index.php\/wp-json\/wp\/v2\/comments?post=797"}],"version-history":[{"count":2,"href":"http:\/\/fmriachuelo.it10.com.ar\/index.php\/wp-json\/wp\/v2\/posts\/797\/revisions"}],"predecessor-version":[{"id":23218,"href":"http:\/\/fmriachuelo.it10.com.ar\/index.php\/wp-json\/wp\/v2\/posts\/797\/revisions\/23218"}],"wp:attachment":[{"href":"http:\/\/fmriachuelo.it10.com.ar\/index.php\/wp-json\/wp\/v2\/media?parent=797"}],"wp:term":[{"taxonomy":"category","embeddable":true,"href":"http:\/\/fmriachuelo.it10.com.ar\/index.php\/wp-json\/wp\/v2\/categories?post=797"},{"taxonomy":"post_tag","embeddable":true,"href":"http:\/\/fmriachuelo.it10.com.ar\/index.php\/wp-json\/wp\/v2\/tags?post=797"}],"curies":[{"name":"wp","href":"https:\/\/api.w.org\/{rel}","templated":true}]}}