{"id":796,"date":"2015-01-15T17:16:00","date_gmt":"2015-01-15T17:16:00","guid":{"rendered":"http:\/\/fmriachuelo.observatorioess.org.ar\/index.php\/2015\/01\/15\/haiti-su-situacion-actual\/"},"modified":"2025-03-25T15:19:59","modified_gmt":"2025-03-25T18:19:59","slug":"haiti-su-situacion-actual","status":"publish","type":"post","link":"http:\/\/fmriachuelo.it10.com.ar\/index.php\/2015\/01\/15\/haiti-su-situacion-actual\/","title":{"rendered":"HAITI SU SITUACION ACTUAL"},"content":{"rendered":"<p><span style=\"font-family: Verdana, sans-serif;font-size: large\"><strong><\/strong><\/span>&nbsp;<strong><span style=\"color: red;font-family: Verdana, sans-serif;font-size: large\">INDIFERENCIA Y ABANDONO<\/span><\/strong><br \/><span style=\"font-family: Verdana, sans-serif;font-size: large\"><strong>Ese dolor llamado Hait\u00ed (1\u00aa parte)<\/strong><\/span><\/p>\n<div style=\"clear: both;text-align: center\"><a href=\"http:\/\/2.bp.blogspot.com\/-7-hAtVA-Gjs\/VLfVJy65OXI\/AAAAAAAACW4\/BqYYB8a1_uY\/s1600\/HAITI.png\" style=\"clear: left;float: left;margin-bottom: 1em;margin-right: 1em\"><img loading=\"lazy\" decoding=\"async\" border=\"0\" src=\"http:\/\/2.bp.blogspot.com\/-7-hAtVA-Gjs\/VLfVJy65OXI\/AAAAAAAACW4\/BqYYB8a1_uY\/s1600\/HAITI.png\" height=\"182\" width=\"320\" \/><\/a><\/div>\n<p><span style=\"font-family: Verdana, sans-serif\"><strong>Hace cinco a\u00f1os, Hait\u00ed se transformaba en una monta\u00f1a de escombros.<\/strong><span style=\"font-size: 8pt\"><strong><span style=\"font-family: Times New Roman\">La vida en uno de los campos de refugiados que a\u00fan permanecen en Hait\u00ed. Foto: Mauricio Vicent (El Pa\u00eds)<\/span><\/strong><\/span><br \/>M\u00e1s de 250 mil personas murieron como consecuencia de un desastre que algunos llamaron \u201cnatural\u201d. Casi dos tercios de la poblaci\u00f3n m\u00e1s pobre, en un pa\u00eds donde casi todos son pobres, perdieron sus casas, sus pocas pertenencias y muchos seres queridos. Hace cinco a\u00f1os, Hait\u00ed volv\u00eda a ser noticia mundial y a generar una ola de promesas de ayuda y cooperaci\u00f3n, gran parte de las cuales se fueron desvaneciendo, sin que nunca llegaran a concretarse. Hace cinco a\u00f1os, en Hait\u00ed, ocurr\u00eda lo que se sab\u00eda que pod\u00eda a ocurrir y lo que sabemos que probablemente vuelva a suceder: un sistem\u00e1tico desprecio hacia la vida humana que se ha repetido sin soluci\u00f3n de continuidad ante la indiferencia o la complicidad de sus gobiernos y de una comunidad internacional que hace de la solidaridad con este peque\u00f1o pa\u00eds del Caribe una de sus m\u00e1s frecuentes imposturas. <\/span><\/p>\n<div style=\"clear: both;text-align: center\"><\/div>\n<p><span style=\"font-size: 8pt\"><strong><\/strong><\/span><br \/><span style=\"font-size: 8pt\"><\/span><br \/><a name='more'><\/a><br \/><span style=\"font-family: Verdana, sans-serif\">Muchos denunciaron que, a medida que pasaran los a\u00f1os, pocos se acordar\u00edan del terremoto de Hait\u00ed. El vaticinio parece aplicarse de forma clara a la prensa latinoamericana, la cual casi ni mencion\u00f3 y siquiera analiz\u00f3 los avances y retrocesos del pa\u00eds, pasada media d\u00e9cada del episodio. Tampoco lo hicieron buena parte de los portales de noticias, inclusive los m\u00e1s progresistas y de izquierda, que solaparon el hecho como si se tratara de un tema menor o quiz\u00e1s poco relevante en un escenario mundial convulsionado por el brutal atentado a la revista francesa Charlie Hebdo.<\/p>\n<p>La indiferencia de la prensa latinoamericana puede contrastarse con el espacio que le dedicaron al asunto algunos de los principales peri\u00f3dicos del mundo, como <\/span><span style=\"font-family: Verdana, sans-serif\">Le Monde<\/span><span style=\"font-family: Verdana, sans-serif\">, <\/span><span style=\"font-family: Verdana, sans-serif\">The Guardian<\/span><span style=\"font-family: Verdana, sans-serif\"> o <\/span><span style=\"font-family: Verdana, sans-serif\">El Pa\u00eds<\/span><span style=\"font-family: Verdana, sans-serif\">, que durante la semana previa y el mismo 12 de enero, publicaron diversos reportajes sobre la coyuntura haitiana a cinco a\u00f1os del desastre. En sus notas, los tres peri\u00f3dicos destacaron el limitado alcance e impacto de la cooperaci\u00f3n internacional para contribuir con la reconstrucci\u00f3n del pa\u00eds; la cada vez m\u00e1s intensa y aguda crisis pol\u00edtica local; as\u00ed como la multiplicaci\u00f3n de injusticias y problemas sociales, particularmente <\/span><a href=\"http:\/\/elpais.com\/elpais\/2015\/01\/07\/planeta_futuro\/1420656202_184900.html\"><span style=\"font-family: Verdana, sans-serif\">en el campo de la vivienda<\/span><\/a><span style=\"font-family: Verdana, sans-serif\">, las cuales persisten y se agudizaron desde el terremoto del 2010.<\/p>\n<p>Sin embargo, dos temas fundamentales en el an\u00e1lisis de las perspectivas actuales y futuras de Hait\u00ed pasaron casi inadvertidos en las pocas cr\u00f3nicas publicadas al respecto: el papel desempe\u00f1ado por la Misi\u00f3n de Estabilizaci\u00f3n de las Naciones Unidas, la MINUSTAH, y el agravamiento de las relaciones entre Hait\u00ed y Rep\u00fablica Dominicana. Dos temas de enorme importancia que deber\u00edan no s\u00f3lo activar la preocupaci\u00f3n informativa y anal\u00edtica de la prensa latinoamericana y caribe\u00f1a, sino tambi\u00e9n ocupar el centro de las atenciones de los gobiernos y de las sociedades de la regi\u00f3n.<\/p>\n<p>Como siempre, Hait\u00ed s\u00f3lo parece ser noticia cuando varios miles de haitianos pierden la vida porque la tierra tiembla, porque son invadidos por alguna potencia imperial o porque se abate sobre su pueblo una dictadura bestial.<\/span><span style=\"font-family: Verdana, sans-serif\"><\/span><br \/><span style=\"font-family: Verdana, sans-serif\">La MINUSTAH<\/p>\n<p>La <\/span><a href=\"http:\/\/www.un.org\/es\/comun\/docs\/?symbol=S\/RES\/1542%20(2004)\"><span style=\"font-family: Verdana, sans-serif\">Resoluci\u00f3n 1542<\/span><\/a><span style=\"font-family: Verdana, sans-serif\">, aprobada por el Consejo de Seguridad de las Naciones Unidas el 30 de abril del 2004, estableci\u00f3 que, en un contexto de grav\u00edsima crisis pol\u00edtica y ante la \u201cfirme determinaci\u00f3n de preservar la soberan\u00eda, la independencia, la integridad territorial y la unidad de Hait\u00ed\u201d, se establecer\u00eda en el pa\u00eds una fuerza internacional compuesta por 6.700 efectivos militares,  1.622 polic\u00edas, 550 funcionarios civiles internacionales, 150 voluntarios y 1.000 miembros de personal civil local, que deber\u00eda contribuir con el establecimiento de un \u201centorno seguro y estable\u201d para el restituci\u00f3n del estado de derecho y el orden p\u00fablico. La <\/span><a href=\"http:\/\/www.un.org\/es\/peacekeeping\/missions\/minustah\/\"><span style=\"font-family: Verdana, sans-serif\">Misi\u00f3n<\/span><\/a><span style=\"font-family: Verdana, sans-serif\"> fue establecida con el mandato de contribuir con la reforma de las fuerzas policiales locales; proteger a la poblaci\u00f3n civil; apoyar la estabilidad pol\u00edtica; ayudar al desarrollo de elecciones municipales, parlamentarias y presidenciales libres y transparentes; as\u00ed como promover y proteger los derechos humanos, entre otras responsabilidades.<\/p>\n<p>Inicialmente, la MINUSTAH deb\u00eda cumplir sus tareas en seis meses. Lleva en el pa\u00eds m\u00e1s de diez a\u00f1os.<\/p>\n<p>Los <\/span><a href=\"http:\/\/www.un.org\/es\/peacekeeping\/missions\/minustah\/facts.shtml\"><span style=\"font-family: Verdana, sans-serif\">efectivos militares<\/span><\/a><span style=\"font-family: Verdana, sans-serif\">, bajo el comando de Brasil, corresponden a los ej\u00e9rcitos de Argentina, Bolivia, Brasil, Canad\u00e1, Chile, Ecuador, El Salvador, Estados Unidos, Filipinas, Francia, Guatemala, Honduras, Indonesia, Jordania, Nepal, Paraguay, Per\u00fa, Rep\u00fablica de Corea, Sri Lanka y Uruguay. Los agentes de polic\u00eda a las fuerzas de Argentina, Bangladesh, Benin, Brasil, Burkina Faso, Burundi, Camer\u00fan, Canad\u00e1, Chad, Chile, Colombia, C\u00f4te d&#8217;Ivoire, Croacia, Egipto, Espa\u00f1a, Estados Unidos, Federaci\u00f3n Rusa, Filipinas, Francia, Granada, Guinea, Guinea-Bissau, India, Jamaica, Jordania, Kirguist\u00e1n, Lituania, Madagascar, Mali, Nepal, N\u00edger, Nigeria, Noruega, Pakist\u00e1n, Paraguay, Portugal, Reino Unido, Rumania, Rwanda, Senegal, Serbia, Sierra Leona, Sri Lanka, Tailandia, T\u00fanez, Turqu\u00eda, Uruguay, Vanuatu y Yemen.<\/p>\n<p>A medida que la permanencia de las fuerzas militares de la ONU se prolongaba en Hait\u00ed, numerosas cr\u00edticas a su eficacia comenzaron a multiplicarse dentro y fuera del pa\u00eds. Mediante diversas resoluciones, el Consejo de Seguridad fue renovando o ampliando el mandato de la Misi\u00f3n, aunque sus resultados siempre fueron considerados dudosos o, como m\u00ednimo, modestos.<\/p>\n<p>El d\u00eda 7 de enero de 2006, el jefe militar de la Misi\u00f3n, el general brasile\u00f1o Urano Teixeira da Mata Bacelar, <\/span><a href=\"http:\/\/www.un.org\/spanish\/News\/story.asp?newsID=6088&amp;criteria1=Haiti#.VLaym2SG_S4\"><span>fue encontrado muerto con un impacto de bala en el cuarto de su hotel<\/span><\/a><span style=\"font-family: Verdana, sans-serif\">, en Puerto Pr\u00edncipe. El episodio fue caratulado como suicidio, aunque encendi\u00f3 numerosas especulaciones sobre su motivaci\u00f3n y, en particular, sobre el trabajo realizado en el pa\u00eds por las fuerzas militares bajo el comando de Brasil.<\/p>\n<p>El terremoto del 2010 le otorg\u00f3 a la Misi\u00f3n de la ONU un renovado papel en el apoyo a la poblaci\u00f3n civil y en la reconstrucci\u00f3n de la deteriorada infraestructura nacional. Ante el inmenso caos vivido, el Consejo de Seguridad estableci\u00f3 por su <\/span><a href=\"http:\/\/www.un.org\/es\/comun\/docs\/?symbol=S\/RES\/1927(2010)\"><span style=\"font-family: Verdana, sans-serif\">Resoluci\u00f3n 1927<\/span><\/a><span style=\"font-family: Verdana, sans-serif\">, que el n\u00famero de cuadros militares y policiales destacados en el pa\u00eds, deber\u00eda aumentar a m\u00e1s de 13.000 efectivos.<\/p>\n<p>Durante el sismo, 102 funcionarios de las Naciones Unidas perdieron la vida.<\/p>\n<p>Aunque la Misi\u00f3n aument\u00f3 num\u00e9ricamente y diversific\u00f3 su mandato, las cr\u00edticas a su accionar y las dudas sobre la necesidad de su permanencia no dejaron de aumentar: numerosas denuncias sobre atropellos y abusos de autoridad, ocupaci\u00f3n arbitraria de espacios urbanos, violencia f\u00edsica y sexual por parte de las fuerzas militares, comenzaron a tomar estado p\u00fablico.<\/p>\n<p>En octubre del 2010, un brote de c\u00f3lera se desat\u00f3 en Hait\u00ed. La enfermedad estaba erradicada desde hac\u00eda ya medio siglo en el pa\u00eds. El origen de la epidemia fue atribuida a las fuerzas de seguridad de Nepal, apostadas cerca del r\u00edo Artibonito, desde donde comenz\u00f3 a propagarse la enfermedad. La <\/span><a href=\"http:\/\/www.ijdh.org\/2015\/01\/topics\/health\/u-n-immune-from-accountability-for-cholera-in-haiti-says-u-s-court\/\"><span style=\"font-family: Verdana, sans-serif\">ONU siempre neg\u00f3 la responsabilidad de las fuerzas nepal\u00edes en el hecho<\/span><\/a><span style=\"font-family: Verdana, sans-serif\">, aunque diversas <\/span><a href=\"http:\/\/www.ijdh.org\/category\/topics\/\"><span style=\"font-family: Verdana, sans-serif\">denuncias<\/span><\/a><span style=\"font-family: Verdana, sans-serif\"> se multiplicaron a nivel mundial. Hasta el momento, <\/span><a href=\"http:\/\/elpais.com\/elpais\/2014\/12\/17\/album\/1418821714_584086.html#1418821714_584086_1418828630\"><span style=\"font-family: Verdana, sans-serif\">casi 9 mil haitianos han muerto de c\u00f3lera y cerca de 700 mil han sido infectados por el virus<\/span><\/a><span style=\"font-family: Verdana, sans-serif\">.<\/p>\n<p>En mayo del 2011, un joven haitiano de 18 a\u00f1os denunci\u00f3 haber sido violado por militares uruguayos. Los efectivos filmaron el hecho y la divulgaci\u00f3n del v\u00eddeo hizo que la noticia ganara proyecci\u00f3n mundial. Dos a\u00f1os m\u00e1s tarde, <\/span><a href=\"http:\/\/www.diariolibre.com\/latinoamerica\/2013\/09\/19\/i402887_condenan-soldados-uruguayos-por-violacin-joven-haitiano.html\"><span style=\"font-family: Verdana, sans-serif\">los cuatro militares uruguayos fueron condenados<\/span><\/a><span style=\"font-family: Verdana, sans-serif\">.<\/p>\n<p>A los habituales problemas de Hait\u00ed, agravados por el terremoto que devast\u00f3 el pa\u00eds, se sum\u00f3 la existencia de una fuerza de ocupaci\u00f3n militar que poco parece haber contribuido con la construcci\u00f3n de una institucionalidad democr\u00e1tica estable y segura. Hait\u00ed vive hoy una enorme crisis pol\u00edtica. El proceso electoral, que deber\u00eda permitir la renovaci\u00f3n de autoridades locales y legislativas, se ha suspendido durante meses y, seg\u00fan <\/span><a href=\"http:\/\/internacional.elpais.com\/internacional\/2015\/01\/11\/actualidad\/1421008112_581771.html\"><span style=\"font-family: Verdana, sans-serif\">el acuerdo logrado en las \u00faltimas horas<\/span><\/a><span style=\"font-family: Verdana, sans-serif\">, se llevar\u00e1 a cabo a fines del 2015. Considerando los antecedentes, hay serias dudas en que el gobierno nacional vaya a cumplir este plazo. El Presidente Martelly sufre una intensa oposici\u00f3n, que crece en manifestaciones callejeras cuya represi\u00f3n es cada vez m\u00e1s violenta. Aunque <\/span><a href=\"http:\/\/www.worldbank.org\/content\/dam\/Worldbank\/document\/Poverty%20documents\/Haiti_PA_overview_web_EN.pdf\"><span style=\"font-family: Verdana, sans-serif\">la pobreza extrema ha disminuido<\/span><\/a><span style=\"font-family: Verdana, sans-serif\">, las p\u00e9simas condiciones de vida, de acceso a un empleo estable, de vivienda y salud dignas, poco han mejorado sustantivamente en la \u00faltima d\u00e9cada. Ha habido un aumento en las tasas de matriculaci\u00f3n educativa, aunque \u00e9sta se concentra en instituciones privadas que cuentan con subsidio p\u00fablico, en uno de los sistemas escolares m\u00e1s pobres y privatizados del planeta. Las estad\u00edsticas de acceso a la educaci\u00f3n no pueden ocultar la inmensa precariedad educativa que vive el pa\u00eds y persistente negaci\u00f3n del derecho a la educaci\u00f3n a la gran mayor\u00eda del pueblo haitiano, particularmente, a sus ni\u00f1as y ni\u00f1os.<\/p>\n<p>Ya no se ven tantos escombros por las calles de Puerto Pr\u00edncipe, es verdad. Pero Hait\u00ed contin\u00faa siendo un territorio devastado por los intereses econ\u00f3micos y pol\u00edticos de sus oligarqu\u00edas; cruzado transversalmente por un sistema de cooperaci\u00f3n internacional que no deja de evidenciar enormes fallas, una gran ineptitud operativa y normativa, as\u00ed como la hip\u00f3crita evidencia de que buena parte de los recursos destinados a <\/span><a href=\"http:\/\/www.cepr.net\/index.php\/press-releases\/press-releases\/five-years-after-haitis-earthquake-international-community-still-must-act-to-address-urgent-needs-cepr-co-director-says\"><span style=\"font-family: Verdana, sans-serif\">la asistencia para el desarrollo nacional se gastan en las agencias y empresas de los propios pa\u00edses donantes<\/span><\/a><span style=\"font-family: Verdana, sans-serif\">.<\/p>\n<p>Hait\u00ed es una naci\u00f3n arruinada por la tutela del <\/span><a href=\"http:\/\/www.worldbank.org\/en\/country\/haiti\"><span style=\"font-family: Verdana, sans-serif\">Banco Mundia<\/span><\/a><span style=\"font-family: Verdana, sans-serif\">l; una instituci\u00f3n que, por donde ha pasado, en Am\u00e9rica Latina y el mundo, ha sembrado miseria y planes de ajuste que en nada han beneficiado el acceso efectivo a mejores condiciones de vida para las poblaciones m\u00e1s pobres y excluidas. En Hait\u00ed, los planes improvisados y de muy dudosa justificaci\u00f3n t\u00e9cnica del Banco Mundial s\u00f3lo han contribuido a privatizar y fragilizar a\u00fan m\u00e1s una esfera p\u00fablica degradada por el abandono hist\u00f3rico y por los escombros que cubrieron algunos de sus principales ministerios hace ya cinco a\u00f1os.  Habr\u00e1 que esperar quiz\u00e1s una d\u00e9cada para que, como ya ha ocurrido casi siempre en todos los sitios, descubramos que las pol\u00edticas del Banco Mundial han tenido un impacto negativo en la generaci\u00f3n de bienestar y justicia social, expandiendo din\u00e1micas mercantiles y competitivas en las pol\u00edticas sociales. Una d\u00e9cada para descubrir que, nuevamente, el discurso de los derechos humanos se ha usado como una hip\u00f3crita coartada para gastar millones de d\u00f3lares en programas experimentales que no parecen beneficiar a nadie m\u00e1s que a los tecn\u00f3cratas que los idealizan.<\/p>\n<p>Para mal de males, la MINUSTAH, no s\u00f3lo no parece cumplir su mandato con eficacia, sino que crea problemas que el pa\u00eds no ten\u00eda y amplifica la sensaci\u00f3n de inseguridad, de prepotencia, de invasi\u00f3n y de afrenta a la soberan\u00eda nacional que siente gran parte de la sociedad haitiana.<\/p>\n<p>\u00bfCu\u00e1ndo se ir\u00e1 la MINUSTAH de Hait\u00ed? No se sabe a ciencia cierta. Su mandato ha sido prorrogado hasta el 15 de octubre del 2015.<\/p>\n<p>El ex presidente uruguayo Jos\u00e9 Mujica declar\u00f3 en diversas oportunidades ser favorable al retiro de las tropas de su pa\u00eds en Hait\u00ed. El ex presidente brasile\u00f1o Lula, sostuvo a comienzos del a\u00f1o pasado, que es necesario \u00absustituir la vertiente de la seguridad por la del desarrollo\u00bb, lo que implicaba m\u00e1s cooperaci\u00f3n y con nuevas finalidades en Hait\u00ed. Consider\u00f3 que las futuras elecciones presidenciales, previstas para el 2016, deb\u00edan ser l\u00edmite para la \u00abdevoluci\u00f3n al pueblo<br \/>\n haitiano de las responsabilidades de su seguridad\u00bb y sostuvo la necesidad de una Conferencia de la ONU sobre Hait\u00ed, evaluando lo que fue realizado durante estos \u00faltimos diez a\u00f1os y lo que deber\u00eda ser realizado a partir de ahora.<\/p>\n<p>Por su parte, el Premio N\u00f3bel de la Paz, el argentino Adolfo P\u00e9rez Esquivel, ha desarrollado una amplia campa\u00f1a internacional, exigiendo el retiro inmediato de las tropas de la ONU en Hait\u00ed.<\/span><br \/><span style=\"color: blue;font-family: Verdana\">Fuente: Por Pablo Gentili\/Contrapuntos\/El Pa\u00eds, Producci\u00f3n Riachuelo<\/span><\/p>\n<div style=\"clear: both;text-align: center\"><a href=\"http:\/\/2.bp.blogspot.com\/-YemWax2tvI8\/VLfWgb3p8OI\/AAAAAAAACXA\/nONguoWQu9Y\/s1600\/COOP%2BRIACHIUELO%2BPRODUCCIONES.jpg\" style=\"clear: left;float: left;margin-bottom: 1em;margin-right: 1em\"><img loading=\"lazy\" decoding=\"async\" border=\"0\" src=\"http:\/\/2.bp.blogspot.com\/-YemWax2tvI8\/VLfWgb3p8OI\/AAAAAAAACXA\/nONguoWQu9Y\/s1600\/COOP%2BRIACHIUELO%2BPRODUCCIONES.jpg\" height=\"58\" width=\"200\" \/><\/a><\/div>\n","protected":false},"excerpt":{"rendered":"<p>&nbsp;INDIFERENCIA Y ABANDONOEse dolor llamado Hait\u00ed (1\u00aa parte) Hace cinco a\u00f1os, Hait\u00ed se transformaba en una monta\u00f1a de escombros.La vida en uno de los campos de refugiados que a\u00fan permanecen en Hait\u00ed. Foto: Mauricio Vicent (El Pa\u00eds)M\u00e1s de 250 mil personas murieron como consecuencia de un desastre que algunos llamaron \u201cnatural\u201d. Casi dos tercios de [&hellip;]<\/p>\n","protected":false},"author":4,"featured_media":0,"comment_status":"open","ping_status":"open","sticky":false,"template":"","format":"standard","meta":{"_monsterinsights_skip_tracking":false,"_monsterinsights_sitenote_active":false,"_monsterinsights_sitenote_note":"","_monsterinsights_sitenote_category":0,"jnews-multi-image_gallery":[],"jnews_single_post":{"format":"standard"},"jnews_primary_category":[],"_joinchat":[],"footnotes":""},"categories":[58],"tags":[70],"class_list":["post-796","post","type-post","status-publish","format-standard","hentry","category-noticiariachuelo","tag-de-la-patria-grande"],"_links":{"self":[{"href":"http:\/\/fmriachuelo.it10.com.ar\/index.php\/wp-json\/wp\/v2\/posts\/796","targetHints":{"allow":["GET"]}}],"collection":[{"href":"http:\/\/fmriachuelo.it10.com.ar\/index.php\/wp-json\/wp\/v2\/posts"}],"about":[{"href":"http:\/\/fmriachuelo.it10.com.ar\/index.php\/wp-json\/wp\/v2\/types\/post"}],"author":[{"embeddable":true,"href":"http:\/\/fmriachuelo.it10.com.ar\/index.php\/wp-json\/wp\/v2\/users\/4"}],"replies":[{"embeddable":true,"href":"http:\/\/fmriachuelo.it10.com.ar\/index.php\/wp-json\/wp\/v2\/comments?post=796"}],"version-history":[{"count":1,"href":"http:\/\/fmriachuelo.it10.com.ar\/index.php\/wp-json\/wp\/v2\/posts\/796\/revisions"}],"predecessor-version":[{"id":22267,"href":"http:\/\/fmriachuelo.it10.com.ar\/index.php\/wp-json\/wp\/v2\/posts\/796\/revisions\/22267"}],"wp:attachment":[{"href":"http:\/\/fmriachuelo.it10.com.ar\/index.php\/wp-json\/wp\/v2\/media?parent=796"}],"wp:term":[{"taxonomy":"category","embeddable":true,"href":"http:\/\/fmriachuelo.it10.com.ar\/index.php\/wp-json\/wp\/v2\/categories?post=796"},{"taxonomy":"post_tag","embeddable":true,"href":"http:\/\/fmriachuelo.it10.com.ar\/index.php\/wp-json\/wp\/v2\/tags?post=796"}],"curies":[{"name":"wp","href":"https:\/\/api.w.org\/{rel}","templated":true}]}}