{"id":7953,"date":"2018-08-22T23:07:03","date_gmt":"2018-08-22T23:07:03","guid":{"rendered":"http:\/\/fmriachuelo.com.ar\/?p=7953"},"modified":"2018-08-22T23:07:03","modified_gmt":"2018-08-22T23:07:03","slug":"terciarios-artisticos-en-pie-de-lucha-marcharan-a-la-plata-por-mayor-presupuesto-para-el-sector","status":"publish","type":"post","link":"http:\/\/fmriachuelo.it10.com.ar\/index.php\/2018\/08\/22\/terciarios-artisticos-en-pie-de-lucha-marcharan-a-la-plata-por-mayor-presupuesto-para-el-sector\/","title":{"rendered":"TERCIARIOS ART\u00cdSTICOS EN PIE DE LUCHA: MARCHAR\u00c1N A LA PLATA POR MAYOR PRESUPUESTO PARA EL SECTOR"},"content":{"rendered":"<p><strong>[FM RIACHUELO 22\/08\/2018] Ma\u00f1ana a partir de las 9:00 hs los terciarios nucleados en el Frente de Estudiantes de Art\u00edstica (FEA), concentrar\u00e1n en la Plaza Dardo Rocha de la ciudad de La Plata para exigirle al gobierno de Mar\u00eda Eugenia Vidal condiciones dignas de trabajo y cursada, incremento de los m\u00f3dulos para que ning\u00fan alumno se quede sin cupo y soluciones estructurales como una ley de financiamiento que destine fondos espec\u00edficos para el sector.<\/strong><\/p>\n<p>Rompe el Cerco Informativo entrevist\u00f3 a Sof\u00eda Y Luca, estudiantes de la Escuela de M\u00fasica Popular de Avellaneda (EMPA) que explicaron la situaci\u00f3n cr\u00edtica en la que se encuentran los terciarios y los reclamos concretos que vienen presentando ante el gobierno provincial. Tanto los estudiantes, como docentes y sindicatos marchar\u00e1n a la Direcci\u00f3n Provincial de Infraestructura Escolar (DPIE) y a la Direcci\u00f3n de Educaci\u00f3n Art\u00edstica (DEA), ambos organismos pertenecientes al Ministerio de Educaci\u00f3n y encargados de la gesti\u00f3n en cuestiones edilicias y administrativas, para rechazar el ajuste en la educaci\u00f3n y exigir soluciones urgentes, dada la crisis que padece el sector.<\/p>\n<p>Quienes eligen estudiar arte en la provincia de Buenos Aires, deben hacerse cargo de los gastos que esa educaci\u00f3n implica: <strong><em>\u201cson los propios estudiantes que terminan financi\u00e1ndose\u201d<\/em> <\/strong>explic\u00f3 Luca, y agreg\u00f3<strong> <em>\u201cla cooperadora junta mucho m\u00e1s dinero que el que baja la provincia\u201d<\/em>.<\/strong> Sof\u00eda por su lado dio un ejemplo que evidenci\u00f3 cual es el plan del gobierno bonaerense para vaciar los terciarios<strong> <em>\u201ceste a\u00f1o, en total bajaron $20 mil a la EMPA. Con esa cantidad de dinero se pueden comprar 4 pares de cuerdas de un contrabajo\u201d.<\/em><\/strong><\/p>\n<p><strong><em>\u201cCreemos que existe la necesidad de tener un presupuesto solamente para las escuelas de art\u00edstica, ya que nosotros cumplimos un rol bastante importante en la sociedad. Somos lo que refleja la sociedad, la cultura, y tambi\u00e9n somos maestros\u201d<\/em><\/strong> sostuvo Sof\u00eda y agreg\u00f3 que es alarmante la disminuci\u00f3n de alumnos inscriptos en los terciarios, producto de las pol\u00edticas de ajuste que impide a los estudiantes continuar sus estudios: <strong><em>\u201ca los terciarios no nos incluyen en el boleto estudiantil, y tenemos que pagarnos la SUBE, siendo que en la ley est\u00e1bamos contemplados, tanto como los niveles secundario, primario y jard\u00edn\u201d.<\/em><\/strong><\/p>\n<p>Cabe destacar que la movilizaci\u00f3n de las art\u00edsticas se da en el marco del plan de lucha nacional de las 57 universidades p\u00fablicas que est\u00e1n en paro por la falta de presupuesto y ajuste en educaci\u00f3n. En tanto que en Moreno contin\u00faa el acampe de los docentes que hace 16 d\u00edas exigen justicia por los trabajadores que perdieron sus vidas como consecuencia del abandono y desidia del estado provincial a cargo de Vidal.<\/p>\n<p>Escucha la entrevista completa en el siguiente link:<\/p>\n<p><a href=\"https:\/\/radiocut.fm\/audiocut\/las-artisticas-marchan-a-la-plata\/#f=show&amp;l=recent\" target=\"_blank\" rel=\"noopener\"><strong><span style=\"color: #ff0000\">ENTREVISTA A ESTUDIANTES DE TERCIARIOS ART\u00cdSTICOS<\/span><\/strong><\/a><\/p>\n","protected":false},"excerpt":{"rendered":"<p>[FM RIACHUELO 22\/08\/2018] Ma\u00f1ana a partir de las 9:00 hs los terciarios nucleados en el Frente de Estudiantes de Art\u00edstica (FEA), concentrar\u00e1n en la Plaza Dardo Rocha de la ciudad de La Plata para exigirle al gobierno de Mar\u00eda Eugenia Vidal condiciones dignas de trabajo y cursada, incremento de los m\u00f3dulos para que ning\u00fan alumno [&hellip;]<\/p>\n","protected":false},"author":5,"featured_media":7954,"comment_status":"open","ping_status":"open","sticky":false,"template":"","format":"standard","meta":{"_monsterinsights_skip_tracking":false,"_monsterinsights_sitenote_active":false,"_monsterinsights_sitenote_note":"","_monsterinsights_sitenote_category":0,"jnews-multi-image_gallery":[],"jnews_single_post":[],"jnews_primary_category":[],"_joinchat":[],"footnotes":""},"categories":[76,77],"tags":[],"class_list":["post-7953","post","type-post","status-publish","format-standard","has-post-thumbnail","hentry","category-salud-comunitaria","category-soberania"],"_links":{"self":[{"href":"http:\/\/fmriachuelo.it10.com.ar\/index.php\/wp-json\/wp\/v2\/posts\/7953","targetHints":{"allow":["GET"]}}],"collection":[{"href":"http:\/\/fmriachuelo.it10.com.ar\/index.php\/wp-json\/wp\/v2\/posts"}],"about":[{"href":"http:\/\/fmriachuelo.it10.com.ar\/index.php\/wp-json\/wp\/v2\/types\/post"}],"author":[{"embeddable":true,"href":"http:\/\/fmriachuelo.it10.com.ar\/index.php\/wp-json\/wp\/v2\/users\/5"}],"replies":[{"embeddable":true,"href":"http:\/\/fmriachuelo.it10.com.ar\/index.php\/wp-json\/wp\/v2\/comments?post=7953"}],"version-history":[{"count":0,"href":"http:\/\/fmriachuelo.it10.com.ar\/index.php\/wp-json\/wp\/v2\/posts\/7953\/revisions"}],"wp:featuredmedia":[{"embeddable":true,"href":"http:\/\/fmriachuelo.it10.com.ar\/index.php\/wp-json\/wp\/v2\/media\/7954"}],"wp:attachment":[{"href":"http:\/\/fmriachuelo.it10.com.ar\/index.php\/wp-json\/wp\/v2\/media?parent=7953"}],"wp:term":[{"taxonomy":"category","embeddable":true,"href":"http:\/\/fmriachuelo.it10.com.ar\/index.php\/wp-json\/wp\/v2\/categories?post=7953"},{"taxonomy":"post_tag","embeddable":true,"href":"http:\/\/fmriachuelo.it10.com.ar\/index.php\/wp-json\/wp\/v2\/tags?post=7953"}],"curies":[{"name":"wp","href":"https:\/\/api.w.org\/{rel}","templated":true}]}}