{"id":794,"date":"2015-01-16T02:36:00","date_gmt":"2015-01-16T02:36:00","guid":{"rendered":"http:\/\/fmriachuelo.observatorioess.org.ar\/index.php\/2015\/01\/16\/mexico-la-disputa-territorial-en-chiapas\/"},"modified":"2025-03-25T15:20:58","modified_gmt":"2025-03-25T18:20:58","slug":"mexico-la-disputa-territorial-en-chiapas","status":"publish","type":"post","link":"http:\/\/fmriachuelo.it10.com.ar\/index.php\/2015\/01\/16\/mexico-la-disputa-territorial-en-chiapas\/","title":{"rendered":"MEXICO: LA DISPUTA TERRITORIAL EN CHIAPAS"},"content":{"rendered":"<table align=\"center\" border=\"0\" cellpadding=\"3\" cellspacing=\"0\" style=\"width: 100%px\">\n<tbody>\n<tr>\n<td valign=\"top\"><strong><span style=\"color: red;font-family: Verdana;font-size: large\">LA LUCHA CAPITALISTA CONTRA EL TERRITORIO INDIGENA<\/span><\/strong><\/td>\n<\/tr>\n<tr>\n<td colspan=\"2\" valign=\"top\"><span style=\"font-family: Verdana, sans-serif\"><strong>Represi\u00f3n y despojo de tierras en Chiapas <\/strong><\/span><\/p>\n<div style=\"clear: both;text-align: center\"><a href=\"http:\/\/3.bp.blogspot.com\/-3qlcdJdS8o8\/VLh4F4eb85I\/AAAAAAAACXg\/MX8ZpPDiPtk\/s1600\/CHIAPAS.png\" style=\"clear: left;float: left;margin-bottom: 1em;margin-right: 1em\"><img loading=\"lazy\" decoding=\"async\" border=\"0\" src=\"http:\/\/3.bp.blogspot.com\/-3qlcdJdS8o8\/VLh4F4eb85I\/AAAAAAAACXg\/MX8ZpPDiPtk\/s1600\/CHIAPAS.png\" height=\"151\" width=\"320\" \/><\/a><\/div>\n<p><span style=\"font-family: Verdana, sans-serif\"><strong>En M\u00e9xico se conoce como ejido a las propiedades rurales de uso colectivo<\/strong>&nbsp;<strong>y&nbsp;los ejidatarios los propietarios comunales.<\/strong><\/span><span style=\"font-family: Verdana, sans-serif\"><span style=\"font-family: Times New Roman\">&nbsp;<\/span><\/span><br \/><span style=\"font-family: Verdana, sans-serif\">Las tierras comunales&nbsp; de San Sebasti\u00e1n Bachaj\u00f3n (Chil\u00f3n, zona norte de Chiapas) son escenario en estos d\u00edas de una lucha contra el despojo. Por un lado, ejidatarios (propietarios comunales de tierras) adherentes a la Sexta Declaraci\u00f3n de la Selva Lacandona. Por otro, el gobernador Manuel Velasco (Partido Verde) y la polic\u00eda estatal y federal.<\/span><span style=\"font-family: Verdana\"><i><strong>&nbsp; <\/strong><\/i><\/span><br \/><a name='more'><\/a><br \/><span style=\"font-family: Verdana, sans-serif\">En la madrugada del viernes 9 de enero, m\u00e1s de 600 efectivos policiales entraban a la fuerza y desalojaban la toma que manten\u00edan los propietarios comunales de Bachaj\u00f3n desde el d\u00eda 21 de diciembre. Ese d\u00eda, coincidiendo con la apertura del Festival Mundial de las Resistencias, los ejidatarios tomaron el control del territorio que antecede a la caseta de peaje para la entrada del balneario, que les hab\u00eda sido arrebatado por la fuerza policial en 2011. El \u00faltimo episodio nos sit\u00faa en el domingo 11 de enero, cuando, como respuesta, los ejidatarios volvieron a las tierras, bloqueando el paso de veh\u00edculos y la polic\u00eda respondi\u00f3 con disparos de balas de goma y munici\u00f3n real. El \u00faltimo recuento es de dos ejidatarios heridos.<\/p>\n<p>Un espejo del despojo<\/p>\n<p>La lucha del capitalismo actual en M\u00e9xico es contra el territorio de las comunidades ind\u00edgenas, uno de los pocos espacios a\u00fan preservado de la l\u00f3gica neoliberal, con econom\u00edas de subsistencia y modos de vida ligados al conocimiento del entorno.<\/p>\n<p>Las propuesta de la presidencia y los gobiernos estatales y municipales son: la reforma energ\u00e9tica, infraestructuras que vulneran territorios hist\u00f3ricos y tierras de propiedad comunal; as\u00ed como proyectos extractivos vinculados a megaempresas extranjeras (entre ellas, la mina de oro m\u00e1s grande de Latinoam\u00e9rica, a escasos kil\u00f3metros del lugar de la reciente matanza de estudiantes en Ayotzinapa). El pasado 9 de agosto se encontraban en La Realidad casi una treintena de pueblos ind\u00edgenas mexicanos para compartir las luchas por la tierra en cada uno de sus lugares. En el Caracol 1 del EZLN, territorio de la Selva Lacandona, se oy\u00f3 la voz de la lucha contra los proyectos ecotur\u00edsticos de la zona de Palenque, que incluy\u00f3 el relato de los adherentes a la Sexta de Bachaj\u00f3n. Tras los \u00faltimos episodios, el Congreso Nacional Ind\u00edgena (CNI), que aquella vez convoc\u00f3 la reuni\u00f3n, ahora muestra su solidaridad en un comunicado en el que concluyen: \u201cDe una vez les decimos que no vamos a parar en nuestra lucha por la vida\u201d.<\/span><\/p>\n<p><span style=\"font-family: Verdana, sans-serif\">Esas siete hect\u00e1reas hab\u00edan sido despojadas contra la voluntad de los propietarios comunales de Bachaj\u00f3n en 2011, y se construy\u00f3 un peaje del gobierno vinculado con el municipio vecino y el ejido de Agua Azul. Este municipio ind\u00edgena es, seg\u00fan el peri\u00f3dicoLa Jornada, \u201cuno de los m\u00e1s pr\u00f3speros del pa\u00eds, y se caracteriza por su oficialismo\u201d. El proyecto del gobierno federal es generar una \u201cReserva Especial de la Biosfera\u201d ligada a un megaproyecto de construcci\u00f3n de una autopista privada, y varias instalaciones hoteleras. En su formulaci\u00f3n, denuncian los ejidatarios y colectivos de derechos humanos, el Gobierno alter\u00f3 las coordenadas del mapa para ampliar el terreno, despojando del territorio a los ejidatarios de Bachaj\u00f3n bajo la asesor\u00eda de Norton Consulting con el proyecto tur\u00edstico \u201csalvajamente neoliberal\u201d de Mundo Maya (una especie de gran complejo tur\u00edstico similar a los de Canc\u00fan y Los Cabos, Baja California).<\/p>\n<p>La lucha que sigui\u00f3 cuenta con la persecuci\u00f3n primero hacia \u201clos que dirigen la lucha\u201d. Siguen sin esclarecerse dos asesinatos: el de Juan V\u00e1zquez Guzm\u00e1n, en 2012, y el de Juan Carlos G\u00f3mez Silvano, y la situaci\u00f3n de varios presos pol\u00edticos en c\u00e1rceles del Estado de Chiapas. Una de las ejidatarias presentes en la ocupaci\u00f3n del territorio recuperado comentaba justo antes del desalojo del viernes: \u201cEs necesario que todos estemos aqu\u00ed, porque \u00e9stas son las tierras de todos, de los que son ahora nuestros pap\u00e1s y los que en un futuro nos vamos a quedar\u00bb. La lucha por la tierra es una forma de vida que no puede dejar de ser tambi\u00e9n una forma de lucha. Son como espejos que nos hacen ver cual es la verdadera cara de los gobiernos y empresas, que conjuntamente agrandan las heridas de la tierra en M\u00e9xico<\/span>.<br \/><span style=\"color: blue;font-family: Verdana, sans-serif\">Fuente: Anred, Producci\u00f3n Riachuelo<\/span><\/p>\n<div style=\"clear: both;text-align: center\"><a href=\"http:\/\/3.bp.blogspot.com\/--W3DkzRA_dQ\/VLh6BWPkjeI\/AAAAAAAACXs\/hE7rI0wTHIA\/s1600\/COOP%2BRIACHIUELO%2BPRODUCCIONES.jpg\" style=\"clear: left;float: left;margin-bottom: 1em;margin-right: 1em\"><img loading=\"lazy\" decoding=\"async\" border=\"0\" src=\"http:\/\/3.bp.blogspot.com\/--W3DkzRA_dQ\/VLh6BWPkjeI\/AAAAAAAACXs\/hE7rI0wTHIA\/s1600\/COOP%2BRIACHIUELO%2BPRODUCCIONES.jpg\" height=\"58\" width=\"200\" \/><\/a><\/div>\n<p>&nbsp;<\/td>\n<\/tr>\n<\/tbody>\n<\/table>\n","protected":false},"excerpt":{"rendered":"<p>LA LUCHA CAPITALISTA CONTRA EL TERRITORIO INDIGENA Represi\u00f3n y despojo de tierras en Chiapas En M\u00e9xico se conoce como ejido a las propiedades rurales de uso colectivo&nbsp;y&nbsp;los ejidatarios los propietarios comunales.&nbsp;Las tierras comunales&nbsp; de San Sebasti\u00e1n Bachaj\u00f3n (Chil\u00f3n, zona norte de Chiapas) son escenario en estos d\u00edas de una lucha contra el despojo. Por un [&hellip;]<\/p>\n","protected":false},"author":4,"featured_media":0,"comment_status":"open","ping_status":"open","sticky":false,"template":"","format":"standard","meta":{"_monsterinsights_skip_tracking":false,"_monsterinsights_sitenote_active":false,"_monsterinsights_sitenote_note":"","_monsterinsights_sitenote_category":0,"jnews-multi-image_gallery":[],"jnews_single_post":{"format":"standard"},"jnews_primary_category":[],"_joinchat":[],"footnotes":""},"categories":[58],"tags":[174,70],"class_list":["post-794","post","type-post","status-publish","format-standard","hentry","category-noticiariachuelo","tag-cultura-originaria","tag-de-la-patria-grande"],"_links":{"self":[{"href":"http:\/\/fmriachuelo.it10.com.ar\/index.php\/wp-json\/wp\/v2\/posts\/794","targetHints":{"allow":["GET"]}}],"collection":[{"href":"http:\/\/fmriachuelo.it10.com.ar\/index.php\/wp-json\/wp\/v2\/posts"}],"about":[{"href":"http:\/\/fmriachuelo.it10.com.ar\/index.php\/wp-json\/wp\/v2\/types\/post"}],"author":[{"embeddable":true,"href":"http:\/\/fmriachuelo.it10.com.ar\/index.php\/wp-json\/wp\/v2\/users\/4"}],"replies":[{"embeddable":true,"href":"http:\/\/fmriachuelo.it10.com.ar\/index.php\/wp-json\/wp\/v2\/comments?post=794"}],"version-history":[{"count":1,"href":"http:\/\/fmriachuelo.it10.com.ar\/index.php\/wp-json\/wp\/v2\/posts\/794\/revisions"}],"predecessor-version":[{"id":22269,"href":"http:\/\/fmriachuelo.it10.com.ar\/index.php\/wp-json\/wp\/v2\/posts\/794\/revisions\/22269"}],"wp:attachment":[{"href":"http:\/\/fmriachuelo.it10.com.ar\/index.php\/wp-json\/wp\/v2\/media?parent=794"}],"wp:term":[{"taxonomy":"category","embeddable":true,"href":"http:\/\/fmriachuelo.it10.com.ar\/index.php\/wp-json\/wp\/v2\/categories?post=794"},{"taxonomy":"post_tag","embeddable":true,"href":"http:\/\/fmriachuelo.it10.com.ar\/index.php\/wp-json\/wp\/v2\/tags?post=794"}],"curies":[{"name":"wp","href":"https:\/\/api.w.org\/{rel}","templated":true}]}}