{"id":7926,"date":"2018-08-22T21:40:50","date_gmt":"2018-08-22T21:40:50","guid":{"rendered":"http:\/\/fmriachuelo.com.ar\/?p=7926"},"modified":"2018-08-22T21:40:50","modified_gmt":"2018-08-22T21:40:50","slug":"las-organizaciones-populares-exigen-se-trate-la-ley-de-emergencia-en-adicciones","status":"publish","type":"post","link":"http:\/\/fmriachuelo.it10.com.ar\/index.php\/2018\/08\/22\/las-organizaciones-populares-exigen-se-trate-la-ley-de-emergencia-en-adicciones\/","title":{"rendered":"LAS ORGANIZACIONES POPULARES EXIGEN QUE SE TRATE LA LEY DE EMERGENCIA EN ADICCIONES"},"content":{"rendered":"<p><b>[FM Riachuelo 22\/08\/2018] Las organizaciones sociales nucleadas en la CTEP, Barrios de Pie y la Corriente Clasista y Combativa, en el d\u00eda de hoy estuvieron exigiendo afuera del Congreso Nacional, que le d\u00e9 tratamiento al proyecto de Ley de Emergencia en Adicciones y que no se \u00a0reduzca o eliminen los subsidios a las Casas de Atenci\u00f3n\u00a0y Acompa\u00f1amiento Comunitario.<\/b><\/p>\n<p>Sobre la Avenida Rivadavia, distintas organizaciones sociales\u00a0 mostraron varias actividades que realizan a diario en sus barrios, como : talleres de soberan\u00eda alimentaria; proyectos deportivos: boxeo, f\u00fatbol; talleres de percusi\u00f3n, entre otras. Trabajo que se impulsan desde los barrios con el objetivo de contener y promover un futuro distinto para las pibas y los pibes.<\/p>\n<p><img loading=\"lazy\" decoding=\"async\" class=\"alignnone size-full wp-image-7939\" src=\"http:\/\/fmriachuelo.com.ar\/wp-content\/uploads\/2018\/08\/WhatsApp-Image-2018-08-22-at-5.42.33-PM.jpeg\" alt=\"\" width=\"800\" height=\"534\" srcset=\"http:\/\/fmriachuelo.it10.com.ar\/wp-content\/uploads\/2018\/08\/WhatsApp-Image-2018-08-22-at-5.42.33-PM.jpeg 800w, http:\/\/fmriachuelo.it10.com.ar\/wp-content\/uploads\/2018\/08\/WhatsApp-Image-2018-08-22-at-5.42.33-PM-300x200.jpeg 300w, http:\/\/fmriachuelo.it10.com.ar\/wp-content\/uploads\/2018\/08\/WhatsApp-Image-2018-08-22-at-5.42.33-PM-768x513.jpeg 768w, http:\/\/fmriachuelo.it10.com.ar\/wp-content\/uploads\/2018\/08\/WhatsApp-Image-2018-08-22-at-5.42.33-PM-750x501.jpeg 750w\" sizes=\"auto, (max-width: 800px) 100vw, 800px\" \/><\/p>\n<p>Alejandro Lucero de la Casa Popular el Patio asegur\u00f3 a FM Riachuelo\u00a0<strong><em>\u201ctodo esto que venimos haciendo desde las organizaciones populares y venimos a mostrar ac\u00e1, tiene que ver con que en nuestro pa\u00eds y en la regi\u00f3n, el avance de una pol\u00edtica neocolonial, hace que nuestro pueblo no tenga destino. Una de esas formas es metiendo la droga en nuestros barrios. Y el incremento del narcotr\u00e1fico est\u00e1 asociado directamente al poder dominante\u201d. <\/em><\/strong><\/p>\n<p>Este proyecto de ley cuenta con el consenso de diversos sectores de la sociedad que trabajan d\u00eda tras d\u00eda la problem\u00e1tica de las adicciones y construyen una alternativa desde una mirada integral, desde el trabajo, la educaci\u00f3n y la Justicia Social. En este sentido,\u00a0 Vanesa Escobar de La Red Puentes perteneciente al Movimiento Popular la Dignidad,<strong><em> dijo \u201cle exigimos al Estado que se haga cargo de la problem\u00e1tica, sabemos que el ajuste se viene cada vez peor de mano de Macri. Necesitamos que se sigan sosteniendo los Programas CAACS y que no se recorten y que adem\u00e1s se abran nuevas sedes\u201d.<\/em><\/strong><\/p>\n<p>Esteban Gringo Castro secretario general de la CTEP, estuvo acompa\u00f1ando el reclamo, e hizo\u00a0 referencia al trabajo que vienen realizando las organizaciones sociales <em><b>\u00abla importancia de construir organizaci\u00f3n en los barrios y expresarlo en la calle es fruto de todo lo que se est\u00e1 haciendo colectivamente, y eso es sin duda construir Poder Popular. Y es lo que de alguna manera\u00a0 le pone freno a un proyecto como el que hay en este pa\u00eds. As\u00ed\u00a0que nosotros\u00a0tenemos que ser parte de la construcci\u00f3n de Poder Popular y tiene que extenderse por todo el pa\u00eds\u00a0<\/b><\/em>\u201d.<\/p>\n<p>Alejandro de 17 a\u00f1os de edad, actualmente lleva 10 meses de tratamiento en la organizaci\u00f3n Vientos de Libertad,cont\u00f3 a FM Riachuelo sobre la importancia de los centros de acompa\u00f1amientos comunitarios <strong><em>\u00abLa verdad que este lugar sirve. Recupere los valores,\u00a0 principios, el vinculo con mi familia, h<\/em><\/strong><strong><em>oy mi vida tiene sentido\u00bb.<\/em><\/strong> Y por otro lado agreg\u00f3 \u00bb <strong><em>el gobierno trae el consumo a la ciudad para dormirnos a nosotros y no dejarnos pensar\u00bb.\u00a0<\/em><\/strong><\/p>\n<p><strong><em><img loading=\"lazy\" decoding=\"async\" class=\"alignnone size-full wp-image-7947\" src=\"http:\/\/fmriachuelo.com.ar\/wp-content\/uploads\/2018\/08\/WhatsApp-Image-2018-08-22-at-3.03.47-PM.jpeg\" alt=\"\" width=\"1280\" height=\"854\" srcset=\"http:\/\/fmriachuelo.it10.com.ar\/wp-content\/uploads\/2018\/08\/WhatsApp-Image-2018-08-22-at-3.03.47-PM.jpeg 1280w, http:\/\/fmriachuelo.it10.com.ar\/wp-content\/uploads\/2018\/08\/WhatsApp-Image-2018-08-22-at-3.03.47-PM-300x200.jpeg 300w, http:\/\/fmriachuelo.it10.com.ar\/wp-content\/uploads\/2018\/08\/WhatsApp-Image-2018-08-22-at-3.03.47-PM-1024x683.jpeg 1024w, http:\/\/fmriachuelo.it10.com.ar\/wp-content\/uploads\/2018\/08\/WhatsApp-Image-2018-08-22-at-3.03.47-PM-768x512.jpeg 768w, http:\/\/fmriachuelo.it10.com.ar\/wp-content\/uploads\/2018\/08\/WhatsApp-Image-2018-08-22-at-3.03.47-PM-750x500.jpeg 750w, http:\/\/fmriachuelo.it10.com.ar\/wp-content\/uploads\/2018\/08\/WhatsApp-Image-2018-08-22-at-3.03.47-PM-1140x761.jpeg 1140w\" sizes=\"auto, (max-width: 1280px) 100vw, 1280px\" \/>\u00a0<\/em><\/strong><\/p>\n<p>El secretario de derechos humanos de la CTEP Lito Borello<strong><em>,\u00a0 <\/em><\/strong>se refiri\u00f3 al valor que tiene la unidad y organizaci\u00f3n en estos tiempos de ajuste\u00a0\u00a0<strong><em>\u00abCelebro que las organizaciones sociales del pa\u00eds que est\u00e1n trabajando, se hayan juntado ac\u00e1, frente a un Palacio y clase pol\u00edtica que cada vez parece m\u00e1s sorda a los padeceres de nuestros pueblos. Pero que por lo menos nos re\u00fane, y podemos darnos cuenta que el camino de la unidad, de la organizaci\u00f3n y de la lucha, es lo que nos va a seguir ayudando\u00a0 a resolver este y otros problemas\u00bb.\u00a0<\/em><\/strong><\/p>\n<p>Participaron de la jornada: La Casa Popular El Patio, Organizaci\u00f3n Social y Pol\u00edtica Los Pibes, FM Riachuelo, Casa Pueblo, JP Evita, CTEP, Corriente Clasista y Combativa,\u00a0Barrios de Pie, Red Puentes, Movimiento Popular La Dignidad, Vientos de Libertad, Movimiento de Trabajadores Excluidos, Ni Un Pibe Menos Por La Droga, Jovenes de Pie, entre otras organizaciones.<\/p>\n<p><strong><span style=\"color: #ff0000\"><a href=\"https:\/\/soundcloud.com\/prensa-fm-riachuelo\/sets\/las-organizaciones-populares-exigen-se-trate-la-ley-de-emergencia-en-adicciones\"><span style=\"color: #ff0000\">LINK: ALGUNOS TESTIMONIOS DE LA COBERTURA RIACHUELO<\/span><\/a><\/span><\/strong><\/p>\n","protected":false},"excerpt":{"rendered":"<p>[FM Riachuelo 22\/08\/2018] Las organizaciones sociales nucleadas en la CTEP, Barrios de Pie y la Corriente Clasista y Combativa, en el d\u00eda de hoy estuvieron exigiendo afuera del Congreso Nacional, que le d\u00e9 tratamiento al proyecto de Ley de Emergencia en Adicciones y que no se \u00a0reduzca o eliminen los subsidios a las Casas de [&hellip;]<\/p>\n","protected":false},"author":5,"featured_media":7940,"comment_status":"open","ping_status":"open","sticky":false,"template":"","format":"standard","meta":{"_monsterinsights_skip_tracking":false,"_monsterinsights_sitenote_active":false,"_monsterinsights_sitenote_note":"","_monsterinsights_sitenote_category":0,"jnews-multi-image_gallery":[],"jnews_single_post":[],"jnews_primary_category":[],"_joinchat":[],"footnotes":""},"categories":[79,109,76,75],"tags":[],"class_list":["post-7926","post","type-post","status-publish","format-standard","has-post-thumbnail","hentry","category-nadie-se-salva-solo","category-salud","category-salud-comunitaria","category-trabajo"],"_links":{"self":[{"href":"http:\/\/fmriachuelo.it10.com.ar\/index.php\/wp-json\/wp\/v2\/posts\/7926","targetHints":{"allow":["GET"]}}],"collection":[{"href":"http:\/\/fmriachuelo.it10.com.ar\/index.php\/wp-json\/wp\/v2\/posts"}],"about":[{"href":"http:\/\/fmriachuelo.it10.com.ar\/index.php\/wp-json\/wp\/v2\/types\/post"}],"author":[{"embeddable":true,"href":"http:\/\/fmriachuelo.it10.com.ar\/index.php\/wp-json\/wp\/v2\/users\/5"}],"replies":[{"embeddable":true,"href":"http:\/\/fmriachuelo.it10.com.ar\/index.php\/wp-json\/wp\/v2\/comments?post=7926"}],"version-history":[{"count":0,"href":"http:\/\/fmriachuelo.it10.com.ar\/index.php\/wp-json\/wp\/v2\/posts\/7926\/revisions"}],"wp:featuredmedia":[{"embeddable":true,"href":"http:\/\/fmriachuelo.it10.com.ar\/index.php\/wp-json\/wp\/v2\/media\/7940"}],"wp:attachment":[{"href":"http:\/\/fmriachuelo.it10.com.ar\/index.php\/wp-json\/wp\/v2\/media?parent=7926"}],"wp:term":[{"taxonomy":"category","embeddable":true,"href":"http:\/\/fmriachuelo.it10.com.ar\/index.php\/wp-json\/wp\/v2\/categories?post=7926"},{"taxonomy":"post_tag","embeddable":true,"href":"http:\/\/fmriachuelo.it10.com.ar\/index.php\/wp-json\/wp\/v2\/tags?post=7926"}],"curies":[{"name":"wp","href":"https:\/\/api.w.org\/{rel}","templated":true}]}}