{"id":788,"date":"2015-01-18T02:11:00","date_gmt":"2015-01-18T02:11:00","guid":{"rendered":"http:\/\/fmriachuelo.observatorioess.org.ar\/index.php\/2015\/01\/18\/tercer-encuentro-de-radios-comunitarias-en-uruguay\/"},"modified":"2025-03-25T15:28:52","modified_gmt":"2025-03-25T18:28:52","slug":"tercer-encuentro-de-radios-comunitarias-en-uruguay","status":"publish","type":"post","link":"http:\/\/fmriachuelo.it10.com.ar\/index.php\/2015\/01\/18\/tercer-encuentro-de-radios-comunitarias-en-uruguay\/","title":{"rendered":"TERCER ENCUENTRO DE RADIOS COMUNITARIAS EN URUGUAY"},"content":{"rendered":"<p><span style=\"color: red;font-family: Verdana, sans-serif;font-size: large\"><strong>VOCES DE LAS DOS ORILLAS<\/strong><\/span><br \/><strong><span style=\"font-family: Verdana, sans-serif\">\u00abOrilleros del aire, Okupas del espacio radioel\u00e9ctrico\u00bb<\/span><\/strong><br \/><strong><span style=\"font-family: Verdana, sans-serif\">El aire es del pueblo, el pueblo lo toma y lo ocupa<\/span><\/strong><\/p>\n<div style=\"clear: both;text-align: center\"><a href=\"http:\/\/3.bp.blogspot.com\/-15ytt-tldxI\/VLsVrjTlQJI\/AAAAAAAACZM\/fyWnMmr2d6k\/s1600\/encuentro%2Bde%2Bcomunitarias.jpg\" style=\"clear: left;float: left;margin-bottom: 1em;margin-right: 1em\"><img loading=\"lazy\" decoding=\"async\" border=\"0\" src=\"http:\/\/3.bp.blogspot.com\/-15ytt-tldxI\/VLsVrjTlQJI\/AAAAAAAACZM\/fyWnMmr2d6k\/s1600\/encuentro%2Bde%2Bcomunitarias.jpg\" height=\"240\" width=\"320\" \/><\/a><\/div>\n<p><\/p>\n<div style=\"font-family: georgia,serif;font-size: small\">MONTEVIDEO ENERO 2015<\/div>\n<div style=\"font-family: georgia,serif;font-size: small\">El sabado 10 de enero&nbsp;se realiz\u00f3&nbsp;en el predio cedido por el Cedel, Centro de Desarrollo Economico Local, en el Barrio Casavalle&nbsp; de&nbsp;Montevideo, el 3\u00ba Encuentro de Radios Comunitarias.<\/div>\n<div style=\"font-family: georgia,serif;font-size: small\">En ese marco&nbsp;los representantes de la radios comunitarias&nbsp;&nbsp;compartieron conceptos, contenidos y necesidades de diversas radios,&nbsp;intercambiando acerca de las regulaciones nacionales y las dificultades que se presentan en ambas m\u00e1rgenes rioplatenses.<\/div>\n<div style=\"font-family: georgia,serif;font-size: small\"><a name='more'><\/a><br \/>En las deliberaciones se acord\u00f3&nbsp;definir a \u00abla comunicaci\u00f3n como herramienta estrat\u00e9gica de organizaci\u00f3n para enfrentar la contraofensiva del poder en Latinoam\u00e9rica\u00bb. Tambi\u00e9n se&nbsp;acord\u00f3 sumar&nbsp;a&nbsp;otras radios de Nuestraam\u00e9rica en los pr\u00f3ximos encuentros. <\/div>\n<div style=\"font-family: georgia,serif;font-size: small\">Se plante\u00f3 como necesidad urgente la producci\u00f3n&nbsp;&nbsp;e intercambio&nbsp;de contenidos que permitan&nbsp;ocupar el aire como modo de recuperaci\u00f3n de las palabras del pueblo, \u00fanico modo de enfrentar las disputas del poder que comienzan por las palabras. Fortalecer el concepto de red haciendo hincapi\u00e9 y avanzando en acuerdos-<\/div>\n<div style=\"font-family: georgia,serif;font-size: small\"><strong>El aire es del pueblo, el pueblo lo toma y lo ocupa.<\/strong><\/div>\n<div style=\"font-family: georgia,serif;font-size: small\">El encuentro finaliz\u00f3 con el acuerdo de&nbsp;un &nbsp;4\u00b0 Encuentro en Buenos Aires en&nbsp;Noviembre 2015.<\/div>\n<div style=\"font-family: georgia,serif;font-size: small\">\u200bParticiparon Radios Comunitarias Rioplatenses:<\/div>\n<div style=\"font-family: georgia,serif;font-size: small\">Fm La Milagrosa, Fm Riachuelo, Info Ideas, Fm del Carmen.<\/div>\n<div style=\"font-family: georgia,serif;font-size: small\"><span style=\"color: blue;font-family: Verdana, sans-serif\">Fuente: Producci\u00f3n Fm Riachuelo<\/span><\/div>\n<div style=\"clear: both;text-align: center\"><a href=\"http:\/\/3.bp.blogspot.com\/-q6la0ac_YxQ\/VLsAOujCJmI\/AAAAAAAACYs\/UVQzrqKtmhc\/s1600\/COOP%2BRIACHIUELO%2BPRODUCCIONES.jpg\" style=\"clear: left;float: left;margin-bottom: 1em;margin-right: 1em\"><img loading=\"lazy\" decoding=\"async\" border=\"0\" src=\"http:\/\/3.bp.blogspot.com\/-q6la0ac_YxQ\/VLsAOujCJmI\/AAAAAAAACYs\/UVQzrqKtmhc\/s1600\/COOP%2BRIACHIUELO%2BPRODUCCIONES.jpg\" height=\"58\" width=\"200\" \/><\/a><\/div>\n<div style=\"font-family: georgia,serif;font-size: small\">&nbsp;<\/div>\n","protected":false},"excerpt":{"rendered":"<p>VOCES DE LAS DOS ORILLAS\u00abOrilleros del aire, Okupas del espacio radioel\u00e9ctrico\u00bbEl aire es del pueblo, el pueblo lo toma y lo ocupa MONTEVIDEO ENERO 2015 El sabado 10 de enero&nbsp;se realiz\u00f3&nbsp;en el predio cedido por el Cedel, Centro de Desarrollo Economico Local, en el Barrio Casavalle&nbsp; de&nbsp;Montevideo, el 3\u00ba Encuentro de Radios Comunitarias. En ese [&hellip;]<\/p>\n","protected":false},"author":4,"featured_media":0,"comment_status":"open","ping_status":"open","sticky":false,"template":"","format":"standard","meta":{"_monsterinsights_skip_tracking":false,"_monsterinsights_sitenote_active":false,"_monsterinsights_sitenote_note":"","_monsterinsights_sitenote_category":0,"jnews-multi-image_gallery":[],"jnews_single_post":{"format":"standard"},"jnews_primary_category":[],"_joinchat":[],"footnotes":""},"categories":[58],"tags":[108,70],"class_list":["post-788","post","type-post","status-publish","format-standard","hentry","category-noticiariachuelo","tag-comunicacion-popular","tag-de-la-patria-grande"],"_links":{"self":[{"href":"http:\/\/fmriachuelo.it10.com.ar\/index.php\/wp-json\/wp\/v2\/posts\/788","targetHints":{"allow":["GET"]}}],"collection":[{"href":"http:\/\/fmriachuelo.it10.com.ar\/index.php\/wp-json\/wp\/v2\/posts"}],"about":[{"href":"http:\/\/fmriachuelo.it10.com.ar\/index.php\/wp-json\/wp\/v2\/types\/post"}],"author":[{"embeddable":true,"href":"http:\/\/fmriachuelo.it10.com.ar\/index.php\/wp-json\/wp\/v2\/users\/4"}],"replies":[{"embeddable":true,"href":"http:\/\/fmriachuelo.it10.com.ar\/index.php\/wp-json\/wp\/v2\/comments?post=788"}],"version-history":[{"count":1,"href":"http:\/\/fmriachuelo.it10.com.ar\/index.php\/wp-json\/wp\/v2\/posts\/788\/revisions"}],"predecessor-version":[{"id":22413,"href":"http:\/\/fmriachuelo.it10.com.ar\/index.php\/wp-json\/wp\/v2\/posts\/788\/revisions\/22413"}],"wp:attachment":[{"href":"http:\/\/fmriachuelo.it10.com.ar\/index.php\/wp-json\/wp\/v2\/media?parent=788"}],"wp:term":[{"taxonomy":"category","embeddable":true,"href":"http:\/\/fmriachuelo.it10.com.ar\/index.php\/wp-json\/wp\/v2\/categories?post=788"},{"taxonomy":"post_tag","embeddable":true,"href":"http:\/\/fmriachuelo.it10.com.ar\/index.php\/wp-json\/wp\/v2\/tags?post=788"}],"curies":[{"name":"wp","href":"https:\/\/api.w.org\/{rel}","templated":true}]}}