{"id":787,"date":"2015-01-18T02:17:00","date_gmt":"2015-01-18T02:17:00","guid":{"rendered":"http:\/\/fmriachuelo.observatorioess.org.ar\/index.php\/2015\/01\/18\/la-corte-internacional-penal-investiga-los-crimenes-contra-palestina\/"},"modified":"2025-03-25T15:31:07","modified_gmt":"2025-03-25T18:31:07","slug":"la-corte-internacional-penal-investiga-los-crimenes-contra-palestina","status":"publish","type":"post","link":"http:\/\/fmriachuelo.it10.com.ar\/index.php\/2015\/01\/18\/la-corte-internacional-penal-investiga-los-crimenes-contra-palestina\/","title":{"rendered":"LA CORTE INTERNACIONAL PENAL INVESTIGA LOS CRIMENES CONTRA PALESTINA"},"content":{"rendered":"<p><span style=\"font-family: Verdana, sans-serif\"><strong>El Tribunal Penal Internacional investigar\u00e1 cr\u00edmenes de guerra en Palestina<\/strong><\/span><\/p>\n<div style=\"clear: both;text-align: center\"><a href=\"http:\/\/3.bp.blogspot.com\/-kd0FTCpWS64\/VLsXQ0aj6pI\/AAAAAAAACZY\/ozzZJ7Z8rao\/s1600\/palestina.jpg\" style=\"clear: left;float: left;margin-bottom: 1em;margin-right: 1em\"><img loading=\"lazy\" decoding=\"async\" border=\"0\" src=\"http:\/\/3.bp.blogspot.com\/-kd0FTCpWS64\/VLsXQ0aj6pI\/AAAAAAAACZY\/ozzZJ7Z8rao\/s1600\/palestina.jpg\" height=\"193\" width=\"320\" \/><\/a><\/div>\n<p><span style=\"font-family: Verdana, sans-serif\">La Fiscal\u00eda del Tribunal Penal Internacional (TPI) ha anunciado este viernes la apertura de un examen preliminar de \u00abla situaci\u00f3n en Palestina\u00bb, referida a la posibilidad de que se hubieran cometido cr\u00edmenes de guerra en los territorios palestinos, como paso previo al hipot\u00e9tico inicio, propiamente dicho, de una investigaci\u00f3n formal.<\/span><a name='more'><\/a><span style=\"font-family: Verdana, sans-serif\"><br \/> La decisi\u00f3n de la fiscal Fatou Bensouda sigue a la adhesi\u00f3n de la Autoridad Palestina al Estatuto de Roma el pasado 2 de enero, seg\u00fan un comunicado de la instituci\u00f3n internacional.<\/p>\n<p> El llamado examen preliminar, recalca el TPI, no se trata de una investigaci\u00f3n sino m\u00e1s bien de un proceso para examinar la informaci\u00f3n disponible con vistas a alcanzar una opini\u00f3n plenamente informada sobre si existe o no una base razonable para iniciar una pesquisa.<\/p>\n<p> Por ello, y a pesar de la intenci\u00f3n de la Autoridad Palestina de exigir responsabilidades a Israel ante un tribunal internacional por sus supuestos cr\u00edmenes de guerra durante sus operaciones en Gaza o por cualquier otro delito resultado de su ocupaci\u00f3n territorial, el examen del TPI tambi\u00e9n examinar\u00e1 la acci\u00f3n de las milicias palestinas en sus ataques sobre suelo israel\u00ed.<\/p>\n<p> En la nota, el TPI puntualiza el aspecto de la atemporalidad: \u00abno existe una fecha l\u00edmite, marca el Estatuto, para adoptar una decisi\u00f3n ya que dependen de los hechos y circunstancias de cada situaci\u00f3n\u00bb.<\/p>\n<p>Una vez tenida en cuenta la particularidad del caso, \u00abla oficina del fiscal decidir\u00e1 si contin\u00faa recabando informaci\u00f3n para establecer una base legal que de pie a una determinaci\u00f3n, o bien iniciar\u00e1 una investigaci\u00f3n sujeta a la correspondiente revisi\u00f3n legal, o bien declinar\u00e1 iniciar una pesquisa\u00bb.<\/p>\n<p>En cualquier caso, la oficina del Fiscal se compromete a llevar su an\u00e1lisis \u00abcon completa independencia e imparcialidad\u00bb.<\/span><br \/><span style=\"color: blue;font-family: Verdana\">Fuente: Palestina Libre, Producci\u00f3n Riachuelo<\/span><\/p>\n<div style=\"clear: both;text-align: center\"><a href=\"http:\/\/3.bp.blogspot.com\/-q6la0ac_YxQ\/VLsAOujCJmI\/AAAAAAAACYs\/UVQzrqKtmhc\/s1600\/COOP%2BRIACHIUELO%2BPRODUCCIONES.jpg\" style=\"clear: left;float: left;margin-bottom: 1em;margin-right: 1em\"><img loading=\"lazy\" decoding=\"async\" border=\"0\" src=\"http:\/\/3.bp.blogspot.com\/-q6la0ac_YxQ\/VLsAOujCJmI\/AAAAAAAACYs\/UVQzrqKtmhc\/s1600\/COOP%2BRIACHIUELO%2BPRODUCCIONES.jpg\" height=\"58\" width=\"200\" \/><\/a><\/div>\n","protected":false},"excerpt":{"rendered":"<p>El Tribunal Penal Internacional investigar\u00e1 cr\u00edmenes de guerra en Palestina La Fiscal\u00eda del Tribunal Penal Internacional (TPI) ha anunciado este viernes la apertura de un examen preliminar de \u00abla situaci\u00f3n en Palestina\u00bb, referida a la posibilidad de que se hubieran cometido cr\u00edmenes de guerra en los territorios palestinos, como paso previo al hipot\u00e9tico inicio, propiamente [&hellip;]<\/p>\n","protected":false},"author":4,"featured_media":0,"comment_status":"open","ping_status":"open","sticky":false,"template":"","format":"standard","meta":{"_monsterinsights_skip_tracking":false,"_monsterinsights_sitenote_active":false,"_monsterinsights_sitenote_note":"","_monsterinsights_sitenote_category":0,"jnews-multi-image_gallery":[],"jnews_single_post":{"format":"standard"},"jnews_primary_category":[],"_joinchat":[],"footnotes":""},"categories":[58],"tags":[119,167],"class_list":["post-787","post","type-post","status-publish","format-standard","hentry","category-noticiariachuelo","tag-derechos-humanos","tag-politica-internacional"],"_links":{"self":[{"href":"http:\/\/fmriachuelo.it10.com.ar\/index.php\/wp-json\/wp\/v2\/posts\/787","targetHints":{"allow":["GET"]}}],"collection":[{"href":"http:\/\/fmriachuelo.it10.com.ar\/index.php\/wp-json\/wp\/v2\/posts"}],"about":[{"href":"http:\/\/fmriachuelo.it10.com.ar\/index.php\/wp-json\/wp\/v2\/types\/post"}],"author":[{"embeddable":true,"href":"http:\/\/fmriachuelo.it10.com.ar\/index.php\/wp-json\/wp\/v2\/users\/4"}],"replies":[{"embeddable":true,"href":"http:\/\/fmriachuelo.it10.com.ar\/index.php\/wp-json\/wp\/v2\/comments?post=787"}],"version-history":[{"count":1,"href":"http:\/\/fmriachuelo.it10.com.ar\/index.php\/wp-json\/wp\/v2\/posts\/787\/revisions"}],"predecessor-version":[{"id":22415,"href":"http:\/\/fmriachuelo.it10.com.ar\/index.php\/wp-json\/wp\/v2\/posts\/787\/revisions\/22415"}],"wp:attachment":[{"href":"http:\/\/fmriachuelo.it10.com.ar\/index.php\/wp-json\/wp\/v2\/media?parent=787"}],"wp:term":[{"taxonomy":"category","embeddable":true,"href":"http:\/\/fmriachuelo.it10.com.ar\/index.php\/wp-json\/wp\/v2\/categories?post=787"},{"taxonomy":"post_tag","embeddable":true,"href":"http:\/\/fmriachuelo.it10.com.ar\/index.php\/wp-json\/wp\/v2\/tags?post=787"}],"curies":[{"name":"wp","href":"https:\/\/api.w.org\/{rel}","templated":true}]}}