{"id":786,"date":"2015-01-18T11:00:00","date_gmt":"2015-01-18T11:00:00","guid":{"rendered":"http:\/\/fmriachuelo.observatorioess.org.ar\/index.php\/2015\/01\/18\/ecuador-8o-aniversario-de-la-revolucion-ciudadana\/"},"modified":"2025-03-25T15:31:29","modified_gmt":"2025-03-25T18:31:29","slug":"ecuador-8o-aniversario-de-la-revolucion-ciudadana","status":"publish","type":"post","link":"http:\/\/fmriachuelo.it10.com.ar\/index.php\/2015\/01\/18\/ecuador-8o-aniversario-de-la-revolucion-ciudadana\/","title":{"rendered":"ECUADOR: 8\u00ba ANIVERSARIO DE LA REVOLUCION CIUDADANA"},"content":{"rendered":"<p><span style=\"color: red;font-family: Verdana, sans-serif;font-size: large\"><strong>CAMBIOS EN LAS RELACIONES DE PODER<\/strong><\/span><\/p>\n<div style=\"clear: both;text-align: center\"><a href=\"http:\/\/2.bp.blogspot.com\/-nHtbChPEpts\/VLslrkQyOVI\/AAAAAAAACZo\/40nna1PGTMI\/s1600\/correa-8rc-e1421443072781.jpg\" style=\"clear: left;float: left;margin-bottom: 1em;margin-right: 1em\"><img loading=\"lazy\" decoding=\"async\" border=\"0\" src=\"http:\/\/2.bp.blogspot.com\/-nHtbChPEpts\/VLslrkQyOVI\/AAAAAAAACZo\/40nna1PGTMI\/s1600\/correa-8rc-e1421443072781.jpg\" height=\"288\" width=\"320\" \/><\/a><\/div>\n<p><strong>Se cumplen ocho a\u00f1os del comienzo de la Revoluci\u00f3n Ciudadana en Ecuador. En ese marco, el presidente de la Rep\u00fablica, Rafael Correa, particip\u00f3 en un acto en Quito, donde destac\u00f3 los logros de su gobierno.<\/strong><\/p>\n<p><span style=\"font-family: Verdana, sans-serif\">\u201cDesde Yachay (Quito) celebramos estos ocho a\u00f1os de transformaciones profundas que nos han permitido reconstruir esta patria. Hemos sentado bases firmes, cimientos s\u00f3lidos, que transcurridos ocho a\u00f1os del gobierno del pueblo, nos permiten decir con orgullo, a pulm\u00f3n lleno, Ecuador ya cambi\u00f3, hemos vuelto a tener patria y tendremos patria para siempre\u201d, afirm\u00f3 el jefe de Estado.<\/span><br \/><a name='more'><\/a><span style=\"font-family: Verdana, sans-serif\"><br \/>Asimismo, el l\u00edder ecuatoriano se\u00f1al\u00f3 que el poder volvi\u00f3 al pueblo y continu\u00f3: \u201cGracias a ese cambio en las relaciones de poder, tenemos la inversi\u00f3n p\u00fablica m\u00e1s alta de Am\u00e9rica Latina, lo que nos permiti\u00f3 en 2013 convertirnos en el pa\u00eds de m\u00e1s avance en el ranking mundial de competitividad\u201d, a\u00f1adi\u00f3 Correa.<\/p>\n<p>\u201cEcuador ya cambi\u00f3, pasamos de ser el pa\u00eds de los imposibles al pa\u00eds con grandes logros en todos los sectores: desarrollo social, infraestructura, seguridad, energ\u00eda, uso del agua, calidad del Estado, turismo, cuidado ambiental, sistema de justicia, seguridad social, equidad de g\u00e9nero, pol\u00edtica internacional\u201d, destac\u00f3 a continuaci\u00f3n.<\/p>\n<p>Desde la llegada de Alianza Pa\u00eds al gobierno en 2007, la inversi\u00f3n social per c\u00e1pita escal\u00f3 de 147 d\u00f3lares a 446 d\u00f3lares. Este se explica, por ejemplo, con el aumento de 35 a 50 d\u00f3lares del Bono de Desarrollo Humano, percibido por m\u00e1s de 1,2 millones de ciudadanos. El aumento del 30 por ciento al 70 por ciento en el cumplimiento de la normativa laboral, permiti\u00f3 mejorar los niveles de afiliaci\u00f3n a la Seguridad Social. En esta materia, el aseguramiento universal ha tenido un gran empuje reformando la ley para incluir en los beneficios al c\u00f3nyuge e hijos menores de 18 a\u00f1os adem\u00e1s de aumentar las pensiones para los jubilados.<\/p>\n<p>La <\/span><span style=\"font-family: Verdana, sans-serif\">inversi\u00f3n estatal <\/span><span style=\"font-family: Verdana, sans-serif\">en salud registr\u00f3 un aumento significativo. Mientras que en 2006 se destinaban 535 millones de d\u00f3lares, para 2012 el presupuesto del \u00e1rea hab\u00eda superado los 1.700 millones de d\u00f3lares. Esta inversi\u00f3n permiti\u00f3 reducir la mortalidad infantil, del 27,06 por ciento en 2007, a 8,04 por ciento en 2012.<\/p>\n<p>Las cifras en educaci\u00f3n tambi\u00e9n son importantes. Desde 2006 m\u00e1s de 600 mil ni\u00f1os se incorporaron a la educaci\u00f3n p\u00fablica, lo que permiti\u00f3 que para 2012 m\u00e1s del 95 por ciento de la poblaci\u00f3n en edad escolar asista a clases. Este aumento en las cifras de asistencia escolar se explica por la decisi\u00f3n del gobierno de quitar la matr\u00edcula arancelada, como tambi\u00e9n, por la distribuci\u00f3n gratuita de libros escolares a 3 millones de alumnos y servicios de alimentaci\u00f3n escolar a mas de 2 millones de ni\u00f1os.<\/p>\n<p>La reforma constitucional de 2008 es otro de los grandes logros de la Revoluci\u00f3n Ciudadana. La experiencia del extenso debate que se llev\u00f3 a cabo en todo el pa\u00eds habla de un crecimiento de la conciencia ciudadana en torno a temas fundamentales como son la econom\u00eda, el modelo de desarrollo, la democracia y la plurinacionalidad. A su vez, la consagraci\u00f3n de derechos al medio ambiente ha ubicado a la Constituci\u00f3n ecuatoriana como una referencia a nivel mundial.<\/span><span style=\"color: blue;font-family: Verdana, sans-serif\">Fuente: Portal del Sur, Producci\u00f3n Riachuelo<\/span><\/p>\n<div style=\"clear: both;text-align: center\"><a href=\"http:\/\/2.bp.blogspot.com\/-3AX6zXRhlBM\/VLsmJslj8qI\/AAAAAAAACZw\/QlflFKOpOrE\/s1600\/COOP%2BRIACHIUELO%2BPRODUCCIONES.jpg\" style=\"clear: left;float: left;margin-bottom: 1em;margin-right: 1em\"><img loading=\"lazy\" decoding=\"async\" border=\"0\" src=\"http:\/\/2.bp.blogspot.com\/-3AX6zXRhlBM\/VLsmJslj8qI\/AAAAAAAACZw\/QlflFKOpOrE\/s1600\/COOP%2BRIACHIUELO%2BPRODUCCIONES.jpg\" height=\"58\" width=\"200\" \/><\/a><\/div>\n","protected":false},"excerpt":{"rendered":"<p>CAMBIOS EN LAS RELACIONES DE PODER Se cumplen ocho a\u00f1os del comienzo de la Revoluci\u00f3n Ciudadana en Ecuador. En ese marco, el presidente de la Rep\u00fablica, Rafael Correa, particip\u00f3 en un acto en Quito, donde destac\u00f3 los logros de su gobierno. \u201cDesde Yachay (Quito) celebramos estos ocho a\u00f1os de transformaciones profundas que nos han permitido [&hellip;]<\/p>\n","protected":false},"author":4,"featured_media":0,"comment_status":"open","ping_status":"open","sticky":false,"template":"","format":"standard","meta":{"_monsterinsights_skip_tracking":false,"_monsterinsights_sitenote_active":false,"_monsterinsights_sitenote_note":"","_monsterinsights_sitenote_category":0,"jnews-multi-image_gallery":[],"jnews_single_post":{"format":"standard"},"jnews_primary_category":[],"_joinchat":[],"footnotes":""},"categories":[58],"tags":[70],"class_list":["post-786","post","type-post","status-publish","format-standard","hentry","category-noticiariachuelo","tag-de-la-patria-grande"],"_links":{"self":[{"href":"http:\/\/fmriachuelo.it10.com.ar\/index.php\/wp-json\/wp\/v2\/posts\/786","targetHints":{"allow":["GET"]}}],"collection":[{"href":"http:\/\/fmriachuelo.it10.com.ar\/index.php\/wp-json\/wp\/v2\/posts"}],"about":[{"href":"http:\/\/fmriachuelo.it10.com.ar\/index.php\/wp-json\/wp\/v2\/types\/post"}],"author":[{"embeddable":true,"href":"http:\/\/fmriachuelo.it10.com.ar\/index.php\/wp-json\/wp\/v2\/users\/4"}],"replies":[{"embeddable":true,"href":"http:\/\/fmriachuelo.it10.com.ar\/index.php\/wp-json\/wp\/v2\/comments?post=786"}],"version-history":[{"count":1,"href":"http:\/\/fmriachuelo.it10.com.ar\/index.php\/wp-json\/wp\/v2\/posts\/786\/revisions"}],"predecessor-version":[{"id":22416,"href":"http:\/\/fmriachuelo.it10.com.ar\/index.php\/wp-json\/wp\/v2\/posts\/786\/revisions\/22416"}],"wp:attachment":[{"href":"http:\/\/fmriachuelo.it10.com.ar\/index.php\/wp-json\/wp\/v2\/media?parent=786"}],"wp:term":[{"taxonomy":"category","embeddable":true,"href":"http:\/\/fmriachuelo.it10.com.ar\/index.php\/wp-json\/wp\/v2\/categories?post=786"},{"taxonomy":"post_tag","embeddable":true,"href":"http:\/\/fmriachuelo.it10.com.ar\/index.php\/wp-json\/wp\/v2\/tags?post=786"}],"curies":[{"name":"wp","href":"https:\/\/api.w.org\/{rel}","templated":true}]}}