{"id":785,"date":"2015-01-18T18:04:00","date_gmt":"2015-01-18T18:04:00","guid":{"rendered":"http:\/\/fmriachuelo.observatorioess.org.ar\/index.php\/2015\/01\/18\/ruben-dario-el-poeta-latinoamericano\/"},"modified":"2025-03-25T15:31:57","modified_gmt":"2025-03-25T18:31:57","slug":"ruben-dario-el-poeta-latinoamericano","status":"publish","type":"post","link":"http:\/\/fmriachuelo.it10.com.ar\/index.php\/2015\/01\/18\/ruben-dario-el-poeta-latinoamericano\/","title":{"rendered":"RUBEN DARIO EL POETA LATINOAMERICANO"},"content":{"rendered":"<div><span style=\"color: red;font-family: Verdana, sans-serif;font-size: large\"><strong>UN HOMBRE COMPROMETIDO CON LA REALIDAD<\/strong><\/span><\/div>\n<div style=\"clear: both;text-align: center\"><a href=\"http:\/\/3.bp.blogspot.com\/-_2f-zXea-BU\/VLv1dkNi5XI\/AAAAAAAACaI\/NEBJUH1pDWA\/s1600\/10386262_10152629333266179_5681032703143817219_n.jpg\" style=\"clear: left;float: left;margin-bottom: 1em;margin-right: 1em\"><img loading=\"lazy\" decoding=\"async\" border=\"0\" src=\"http:\/\/3.bp.blogspot.com\/-_2f-zXea-BU\/VLv1dkNi5XI\/AAAAAAAACaI\/NEBJUH1pDWA\/s1600\/10386262_10152629333266179_5681032703143817219_n.jpg\" height=\"213\" width=\"320\" \/><\/a><\/div>\n<div><span style=\"font-family: Verdana, sans-serif\"><strong>A 148 a\u00f1os de su nacimiento&nbsp; del poeta nicaraguense Rub\u00e9n Dar\u00edo,uno de los m\u00e1s grandes exponentes de la poes\u00eda modernista de hispanoam\u00e9rica, su legado transcendi\u00f3 las fronteras de nuestro continente.<\/strong><br \/>El poeta nicaraguense F\u00e9lix Rub\u00e9n Garc\u00eda Sarmiento, conocido en el mundo como Rub\u00e9n Dar\u00edo, es considerado como el precursor del modernismo literario en Am\u00e9rica Latina.<\/p>\n<p>Su influencia en la poes\u00eda del siglo XX le mereci\u00f3 el t\u00edtulo del Pr\u00edncipe de las letras castellanas.<br \/><a name='more'><\/a><br \/>Naci\u00f3 en Metapa, hoy Ciudad Dar\u00edo, en Matagalpa, Nicaragua el 18 de enero de 1867. Hijo de una pareja separada vivi\u00f3 la mayor parte de su infancia en la ciudad de Le\u00f3n, criado por sus t\u00edos abuelos F\u00e9lix y Bernarda a quienes lleg\u00f3 a considerar sus verdaderos padres.<\/p>\n<p><strong>Algo prodigio<\/strong><br \/>Seg\u00fan relata en su autobiograf\u00eda, Rub\u00e9n Dar\u00edo apenas ten\u00eda tres a\u00f1os de edad cuando aprendi\u00f3 a leer. Su t\u00eda abuela lo introdujo al mundo de las letras  sent\u00e1ndolo en su regazo y haci\u00e9ndolo llevar su dedo \u00edndice sobre las letras del abecedario.<\/p>\n<p>Desde muy peque\u00f1o recibi\u00f3 la influencia de los cl\u00e1sicos de la literatura, El Quijote, Las mil y una noches, la Biblia, Los Oficios de Cicer\u00f3n, figuran entre las primeras obras que inspiraron el genio creador  y su sentido po\u00e9tico.<\/p>\n<p>Siendo un adolescente public\u00f3 sus primeros poemas \u00abLa F\u00e9\u00bb, \u00abUna L\u00e1grima\u00bb y \u00abEl Desenga\u00f1o\u00bb, influenciado por los poetas franceses, con 13 a\u00f1os de edad su producci\u00f3n literaria se hizo p\u00fablica.<\/p>\n<p><strong>Periodista y diplom\u00e1tico<\/strong><br \/>El periodismo fue su principal fuente de ingresos econ\u00f3micos. Escribi\u00f3 para diversos diarios y revistas. Fue corresponsal del Diario La Naci\u00f3n  de Buenos Aires, que para esa \u00e9poca era el de mayor difusi\u00f3n en latinoam\u00e9rica, tambi\u00e9n prest\u00f3 servicio en en diario La \u00c9poca, de Santiago de Chile.<\/p>\n<p>Desde muy joven se sinti\u00f3 atra\u00eddo por la diplomacia. A los 19 a\u00f1os form\u00f3 parte de la Comitiva presidencial de Ad\u00e1n C\u00e1rdenas. En 1892 fue nombrado miembro de la delegaci\u00f3n oficial de Nicaragua en Chile.<\/p>\n<p>A los 16 a\u00f1os ya ten\u00eda un juicio claro sobre lo que se puede decir fue su segunda vocaci\u00f3n: la diplomacia.<\/p>\n<p>De esta forma ocup\u00f3 diversos cargos consulares en Buenos Aires y Par\u00eds. En su recorrido diplom\u00e1tico no abandon\u00f3 nunca su producci\u00f3n literaria, el fruto de ambas ocupaciones se vi\u00f3 reflejado en sus obras \u00abA Col\u00f3n\u00bb, \u00abSonatina\u00bb, \u00abLo fatal\u00bb y \u00abCanci\u00f3n de oto\u00f1o en primavera\u00bb.<\/p>\n<p>Revolucionario de la literatura<\/p>\n<p>Su obra maestra \u201cAzul\u201d (1888) es considerada la primera obra del Modernismo hispanoamericano. Se compone de relatos breves y algunos poemas. Esta obra estuvo cargada de sensualidad, erotismo y musicalidad.<\/p>\n<p>Rub\u00e9n Dar\u00edo inici\u00f3 el Movimiento Modernista en Am\u00e9rica Latina influenciado por la poes\u00eda francesa. Su poes\u00eda Modernista se compuso de los aportes de los estilos rom\u00e1ntico, parnasiano y del simbolismo.<\/p>\n<p>El mismo autor defini\u00f3 al Modernismo de esta forma \u00ab&#8230; no es otra cosa que el verso y la prosa castellanos pasados por el fino tamiz del buen verso y de la buena prosa francesas\u00bb.<br \/>Tres de sus obras dan cuenta de la evoluci\u00f3n de su Modernismo,  Azul, Prosas profanas y Cantos de vida y esperanza.<\/p>\n<p>Fue el inspirador de muchos poetas modernistas espa\u00f1oles de su \u00e9poca. Su obra fue influyente, la independencia creadora, el refinamiento y la sensibilidad abierta a diversas culturas, propia del Modernismo, repercuti\u00f3 en la producci\u00f3n cultural de su \u00e9poca e influenci\u00f3  la poes\u00eda de la lengua espa\u00f1ola.<\/p>\n<p>Su genio es celebrado en toda hispanoam\u00e9rica y su legado transcendi\u00f3 m\u00e1s all\u00e1 de las fronteras latinoamericanas hasta convertirse en referencia de la producci\u00f3n lietraria latioamericana del siglo XX.<\/span><\/div>\n<p><span style=\"color: blue;font-family: Verdana\">Fuente: Telesur, Producci\u00f3n Riachuelo<\/span><\/p>\n<div style=\"clear: both;text-align: center\"><a href=\"http:\/\/2.bp.blogspot.com\/-QCq4uhaINpE\/VLv1MQJKSTI\/AAAAAAAACaA\/Qz-LdarCIGQ\/s1600\/COOP%2BRIACHIUELO%2BPRODUCCIONES.jpg\" style=\"clear: left;float: left;margin-bottom: 1em;margin-right: 1em\"><img loading=\"lazy\" decoding=\"async\" border=\"0\" src=\"http:\/\/2.bp.blogspot.com\/-QCq4uhaINpE\/VLv1MQJKSTI\/AAAAAAAACaA\/Qz-LdarCIGQ\/s1600\/COOP%2BRIACHIUELO%2BPRODUCCIONES.jpg\" height=\"58\" width=\"200\" \/><\/a><\/div>\n<p><span style=\"font-family: Verdana\"><\/span><\/p>\n","protected":false},"excerpt":{"rendered":"<p>UN HOMBRE COMPROMETIDO CON LA REALIDAD A 148 a\u00f1os de su nacimiento&nbsp; del poeta nicaraguense Rub\u00e9n Dar\u00edo,uno de los m\u00e1s grandes exponentes de la poes\u00eda modernista de hispanoam\u00e9rica, su legado transcendi\u00f3 las fronteras de nuestro continente.El poeta nicaraguense F\u00e9lix Rub\u00e9n Garc\u00eda Sarmiento, conocido en el mundo como Rub\u00e9n Dar\u00edo, es considerado como el precursor del [&hellip;]<\/p>\n","protected":false},"author":4,"featured_media":0,"comment_status":"open","ping_status":"open","sticky":false,"template":"","format":"standard","meta":{"_monsterinsights_skip_tracking":false,"_monsterinsights_sitenote_active":false,"_monsterinsights_sitenote_note":"","_monsterinsights_sitenote_category":0,"jnews-multi-image_gallery":[],"jnews_single_post":{"format":"standard"},"jnews_primary_category":[],"_joinchat":[],"footnotes":""},"categories":[58],"tags":[152,70],"class_list":["post-785","post","type-post","status-publish","format-standard","hentry","category-noticiariachuelo","tag-cultura","tag-de-la-patria-grande"],"_links":{"self":[{"href":"http:\/\/fmriachuelo.it10.com.ar\/index.php\/wp-json\/wp\/v2\/posts\/785","targetHints":{"allow":["GET"]}}],"collection":[{"href":"http:\/\/fmriachuelo.it10.com.ar\/index.php\/wp-json\/wp\/v2\/posts"}],"about":[{"href":"http:\/\/fmriachuelo.it10.com.ar\/index.php\/wp-json\/wp\/v2\/types\/post"}],"author":[{"embeddable":true,"href":"http:\/\/fmriachuelo.it10.com.ar\/index.php\/wp-json\/wp\/v2\/users\/4"}],"replies":[{"embeddable":true,"href":"http:\/\/fmriachuelo.it10.com.ar\/index.php\/wp-json\/wp\/v2\/comments?post=785"}],"version-history":[{"count":1,"href":"http:\/\/fmriachuelo.it10.com.ar\/index.php\/wp-json\/wp\/v2\/posts\/785\/revisions"}],"predecessor-version":[{"id":22417,"href":"http:\/\/fmriachuelo.it10.com.ar\/index.php\/wp-json\/wp\/v2\/posts\/785\/revisions\/22417"}],"wp:attachment":[{"href":"http:\/\/fmriachuelo.it10.com.ar\/index.php\/wp-json\/wp\/v2\/media?parent=785"}],"wp:term":[{"taxonomy":"category","embeddable":true,"href":"http:\/\/fmriachuelo.it10.com.ar\/index.php\/wp-json\/wp\/v2\/categories?post=785"},{"taxonomy":"post_tag","embeddable":true,"href":"http:\/\/fmriachuelo.it10.com.ar\/index.php\/wp-json\/wp\/v2\/tags?post=785"}],"curies":[{"name":"wp","href":"https:\/\/api.w.org\/{rel}","templated":true}]}}