{"id":782,"date":"2015-01-19T17:19:00","date_gmt":"2015-01-19T17:19:00","guid":{"rendered":"http:\/\/fmriachuelo.observatorioess.org.ar\/index.php\/2015\/01\/19\/108-familias-de-la-villa-26-deben-ser-relocalizadas\/"},"modified":"2025-03-25T15:34:29","modified_gmt":"2025-03-25T18:34:29","slug":"108-familias-de-la-villa-26-deben-ser-relocalizadas","status":"publish","type":"post","link":"http:\/\/fmriachuelo.it10.com.ar\/index.php\/2015\/01\/19\/108-familias-de-la-villa-26-deben-ser-relocalizadas\/","title":{"rendered":"108 FAMILIAS DE LA VILLA 26 DEBEN SER RELOCALIZADAS"},"content":{"rendered":"<p><span style=\"color: red;font-family: Verdana, sans-serif;font-size: large\"><strong>ORDEN SUPREMA<\/strong><\/span><br \/><span style=\"font-family: Verdana, sans-serif\">La Corte Suprema de Justicia en la causa por el saneamiento del Riachuelo, dispuso el traslado y relocalizacion de 108 familias quue viven a orillas del riachuelo a un complejo habitacional construido por el Instituto de la Vivienda de la Ciudad (IVC), financiado con fondos propios y del gobierno nacional.<\/span><\/p>\n<div style=\"clear: both;text-align: left\"><a href=\"http:\/\/1.bp.blogspot.com\/-sJX_BnaGtNM\/VL07y7ou68I\/AAAAAAAACbA\/FVu0zmZKJ6Q\/s1600\/VILLA%2B26.jpg\" style=\"clear: left;float: left;margin-bottom: 1em;margin-right: 1em\"><\/a><a href=\"http:\/\/1.bp.blogspot.com\/-sJX_BnaGtNM\/VL07y7ou68I\/AAAAAAAACbA\/FVu0zmZKJ6Q\/s1600\/VILLA%2B26.jpg\" style=\"clear: left;float: left;margin-bottom: 1em;margin-right: 1em\"><img loading=\"lazy\" decoding=\"async\" border=\"0\" src=\"http:\/\/1.bp.blogspot.com\/-sJX_BnaGtNM\/VL07y7ou68I\/AAAAAAAACbA\/FVu0zmZKJ6Q\/s1600\/VILLA%2B26.jpg\" height=\"141\" width=\"320\" \/><\/a><br \/><span style=\"font-family: Verdana, sans-serif\">Las familias ser\u00e1n trasladadas junto con sus pertenencias en 12 camiones contratados por el IVC al n\u00facleo de seis edificios situado en Luzuriaga 837, a pocas cuadras dentro del mismo barrio; cada edificio tiene cuatro plantas y un total de 125 unidades funcionales.Estos grupos son los primeros de ese asentamiento en ser relocalizadas como determin\u00f3 en 2008 la Corte en su fallo de la causa Mendoza, indic\u00f3 en un comunicado la Defensor\u00eda y anunci\u00f3 que ir\u00e1 personal de ese organismo \u00abpara velar por el cumplimiento de los derechos de todas las familias\u00bb.Copropietarios decidieron autoadministrar sus edificios, sin la intermediaci\u00f3n de un administrador; hasta hoy, viven en condiciones insalubres sobre el denominado camino de sirga, la franja ribere\u00f1a del Riachuelo, que debe ser desalojado dentro del plan de limpieza del curso de agua.<br \/><a name='more'><\/a><br \/>El llamado Complejo Habitacional Luzuriaga posee unidades desde uno hasta cuatro ambientes, cocina y ba\u00f1os equipados, y servicios p\u00fablicos conectados. Cost\u00f3 $ 62.644.387 y fue financiado en un 65% por el gobierno porte\u00f1o y en un 35% por el nacional. Cada edificio tiene dos ascensores, mientras que se dispuso una playa de estacionamiento con capacidad para 42 autos.<\/p>\n<p>Seg\u00fan mencion\u00f3 la Defensor\u00eda, la mudanza a pocas cuadras de la villa responde a un reclamo de los habitantes, que pretend\u00edan evitar la desterritorializaci\u00f3n y el desarraigo. El resto de los pobladores ser\u00e1 relocalizado en una segunda etapa, que a\u00fan no tiene fecha de concreci\u00f3n, indic\u00f3 la Defensor\u00eda.<\/span><\/p>\n<div><span style=\"color: blue;font-family: Verdana, sans-serif\">Fuente: Mundo Villa, Producci\u00f3n Riachuelo<\/span><\/div>\n<div style=\"clear: both;text-align: center\"><a href=\"http:\/\/3.bp.blogspot.com\/-_tt3i4p-tlU\/VL08HGu5d-I\/AAAAAAAACbI\/zSaPIO11OxY\/s1600\/COOP%2BRIACHIUELO%2BPRODUCCIONES.jpg\" style=\"clear: left;float: left;margin-bottom: 1em;margin-right: 1em\"><img loading=\"lazy\" decoding=\"async\" border=\"0\" src=\"http:\/\/3.bp.blogspot.com\/-_tt3i4p-tlU\/VL08HGu5d-I\/AAAAAAAACbI\/zSaPIO11OxY\/s1600\/COOP%2BRIACHIUELO%2BPRODUCCIONES.jpg\" height=\"58\" width=\"200\" \/><\/a><\/div>\n<div>&nbsp;<\/div>\n<div><span style=\"height: 108px;width: 550px\"><\/span>&nbsp;<\/div>\n<\/div>\n","protected":false},"excerpt":{"rendered":"<p>ORDEN SUPREMALa Corte Suprema de Justicia en la causa por el saneamiento del Riachuelo, dispuso el traslado y relocalizacion de 108 familias quue viven a orillas del riachuelo a un complejo habitacional construido por el Instituto de la Vivienda de la Ciudad (IVC), financiado con fondos propios y del gobierno nacional. Las familias ser\u00e1n trasladadas [&hellip;]<\/p>\n","protected":false},"author":4,"featured_media":0,"comment_status":"open","ping_status":"open","sticky":false,"template":"","format":"standard","meta":{"_monsterinsights_skip_tracking":false,"_monsterinsights_sitenote_active":false,"_monsterinsights_sitenote_note":"","_monsterinsights_sitenote_category":0,"jnews-multi-image_gallery":[],"jnews_single_post":{"format":"standard"},"jnews_primary_category":[],"_joinchat":[],"footnotes":""},"categories":[58],"tags":[147],"class_list":["post-782","post","type-post","status-publish","format-standard","hentry","category-noticiariachuelo","tag-habitat"],"_links":{"self":[{"href":"http:\/\/fmriachuelo.it10.com.ar\/index.php\/wp-json\/wp\/v2\/posts\/782","targetHints":{"allow":["GET"]}}],"collection":[{"href":"http:\/\/fmriachuelo.it10.com.ar\/index.php\/wp-json\/wp\/v2\/posts"}],"about":[{"href":"http:\/\/fmriachuelo.it10.com.ar\/index.php\/wp-json\/wp\/v2\/types\/post"}],"author":[{"embeddable":true,"href":"http:\/\/fmriachuelo.it10.com.ar\/index.php\/wp-json\/wp\/v2\/users\/4"}],"replies":[{"embeddable":true,"href":"http:\/\/fmriachuelo.it10.com.ar\/index.php\/wp-json\/wp\/v2\/comments?post=782"}],"version-history":[{"count":1,"href":"http:\/\/fmriachuelo.it10.com.ar\/index.php\/wp-json\/wp\/v2\/posts\/782\/revisions"}],"predecessor-version":[{"id":22421,"href":"http:\/\/fmriachuelo.it10.com.ar\/index.php\/wp-json\/wp\/v2\/posts\/782\/revisions\/22421"}],"wp:attachment":[{"href":"http:\/\/fmriachuelo.it10.com.ar\/index.php\/wp-json\/wp\/v2\/media?parent=782"}],"wp:term":[{"taxonomy":"category","embeddable":true,"href":"http:\/\/fmriachuelo.it10.com.ar\/index.php\/wp-json\/wp\/v2\/categories?post=782"},{"taxonomy":"post_tag","embeddable":true,"href":"http:\/\/fmriachuelo.it10.com.ar\/index.php\/wp-json\/wp\/v2\/tags?post=782"}],"curies":[{"name":"wp","href":"https:\/\/api.w.org\/{rel}","templated":true}]}}