{"id":780,"date":"2015-01-19T17:43:00","date_gmt":"2015-01-19T17:43:00","guid":{"rendered":"http:\/\/fmriachuelo.observatorioess.org.ar\/index.php\/2015\/01\/19\/san-juan-cierre-de-autopartista\/"},"modified":"2025-03-25T15:56:36","modified_gmt":"2025-03-25T18:56:36","slug":"san-juan-cierre-de-autopartista","status":"publish","type":"post","link":"http:\/\/fmriachuelo.it10.com.ar\/index.php\/2015\/01\/19\/san-juan-cierre-de-autopartista\/","title":{"rendered":"SAN JUAN:  CIERRE DE AUTOPARTISTA"},"content":{"rendered":"<p><span style=\"color: red;font-family: Verdana, sans-serif;font-size: large\"><strong>ANUNCIAN CIERRE DE DELPHI PACKARD, 600 OBREROS EN LA CALLE<\/strong><\/span><\/p>\n<div style=\"clear: both;text-align: center\"><span style=\"color: red;font-family: Verdana, sans-serif;font-size: large\"><strong><a href=\"http:\/\/3.bp.blogspot.com\/-bIDxncQwvtQ\/VL1B--Qs9wI\/AAAAAAAACbg\/MXQJDC0KpeA\/s1600\/s.juan.jpg\" style=\"clear: left;float: left;margin-bottom: 1em;margin-right: 1em\"><img loading=\"lazy\" decoding=\"async\" border=\"0\" src=\"http:\/\/3.bp.blogspot.com\/-bIDxncQwvtQ\/VL1B--Qs9wI\/AAAAAAAACbg\/MXQJDC0KpeA\/s1600\/s.juan.jpg\" height=\"187\" width=\"320\" \/><\/a><\/strong><\/span><\/div>\n<p><span style=\"font-family: Verdana, sans-serif\">La autopartista anuncio que cerrar\u00eda el 23 de enero. Unos 600 obreros quedar\u00edan sin empleo. Los trabajadores que han realizando medidas de protesta permanecen en estado de alerta y reclaman la inacci\u00f3n que ha tenido el sindicato. El martes 20 de enero se reunir\u00e1n en el Ministerio de Trabajo.<\/span><br \/><span style=\"font-family: Verdana, sans-serif\">La multinacional Delphi Packard perteneciente al fondo buitre Elliot Managment anunci\u00f3 informalmente el cierre el 23 de enero de la planta que ocupa desde el 2012 en la ciudad de Santa Luc\u00eda, provincia de San Juan.<\/span><a name='more'><\/a><span style=\"font-family: Verdana, sans-serif\"><br \/>En el transcurso del 2014, la multinacional Delphi, que fabrica mazos de cable y dispositivos para la industria automotriz, atraves\u00f3 un per\u00edodo de crisis que deriv\u00f3 en reiteradas suspensiones del personal, las que se frenaron en el \u00faltimo tramo del a\u00f1o. La autopartista se vio afectada por la reducci\u00f3n en la producci\u00f3n automotriz a causa de la ca\u00edda de ventas de autos que se produjo en 2014.<\/p>\n<p>La planta tiene 470 operarios divididos en dos turnos; quienes sumados a personal de limpieza, cocina y seguridad se acercan a los 600 trabajadores. Desde fines de 2014 la empresa no asegura la continuidad laboral. Con la versi\u00f3n del cierre el 23 de enero y ante la inacci\u00f3n del sindicato pertinente, la U.O.Y.E.P. (Uni\u00f3n Obreros y Empleados Pl\u00e1sticos), los trabajadores de Delphi comenzaron a exigir que se garanticen sus puestos de trabajo. Cortes de ruta, bloqueo de portones, movilizaciones al Ministerio de Trabajo, son las acciones realizadas que forman parte del plan de lucha. Por su parte, los rumores indican que se est\u00e1 intentando \u00abvender\u00bb la planta a empresarios afines al gobierno nacional. Tambi\u00e9n circulo la versi\u00f3n que ser\u00eda el titular de la UIA (Uni\u00f3n industrial Argentina) quien comprar\u00eda la empresa.<\/p>\n<p>Los trabajadores se han ido organizando a medida que la empresa expresaba su intenci\u00f3n de cerrar, \u00abSupimos esperar organizados, ante la falta de trabajo por no tener material, organizamos asamblea en la que nos pusimos de acuerdo para demostrar al Gobierno que nosotros tambi\u00e9n queremos preservar nuestras fuentes de trabajo, pero con garantias a futuro\u00bb.<\/p>\n<p>A trav\u00e9s de las redes sociales los empleados manifestaban, \u201cVamos a comenzar una semana decisiva en el futuro de nuestras fuentes de trabajo. Sabemos que mientras exista esta gobernaci\u00f3n seguir\u00e1 faltando la libertad de expresi\u00f3n, es por eso que nuestra lucha ya lleva casi un mes y todav\u00eda gran parte de la poblaci\u00f3n no sabe del conflicto\u201d.<\/p>\n<p>\u201cTenemos la claridad de que todo se basa en un gran negocio entre la patronal (delphi), el gremio (UOyEP) y un par de empresarios tan buitres como la multinacional que nos quiere dejar sin futuro, pero gran parte responsable es el Gobierno tanto nacional como provincial.<\/p>\n<p><span style=\"color: blue\">Fuentes: Anred, Producci\u00f3n Riachuelo<\/span><\/span><\/p>\n<div style=\"clear: both;text-align: center\"><a href=\"http:\/\/3.bp.blogspot.com\/-_tt3i4p-tlU\/VL08HGu5d-I\/AAAAAAAACbM\/MOKL9LPV8R0\/s1600\/COOP%2BRIACHIUELO%2BPRODUCCIONES.jpg\" style=\"clear: left;float: left;margin-bottom: 1em;margin-right: 1em\"><img loading=\"lazy\" decoding=\"async\" border=\"0\" src=\"http:\/\/3.bp.blogspot.com\/-_tt3i4p-tlU\/VL08HGu5d-I\/AAAAAAAACbM\/MOKL9LPV8R0\/s1600\/COOP%2BRIACHIUELO%2BPRODUCCIONES.jpg\" height=\"58\" width=\"200\" \/><\/a><\/div>\n<p><span style=\"font-family: Verdana, sans-serif\"><\/p>\n<p>&nbsp;<\/span><\/p>\n","protected":false},"excerpt":{"rendered":"<p>ANUNCIAN CIERRE DE DELPHI PACKARD, 600 OBREROS EN LA CALLE La autopartista anuncio que cerrar\u00eda el 23 de enero. Unos 600 obreros quedar\u00edan sin empleo. Los trabajadores que han realizando medidas de protesta permanecen en estado de alerta y reclaman la inacci\u00f3n que ha tenido el sindicato. El martes 20 de enero se reunir\u00e1n en [&hellip;]<\/p>\n","protected":false},"author":4,"featured_media":0,"comment_status":"open","ping_status":"open","sticky":false,"template":"","format":"standard","meta":{"_monsterinsights_skip_tracking":false,"_monsterinsights_sitenote_active":false,"_monsterinsights_sitenote_note":"","_monsterinsights_sitenote_category":0,"jnews-multi-image_gallery":[],"jnews_single_post":{"format":"standard"},"jnews_primary_category":[],"_joinchat":[],"footnotes":""},"categories":[58],"tags":[157,148],"class_list":["post-780","post","type-post","status-publish","format-standard","hentry","category-noticiariachuelo","tag-nadie-se-salva-solo","tag-trabajo"],"_links":{"self":[{"href":"http:\/\/fmriachuelo.it10.com.ar\/index.php\/wp-json\/wp\/v2\/posts\/780","targetHints":{"allow":["GET"]}}],"collection":[{"href":"http:\/\/fmriachuelo.it10.com.ar\/index.php\/wp-json\/wp\/v2\/posts"}],"about":[{"href":"http:\/\/fmriachuelo.it10.com.ar\/index.php\/wp-json\/wp\/v2\/types\/post"}],"author":[{"embeddable":true,"href":"http:\/\/fmriachuelo.it10.com.ar\/index.php\/wp-json\/wp\/v2\/users\/4"}],"replies":[{"embeddable":true,"href":"http:\/\/fmriachuelo.it10.com.ar\/index.php\/wp-json\/wp\/v2\/comments?post=780"}],"version-history":[{"count":1,"href":"http:\/\/fmriachuelo.it10.com.ar\/index.php\/wp-json\/wp\/v2\/posts\/780\/revisions"}],"predecessor-version":[{"id":22424,"href":"http:\/\/fmriachuelo.it10.com.ar\/index.php\/wp-json\/wp\/v2\/posts\/780\/revisions\/22424"}],"wp:attachment":[{"href":"http:\/\/fmriachuelo.it10.com.ar\/index.php\/wp-json\/wp\/v2\/media?parent=780"}],"wp:term":[{"taxonomy":"category","embeddable":true,"href":"http:\/\/fmriachuelo.it10.com.ar\/index.php\/wp-json\/wp\/v2\/categories?post=780"},{"taxonomy":"post_tag","embeddable":true,"href":"http:\/\/fmriachuelo.it10.com.ar\/index.php\/wp-json\/wp\/v2\/tags?post=780"}],"curies":[{"name":"wp","href":"https:\/\/api.w.org\/{rel}","templated":true}]}}