{"id":779,"date":"2015-01-19T19:00:00","date_gmt":"2015-01-19T19:00:00","guid":{"rendered":"http:\/\/fmriachuelo.observatorioess.org.ar\/index.php\/2015\/01\/19\/lear-la-empresa-no-aplica-el-fallo-judicial\/"},"modified":"2025-03-25T15:57:09","modified_gmt":"2025-03-25T18:57:09","slug":"lear-la-empresa-no-aplica-el-fallo-judicial","status":"publish","type":"post","link":"http:\/\/fmriachuelo.it10.com.ar\/index.php\/2015\/01\/19\/lear-la-empresa-no-aplica-el-fallo-judicial\/","title":{"rendered":"LEAR: LA EMPRESA NO APLICA EL FALLO JUDICIAL"},"content":{"rendered":"<p><span style=\"color: red;font-family: Verdana, sans-serif;font-size: large\"><strong>SU PROPIA LEY<\/strong><\/span><br \/><span style=\"font-family: Verdana, sans-serif\"><strong>&nbsp;<\/strong><\/span><\/p>\n<div style=\"clear: both;text-align: center\"><a href=\"http:\/\/3.bp.blogspot.com\/-jNsdhn7tp-g\/VL1Ts6QFd2I\/AAAAAAAACbw\/WSLq9SgoDEU\/s1600\/lear.jpg\" style=\"clear: left;float: left;margin-bottom: 1em;margin-right: 1em\"><img loading=\"lazy\" decoding=\"async\" border=\"0\" src=\"http:\/\/3.bp.blogspot.com\/-jNsdhn7tp-g\/VL1Ts6QFd2I\/AAAAAAAACbw\/WSLq9SgoDEU\/s1600\/lear.jpg\" height=\"240\" width=\"320\" \/><\/a><\/div>\n<p><span style=\"font-family: Verdana, sans-serif\"><strong>Reproducimos<br \/>Comunicado de Prensa<\/strong> <\/p>\n<p>Lear: empresa se rebela contra fallo judicial: no deja entrar a los trabajadores reinstalados. Corte total de Panamericana. Ministerio de Trabajo ausente.<\/p>\n<p>(Gral Pacheco, 19\/01) Dami\u00e1n Gonz\u00e1lez, uno de los trabajadores de Lear reinstalados por la sentencia de la Sala X de la C\u00e1mara de Apelaciones de Trabajo, se\u00f1al\u00f3 que \u201cla empresa no nos dej\u00f3 ingresar hoy, cuando la f\u00e1brica volvi\u00f3 de las vacaciones, violando escandalosamente la sentencia del 16 de diciembre que les orden\u00f3 que volvamos a nuestros puestos de trabajo. Primero nos adelant\u00f3 las vacaciones, no nos pag\u00f3 los salarios ca\u00eddos y ahora no nos deja entrar. Es una prepotencia absoluta que no respeta ni siquiera los fallos judiciales. Nos obligan a profundizar nuestras medidas de lucha. Por eso cortamos totalmente la Panamericana. Nosotros pedimos que vengan funcionarios del Ministerio de Trabajo, que fue mandatado por la C\u00e1mara para hacer cumplir el fallo, porque la empresa y los dirigentes del SMATA nos amenazaban, pero el Ministerio hoy est\u00e1 ausente desoyendo la orden judicial. Estamos m\u00e1s decididos que nunca a llevar hasta el final nuestro plan de lucha hasta que la empresa nos reinstale como ordena el fallo de la C\u00e1mara\u201d.<\/p>\n<p>Contacto: Dami\u00e1n Gonz\u00e1lez, tel\u00e9fono 011-15-64802258<\/span><br \/><span style=\"color: blue;font-family: Verdana\">Fuente: La Izquierda diario, Producci\u00f3n Riachuelo<\/span><\/p>\n<div style=\"clear: both;text-align: center\"><a href=\"http:\/\/3.bp.blogspot.com\/-WZv_LylmeKo\/VL1UG4-nAfI\/AAAAAAAACb4\/yChIRUXyoHA\/s1600\/COOP%2BRIACHIUELO%2BPRODUCCIONES.jpg\" style=\"clear: left;float: left;margin-bottom: 1em;margin-right: 1em\"><img loading=\"lazy\" decoding=\"async\" border=\"0\" src=\"http:\/\/3.bp.blogspot.com\/-WZv_LylmeKo\/VL1UG4-nAfI\/AAAAAAAACb4\/yChIRUXyoHA\/s1600\/COOP%2BRIACHIUELO%2BPRODUCCIONES.jpg\" height=\"58\" width=\"200\" \/><\/a><\/div>\n","protected":false},"excerpt":{"rendered":"<p>SU PROPIA LEY&nbsp; ReproducimosComunicado de Prensa Lear: empresa se rebela contra fallo judicial: no deja entrar a los trabajadores reinstalados. Corte total de Panamericana. Ministerio de Trabajo ausente. (Gral Pacheco, 19\/01) Dami\u00e1n Gonz\u00e1lez, uno de los trabajadores de Lear reinstalados por la sentencia de la Sala X de la C\u00e1mara de Apelaciones de Trabajo, se\u00f1al\u00f3 [&hellip;]<\/p>\n","protected":false},"author":4,"featured_media":0,"comment_status":"open","ping_status":"open","sticky":false,"template":"","format":"standard","meta":{"_monsterinsights_skip_tracking":false,"_monsterinsights_sitenote_active":false,"_monsterinsights_sitenote_note":"","_monsterinsights_sitenote_category":0,"jnews-multi-image_gallery":[],"jnews_single_post":{"format":"standard"},"jnews_primary_category":[],"_joinchat":[],"footnotes":""},"categories":[58],"tags":[148],"class_list":["post-779","post","type-post","status-publish","format-standard","hentry","category-noticiariachuelo","tag-trabajo"],"_links":{"self":[{"href":"http:\/\/fmriachuelo.it10.com.ar\/index.php\/wp-json\/wp\/v2\/posts\/779","targetHints":{"allow":["GET"]}}],"collection":[{"href":"http:\/\/fmriachuelo.it10.com.ar\/index.php\/wp-json\/wp\/v2\/posts"}],"about":[{"href":"http:\/\/fmriachuelo.it10.com.ar\/index.php\/wp-json\/wp\/v2\/types\/post"}],"author":[{"embeddable":true,"href":"http:\/\/fmriachuelo.it10.com.ar\/index.php\/wp-json\/wp\/v2\/users\/4"}],"replies":[{"embeddable":true,"href":"http:\/\/fmriachuelo.it10.com.ar\/index.php\/wp-json\/wp\/v2\/comments?post=779"}],"version-history":[{"count":1,"href":"http:\/\/fmriachuelo.it10.com.ar\/index.php\/wp-json\/wp\/v2\/posts\/779\/revisions"}],"predecessor-version":[{"id":22426,"href":"http:\/\/fmriachuelo.it10.com.ar\/index.php\/wp-json\/wp\/v2\/posts\/779\/revisions\/22426"}],"wp:attachment":[{"href":"http:\/\/fmriachuelo.it10.com.ar\/index.php\/wp-json\/wp\/v2\/media?parent=779"}],"wp:term":[{"taxonomy":"category","embeddable":true,"href":"http:\/\/fmriachuelo.it10.com.ar\/index.php\/wp-json\/wp\/v2\/categories?post=779"},{"taxonomy":"post_tag","embeddable":true,"href":"http:\/\/fmriachuelo.it10.com.ar\/index.php\/wp-json\/wp\/v2\/tags?post=779"}],"curies":[{"name":"wp","href":"https:\/\/api.w.org\/{rel}","templated":true}]}}