{"id":778,"date":"2015-01-20T15:29:00","date_gmt":"2015-01-20T15:29:00","guid":{"rendered":"http:\/\/fmriachuelo.observatorioess.org.ar\/index.php\/2015\/01\/20\/mexico-y-las-desapariciones-de-ayotzinapa\/"},"modified":"2025-03-25T15:58:27","modified_gmt":"2025-03-25T18:58:27","slug":"mexico-y-las-desapariciones-de-ayotzinapa","status":"publish","type":"post","link":"http:\/\/fmriachuelo.it10.com.ar\/index.php\/2015\/01\/20\/mexico-y-las-desapariciones-de-ayotzinapa\/","title":{"rendered":"MEXICO Y LAS DESAPARICIONES DE AYOTZINAPA"},"content":{"rendered":"<p><span style=\"color: red;font-family: Verdana, sans-serif;font-size: large\"><strong>EL DOLOR QUE NO CESA<\/strong><\/span><br \/><span style=\"font-family: Verdana, sans-serif\"><strong>Padres de normalistas convocan a marcha este 26 de enero<\/strong><\/span><\/p>\n<div style=\"clear: both;text-align: left\"><a href=\"http:\/\/4.bp.blogspot.com\/-z-8XKVoiv78\/VL5zzYGLwzI\/AAAAAAAACcM\/Slj1kMXOL2E\/s1600\/ATOTZ.jpg\" style=\"margin-left: 1em;margin-right: 1em\"><img loading=\"lazy\" decoding=\"async\" border=\"0\" src=\"http:\/\/4.bp.blogspot.com\/-z-8XKVoiv78\/VL5zzYGLwzI\/AAAAAAAACcM\/Slj1kMXOL2E\/s1600\/ATOTZ.jpg\" height=\"181\" width=\"320\" \/><\/a><br \/><span style=\"font-family: Verdana, sans-serif\">El representante de los padres de los <\/span><a href=\"http:\/\/www.telesurtv.net\/news\/Ciudadanos-de-Ayotzinapa-buscaran-a-estudiantes-desaparecidos-20150106-0010.html\"><span style=\"font-family: Verdana, sans-serif\">normalistas desaparecidos<\/span><\/a><span style=\"font-family: Verdana, sans-serif\"> de Ayotzinapa,Felipe de la Cruz, convoc\u00f3 a una movilizaci\u00f3n multitudinaria para el pr\u00f3ximo lunes de 26 de enero como parte de las labores de b\u00fasqueda de los estudiantes.<\/p>\n<p>\u00abConvocamos al pueblo en general a que se concentre en la Ciudad de M\u00e9xico en una manifestaci\u00f3n el 26 este mes\u00bb manifest\u00f3 de la Cruz a medios locales.<\/span><a name='more'><\/a><span style=\"font-family: Verdana, sans-serif\"><br \/>\u00abCumplimos cuatro meses de sufrimiento, desesperaci\u00f3n, ansiedad y no hay ning\u00fan resultado a pesar de que hay muchos detenidos y no hay una pista real de lo que nosotros buscamos\u00bb expres\u00f3 el vocero de los afectados.<\/p>\n<p>Reiter\u00f3 que continuar\u00e1n la b\u00fasqueda civil por los normalistas y visitar\u00e1n en los pr\u00f3ximos d\u00edas los cuarteles militares del estado de Guerrero, al sur de M\u00e9xico.<\/p>\n<p>\u00abPretendemos que nos acompa\u00f1en los compa\u00f1eros de la Comisi\u00f3n de Derechos Humanos y ministerios p\u00fablicos, todo dentro de la legalidad y de la ley\u00bb expres\u00f3 el representante y dijo que la intenci\u00f3n es prevenir cualquier acci\u00f3n de violencia.<\/span><\/p>\n<div style=\"clear: both;text-align: left\"><span style=\"color: blue;font-family: Verdana\">Fuente: Telesur, Producci\u00f3n Riachuelo<\/span><\/div>\n<\/div>\n","protected":false},"excerpt":{"rendered":"<p>EL DOLOR QUE NO CESAPadres de normalistas convocan a marcha este 26 de enero El representante de los padres de los normalistas desaparecidos de Ayotzinapa,Felipe de la Cruz, convoc\u00f3 a una movilizaci\u00f3n multitudinaria para el pr\u00f3ximo lunes de 26 de enero como parte de las labores de b\u00fasqueda de los estudiantes. \u00abConvocamos al pueblo en [&hellip;]<\/p>\n","protected":false},"author":4,"featured_media":0,"comment_status":"open","ping_status":"open","sticky":false,"template":"","format":"standard","meta":{"_monsterinsights_skip_tracking":false,"_monsterinsights_sitenote_active":false,"_monsterinsights_sitenote_note":"","_monsterinsights_sitenote_category":0,"jnews-multi-image_gallery":[],"jnews_single_post":{"format":"standard"},"jnews_primary_category":[],"_joinchat":[],"footnotes":""},"categories":[58],"tags":[70,119],"class_list":["post-778","post","type-post","status-publish","format-standard","hentry","category-noticiariachuelo","tag-de-la-patria-grande","tag-derechos-humanos"],"_links":{"self":[{"href":"http:\/\/fmriachuelo.it10.com.ar\/index.php\/wp-json\/wp\/v2\/posts\/778","targetHints":{"allow":["GET"]}}],"collection":[{"href":"http:\/\/fmriachuelo.it10.com.ar\/index.php\/wp-json\/wp\/v2\/posts"}],"about":[{"href":"http:\/\/fmriachuelo.it10.com.ar\/index.php\/wp-json\/wp\/v2\/types\/post"}],"author":[{"embeddable":true,"href":"http:\/\/fmriachuelo.it10.com.ar\/index.php\/wp-json\/wp\/v2\/users\/4"}],"replies":[{"embeddable":true,"href":"http:\/\/fmriachuelo.it10.com.ar\/index.php\/wp-json\/wp\/v2\/comments?post=778"}],"version-history":[{"count":1,"href":"http:\/\/fmriachuelo.it10.com.ar\/index.php\/wp-json\/wp\/v2\/posts\/778\/revisions"}],"predecessor-version":[{"id":22427,"href":"http:\/\/fmriachuelo.it10.com.ar\/index.php\/wp-json\/wp\/v2\/posts\/778\/revisions\/22427"}],"wp:attachment":[{"href":"http:\/\/fmriachuelo.it10.com.ar\/index.php\/wp-json\/wp\/v2\/media?parent=778"}],"wp:term":[{"taxonomy":"category","embeddable":true,"href":"http:\/\/fmriachuelo.it10.com.ar\/index.php\/wp-json\/wp\/v2\/categories?post=778"},{"taxonomy":"post_tag","embeddable":true,"href":"http:\/\/fmriachuelo.it10.com.ar\/index.php\/wp-json\/wp\/v2\/tags?post=778"}],"curies":[{"name":"wp","href":"https:\/\/api.w.org\/{rel}","templated":true}]}}