{"id":7773,"date":"2018-08-07T23:59:55","date_gmt":"2018-08-07T23:59:55","guid":{"rendered":"http:\/\/fmriachuelo.com.ar\/?p=7773"},"modified":"2018-08-07T23:59:55","modified_gmt":"2018-08-07T23:59:55","slug":"este-siete-de-agosto-se-convirtio-en-un-eslabon-en-la-construccion-de-la-unidad","status":"publish","type":"post","link":"http:\/\/fmriachuelo.it10.com.ar\/index.php\/2018\/08\/07\/este-siete-de-agosto-se-convirtio-en-un-eslabon-en-la-construccion-de-la-unidad\/","title":{"rendered":"\u00abESTE 7 DE AGOSTO SE CONVIRTIO EN UN ESLABON EN LA CONSTRUCCION DE LA UNIDAD\u00bb"},"content":{"rendered":"<p><strong>[FM Riachuelo 07\/08\/2018] En el marco de la movilizaci\u00f3n de las organizaciones populares del\u00a0 7 de Agosto, el programa ROMPE EL CERCO INFORMATIVO entrevist\u00f3 a Lito Borello, Secretario de Derechos Humanos de la CTEP para conocer su mirada acerca el tema.<\/strong><\/p>\n<p><strong>-RCI<\/strong>: Lito quer\u00edamos tener tu an\u00e1lisis pol\u00edtico de la masiva movilizaci\u00f3n que se realiz\u00f3 hoy.<\/p>\n<p><strong>-Lito:<\/strong> En principio hay que decir que se hace en un marco de fuerte agravamiento social y econ\u00f3mico de los sectores populares,\u00a0 en los \u00faltimos meses se vienen profundizando la cantidad de despidos y la p\u00e9rdida del valor del salario y la cantidad de gente que va quedando afuera del trabajo y en maneras a veces muy precarias como las changas. De un agravamiento tambi\u00e9n de la gesti\u00f3n represiva de distintas formas. No solamente la represi\u00f3n directa de las Fuerzas de Seguridad, sino a veces la estigmatizaci\u00f3n o judicializaci\u00f3n de la protesta social que tambi\u00e9n termina siendo una manera indirecta y la construcci\u00f3n del miedo como factor que trata de retraer a la protesta social y en ese marco en este 7 de Agosto, m\u00e1s que nunca y m\u00e1s que inclusive los dos anteriores se convirti\u00f3 en un eslab\u00f3n en la construcci\u00f3n de la unidad necesaria entre los distintos sectores.<\/p>\n<p>En el acto de cierre estuvieron presentes Juan Carlos Smith, Cachorro Godoy, navales, bancarios; no hubo sectores que no hayan dicho presente, que no hayan acompa\u00f1ado y que no hayan entendido que este 7 de Agosto todos ten\u00edamos que estar expresados en ese d\u00eda.<\/p>\n<p>As\u00ed que por un lado preocupado por este agravamiento, pero tambi\u00e9n, de alguna manera conforme con lo que produce el 7 de Agosto, como un puntapi\u00e9 importante al proceso de unidad de los\u00a0 distintos sectores del campo popular en funci\u00f3n de que esto no se resuelve en breve, ni siquiera te dir\u00eda mandando una buena lista para el 2019. \u00a0Se resuelve construyendo poder popular y creo que en ese sentido hoy, 7 de Agosto fue un escal\u00f3n m\u00e1s para ese camino.<\/p>\n<p><strong>-RCI:<\/strong> Hoy fue un d\u00eda bastante agitado, no?<\/p>\n<p><strong>-Lito:<\/strong> Si, un d\u00eda muy cargado porque al mismo tiempo sabemos que hay distintas expresiones de lucha de punta a punta del pa\u00eds para\u00a0 sobrevolar las que de alguna manera tienen mayor relevancia, el campamento de los docentes en Moreno, que est\u00e1 instalado frente al Concejo de su municipio, los compa\u00f1eros de Telam que hace 43 d\u00edas est\u00e1n en pie de lucha y con el lugar tomado. Los compa\u00f1eros y compa\u00f1eras del Astillero R\u00edo Santiago, que se est\u00e1 convirtiendo en una lucha \u00e9pica de la localidad de Ensenada, los compa\u00f1eros de la tierra que vienen\u00a0 haciendo en los \u00faltimos d\u00edas una cantidad de hechos como el verdurazo y dem\u00e1s y las distintas provincias que viene saliendo todos los d\u00edas.<\/p>\n<p>Ha sido un d\u00eda cargado de un mont\u00f3n de un mont\u00f3n de luchas, que se est\u00e1n sosteniendo con la resistencia y tenacidad de hombres y mujeres y con la sensaci\u00f3n de que este gobierno la quiere pudrir, quiere generar un episodio de violencia, est\u00e1 construyendo un enemigo interno,en el narco tr\u00e1fico y el narco terrorismo y ahora los militares van a estar en la seguridad interna.Sin duda, dir\u00eda que este es el contexto m\u00e1s complejo de los \u00faltimos casi tres a\u00f1os de la fiebre amarilla que contrajo la Argentina.<\/p>\n<p><strong>-RCI:<\/strong> Desde lo que planteas sobre este fuerte agravamiento social, los que salimos a la calle hoy, con estas consignas que son las consignas de siempre, pero que este a\u00f1o fue en un sentido m\u00e1s explicativo\u201dpan, paz, tierra, techo y trabajo\u201d.<\/p>\n<p><strong>-LITO:<\/strong> Nosotros hemos ido escalando en una protesta donde al principio estaban las reinvindicaciones m\u00e1s urgentes y creo que hoy el conjunto de la sociedad entiende que estas son cosas urgentes y est\u00e1n pasando porque hay un modelo pol\u00edtico que implementa el gobierno y es el que est\u00e1 generando estas diferencias. Esas desigualdades ponen en riesgo la paz social y ponen en cuestionamiento la democracia en tanto se ha roto el contrato social y el Estado de derecho en la Argentina, por lo tanto, el discurso va elev\u00e1ndose en la medida en que va quedando clara la falta de voluntad pol\u00edtica de este gobierno en atender los intereses de los sectores populares, pero que si\u00a0 atiende los intereses de los poderosos y por lo tanto no hay soluci\u00f3n\u00a0 a nuestras reivindicaciones urgentes sino vamos de cuajo\u00a0 a un cambio de gobierno y de pol\u00edtica donde <em><strong>\u201cpoder so\u00f1ar, imaginar y construir otro mundo posible\u201d<\/strong><\/em>, como a veces decimos tomando las palabras del Papa Francisco. Por eso hoy el acto lo termina el Gringo Castro, convocando a una masiva movilizaci\u00f3n en Noviembre.<\/p>\n<p><strong>-RCI.:<\/strong> Haciendo un an\u00e1lisis de lo que se avecina el d\u00eda de ma\u00f1ana, una fecha tan\u00a0 importante, \u00bftenes alg\u00fan consejo para toda la gente que se va a movilizar?<\/p>\n<p><strong>-LITO:<\/strong> Yo creo que las organizaciones se van a movilizar masivamente\u00a0 y en paz. Nuestro pueblo viene demostrando la responsabilidad y la madurez de que todas las expresiones son masivas y en paz. Desde el gobierno, , son los poderosos los que est\u00e1n generando la violencia en forma permanente, por un lado con pol\u00edticas que generan injusticias y por otro lado, \u00bfquien soy yo para dar consejos?,yo creo que ma\u00f1ana es una gran batalla y las compa\u00f1eras viene dando muestra de la capacidad que vienen adquiriendo en los \u00faltimos a\u00f1os e independientemente de lo que ma\u00f1ana pase adentro del recinto, es un triunfo de las compa\u00f1eras por esta pelea que se viene llevando desde hace mucho tiempo y que est\u00e1 claro que las que ponen el cuerpo y mueren son las compa\u00f1eras trabajadoras m\u00e1s humildes .Hay mucha ch\u00e1chara para adornar lo que no se quiere reconocer, que tiene que haber una ley que proteja a las compa\u00f1eras, que el Estado se tiene que hacer cargo, y que fundamentalmente son ellas las que tiene que hablar de este tema, por eso seguramente ma\u00f1ana, muchas de las compa\u00f1eras de la organizaci\u00f3n van a estar con sus banderas dando el presente en paz y tranquilidad y esperemos que los poderosos no quieran hacer de eso otro episodio violento para tapar la impresionante movilizaci\u00f3n y el rol que vienen cumpliendo las mujeres hace un par de d\u00e9cadas. Cuando a la historia le toque contar como fue el desarroillo de la lucha del movimiento popular tendr\u00e1 que hablar de las mujeres con may\u00fasculas.<\/p>\n<p>&nbsp;<\/p>\n<p>&nbsp;<\/p>\n<p>&nbsp;<\/p>\n<p>&nbsp;<\/p>\n","protected":false},"excerpt":{"rendered":"<p>[FM Riachuelo 07\/08\/2018] En el marco de la movilizaci\u00f3n de las organizaciones populares del\u00a0 7 de Agosto, el programa ROMPE EL CERCO INFORMATIVO entrevist\u00f3 a Lito Borello, Secretario de Derechos Humanos de la CTEP para conocer su mirada acerca el tema. -RCI: Lito quer\u00edamos tener tu an\u00e1lisis pol\u00edtico de la masiva movilizaci\u00f3n que se realiz\u00f3 [&hellip;]<\/p>\n","protected":false},"author":5,"featured_media":7774,"comment_status":"closed","ping_status":"closed","sticky":false,"template":"","format":"standard","meta":{"_monsterinsights_skip_tracking":false,"_monsterinsights_sitenote_active":false,"_monsterinsights_sitenote_note":"","_monsterinsights_sitenote_category":0,"jnews-multi-image_gallery":[],"jnews_single_post":[],"jnews_primary_category":[],"_joinchat":[],"footnotes":""},"categories":[76,74,75],"tags":[],"class_list":["post-7773","post","type-post","status-publish","format-standard","has-post-thumbnail","hentry","category-salud-comunitaria","category-san-cayetano","category-trabajo"],"_links":{"self":[{"href":"http:\/\/fmriachuelo.it10.com.ar\/index.php\/wp-json\/wp\/v2\/posts\/7773","targetHints":{"allow":["GET"]}}],"collection":[{"href":"http:\/\/fmriachuelo.it10.com.ar\/index.php\/wp-json\/wp\/v2\/posts"}],"about":[{"href":"http:\/\/fmriachuelo.it10.com.ar\/index.php\/wp-json\/wp\/v2\/types\/post"}],"author":[{"embeddable":true,"href":"http:\/\/fmriachuelo.it10.com.ar\/index.php\/wp-json\/wp\/v2\/users\/5"}],"replies":[{"embeddable":true,"href":"http:\/\/fmriachuelo.it10.com.ar\/index.php\/wp-json\/wp\/v2\/comments?post=7773"}],"version-history":[{"count":0,"href":"http:\/\/fmriachuelo.it10.com.ar\/index.php\/wp-json\/wp\/v2\/posts\/7773\/revisions"}],"wp:featuredmedia":[{"embeddable":true,"href":"http:\/\/fmriachuelo.it10.com.ar\/index.php\/wp-json\/wp\/v2\/media\/7774"}],"wp:attachment":[{"href":"http:\/\/fmriachuelo.it10.com.ar\/index.php\/wp-json\/wp\/v2\/media?parent=7773"}],"wp:term":[{"taxonomy":"category","embeddable":true,"href":"http:\/\/fmriachuelo.it10.com.ar\/index.php\/wp-json\/wp\/v2\/categories?post=7773"},{"taxonomy":"post_tag","embeddable":true,"href":"http:\/\/fmriachuelo.it10.com.ar\/index.php\/wp-json\/wp\/v2\/tags?post=7773"}],"curies":[{"name":"wp","href":"https:\/\/api.w.org\/{rel}","templated":true}]}}