{"id":776,"date":"2015-01-21T13:04:00","date_gmt":"2015-01-21T13:04:00","guid":{"rendered":"http:\/\/fmriachuelo.observatorioess.org.ar\/index.php\/2015\/01\/21\/evo-morales-asume-su-nuevo-mandato-segun-las-tradiciones-ancestrales\/"},"modified":"2025-03-25T15:59:23","modified_gmt":"2025-03-25T18:59:23","slug":"evo-morales-asume-su-nuevo-mandato-segun-las-tradiciones-ancestrales","status":"publish","type":"post","link":"http:\/\/fmriachuelo.it10.com.ar\/index.php\/2015\/01\/21\/evo-morales-asume-su-nuevo-mandato-segun-las-tradiciones-ancestrales\/","title":{"rendered":"EVO MORALES ASUME SU NUEVO MANDATO SEGUN LAS TRADICIONES ANCESTRALES"},"content":{"rendered":"<p><span style=\"color: red;font-family: Verdana, sans-serif;font-size: large\"><strong>ASUNCION DEL LIDERAZGO<\/strong><\/span><br \/><span style=\"font-family: Verdana, sans-serif\"><strong>Bolivia: con una investidura ancestral, Evo Morales inicia la toma de posesi\u00f3n de su nuevo mandato<\/strong><\/span><br \/><strong><span style=\"font-family: Verdana\"><\/span><\/strong><\/p>\n<div style=\"clear: both;text-align: center\"><a href=\"http:\/\/4.bp.blogspot.com\/-8IrrX_IS2XU\/VL-hxtzrhrI\/AAAAAAAACc4\/0Vvdk0E6GDk\/s1600\/evo.jpg\" style=\"clear: left;float: left;margin-bottom: 1em;margin-right: 1em\"><img loading=\"lazy\" decoding=\"async\" border=\"0\" src=\"http:\/\/4.bp.blogspot.com\/-8IrrX_IS2XU\/VL-hxtzrhrI\/AAAAAAAACc4\/0Vvdk0E6GDk\/s1600\/evo.jpg\" height=\"181\" width=\"320\" \/><\/a><\/div>\n<div style=\"clear: both;text-align: left\"><span style=\"font-family: Verdana, sans-serif\">En Bolivia, un estado  multi\u00e9tnico, multiligue y pluricultural, los jefes ind\u00edgenas de diversas regiones de Latinoam\u00e9rica y de Bolivia ungir\u00e1n el mi\u00e9rcoles a Evo Morales como su gu\u00eda espiritual y pol\u00edtico en una ceremonia ancestral preparada en las ruinas precolombinas de Tiawanaku. En esta  civilizaci\u00f3n que es la  de mayor antig\u00fcedad del hemisferio sur,   pedir\u00e1n a la naturaleza y al cosmos confirmar al presidente de origen aymara como l\u00edder continental.<\/p>\n<p>Un d\u00eda antes de asumir oficialmente el cargo en la Asamblea Legislativa Plurinacional, en La Paz, el reelecto presidente protagonizar\u00e1 varios rituales andinos en ese milenario centro religioso, de ciencias y artes, ubicado a unos 70 km al oeste de La Paz y a casi 4.000 m de altura sobre el nivel del mar.<\/p>\n<p>Morales, de 55 a\u00f1os, se convirti\u00f3 en 2006 en el primer presidente ind\u00edgena en la historia de Bolivia, fue ratificado en 2009 y en octubre \u00faltimo fue reelecto con m\u00e1s del 60% de los votos.<\/p>\n<p>Tiawanaku es el punto de partida de un nuevo per\u00edodo de gobierno (2015-2020) para recibir la energ\u00eda de las divinidades ancestrales, de la Pachamama y el cosmos.<\/p>\n<p>Despu\u00e9s de los cinco rituales, en los que tambi\u00e9n participar\u00e1n amautas de otros pa\u00edses de la regi\u00f3n, Morales ofrecer\u00e1 un mensaje a la naci\u00f3n.<\/p>\n<p>\u201cBolivia est\u00e1 lanzando paradigmas para el vivir bien y filosof\u00eda de vida frente a la crisis de todo nivel que afecta al planeta. Los pueblos ind\u00edgenas tenemos nuestro aporte, se llama Evo Morales\u201d, remarc\u00f3 el viceministro C\u00e1rdenas.<\/p>\n<p>Las autoridades prev\u00e9n que unas 20.000 personas presenciar\u00e1n esa ceremonia, entre nacionales y extranjeros, que ser\u00e1n recibidos en un marco de m\u00fasica y danzas aut\u00f3ctonas preparadas en Tiahuanaco.<\/p>\n<p><span style=\"color: blue\">Fuente: Nodal, Telesur, Producci\u00f3n Riachuelo<\/span><\/span><\/div>\n<div style=\"clear: both;text-align: center\"><a href=\"http:\/\/1.bp.blogspot.com\/-RYmVQGPtg-c\/VL-j1znIBxI\/AAAAAAAACdE\/D3XkcPQE0gQ\/s1600\/COOP%2BRIACHIUELO%2BPRODUCCIONES.jpg\" style=\"clear: left;float: left;margin-bottom: 1em;margin-right: 1em\"><img loading=\"lazy\" decoding=\"async\" border=\"0\" src=\"http:\/\/1.bp.blogspot.com\/-RYmVQGPtg-c\/VL-j1znIBxI\/AAAAAAAACdE\/D3XkcPQE0gQ\/s1600\/COOP%2BRIACHIUELO%2BPRODUCCIONES.jpg\" height=\"58\" width=\"200\" \/><\/a><\/div>\n<div style=\"clear: both;text-align: left\">&nbsp;<\/div>\n","protected":false},"excerpt":{"rendered":"<p>ASUNCION DEL LIDERAZGOBolivia: con una investidura ancestral, Evo Morales inicia la toma de posesi\u00f3n de su nuevo mandato En Bolivia, un estado multi\u00e9tnico, multiligue y pluricultural, los jefes ind\u00edgenas de diversas regiones de Latinoam\u00e9rica y de Bolivia ungir\u00e1n el mi\u00e9rcoles a Evo Morales como su gu\u00eda espiritual y pol\u00edtico en una ceremonia ancestral preparada en [&hellip;]<\/p>\n","protected":false},"author":4,"featured_media":0,"comment_status":"open","ping_status":"open","sticky":false,"template":"","format":"standard","meta":{"_monsterinsights_skip_tracking":false,"_monsterinsights_sitenote_active":false,"_monsterinsights_sitenote_note":"","_monsterinsights_sitenote_category":0,"jnews-multi-image_gallery":[],"jnews_single_post":{"format":"standard"},"jnews_primary_category":[],"_joinchat":[],"footnotes":""},"categories":[58],"tags":[70],"class_list":["post-776","post","type-post","status-publish","format-standard","hentry","category-noticiariachuelo","tag-de-la-patria-grande"],"_links":{"self":[{"href":"http:\/\/fmriachuelo.it10.com.ar\/index.php\/wp-json\/wp\/v2\/posts\/776","targetHints":{"allow":["GET"]}}],"collection":[{"href":"http:\/\/fmriachuelo.it10.com.ar\/index.php\/wp-json\/wp\/v2\/posts"}],"about":[{"href":"http:\/\/fmriachuelo.it10.com.ar\/index.php\/wp-json\/wp\/v2\/types\/post"}],"author":[{"embeddable":true,"href":"http:\/\/fmriachuelo.it10.com.ar\/index.php\/wp-json\/wp\/v2\/users\/4"}],"replies":[{"embeddable":true,"href":"http:\/\/fmriachuelo.it10.com.ar\/index.php\/wp-json\/wp\/v2\/comments?post=776"}],"version-history":[{"count":1,"href":"http:\/\/fmriachuelo.it10.com.ar\/index.php\/wp-json\/wp\/v2\/posts\/776\/revisions"}],"predecessor-version":[{"id":22431,"href":"http:\/\/fmriachuelo.it10.com.ar\/index.php\/wp-json\/wp\/v2\/posts\/776\/revisions\/22431"}],"wp:attachment":[{"href":"http:\/\/fmriachuelo.it10.com.ar\/index.php\/wp-json\/wp\/v2\/media?parent=776"}],"wp:term":[{"taxonomy":"category","embeddable":true,"href":"http:\/\/fmriachuelo.it10.com.ar\/index.php\/wp-json\/wp\/v2\/categories?post=776"},{"taxonomy":"post_tag","embeddable":true,"href":"http:\/\/fmriachuelo.it10.com.ar\/index.php\/wp-json\/wp\/v2\/tags?post=776"}],"curies":[{"name":"wp","href":"https:\/\/api.w.org\/{rel}","templated":true}]}}