{"id":775,"date":"2015-01-22T01:47:00","date_gmt":"2015-01-22T01:47:00","guid":{"rendered":"http:\/\/fmriachuelo.observatorioess.org.ar\/index.php\/2015\/01\/22\/un-nuevo-capitulo-de-la-embestida-contra-el-gobierno-popular-de-venezuela\/"},"modified":"2025-03-25T15:59:47","modified_gmt":"2025-03-25T18:59:47","slug":"un-nuevo-capitulo-de-la-embestida-contra-el-gobierno-popular-de-venezuela","status":"publish","type":"post","link":"http:\/\/fmriachuelo.it10.com.ar\/index.php\/2015\/01\/22\/un-nuevo-capitulo-de-la-embestida-contra-el-gobierno-popular-de-venezuela\/","title":{"rendered":"UN NUEVO CAPITULO DE LA EMBESTIDA CONTRA EL GOBIERNO POPULAR DE VENEZUELA"},"content":{"rendered":"<p><span style=\"color: red;font-family: Verdana, sans-serif;font-size: large\"><strong>AMENAZADOS <\/strong><\/span><br \/><span style=\"font-family: Verdana, sans-serif\"><strong>Correa lo tiene bien claro: Guerra econ\u00f3mica contra Venezuela es id\u00e9ntica a la del Chile de Allende<\/strong><\/span><br \/><strong><span style=\"font-family: Verdana\"><\/span><\/strong><\/p>\n<div style=\"text-align: justify\">&nbsp;<\/div>\n<div style=\"clear: both;text-align: center\"><a href=\"http:\/\/1.bp.blogspot.com\/-X9dbsdRZGUw\/VMBWfwuevYI\/AAAAAAAACdc\/b3BWFGiiQog\/s1600\/correa2001154.jpg\" style=\"clear: left;float: left;margin-bottom: 1em;margin-right: 1em\"><img loading=\"lazy\" decoding=\"async\" border=\"0\" src=\"http:\/\/1.bp.blogspot.com\/-X9dbsdRZGUw\/VMBWfwuevYI\/AAAAAAAACdc\/b3BWFGiiQog\/s1600\/correa2001154.jpg\" height=\"240\" width=\"320\" \/><\/a><\/div>\n<p><span style=\"font-family: Verdana, sans-serif\">El presidente de Ecuador, Rafael Correa, asever\u00f3 hoy que la guerra econ\u00f3mica contra el gobierno de Venezuela es similar a lo ocurrido en Chile a inicios de la d\u00e9cada de 1970, durante la presidencia de Salvador Allende.<\/p>\n<p>En su cuenta de la red social Twitter, el mandatario public\u00f3: \u201cDespu\u00e9s de las elecciones de marzo de 1973 en Chile, la burgues\u00eda derrotada eligi\u00f3 el camino de la guerra econ\u00f3mica para tumbar a Allende: acaparamiento, especulaci\u00f3n, etc\u00e9tera\u201d.<\/span><br \/><a name='more'><\/a><span style=\"font-family: Verdana, sans-serif\"><br \/>El jefe de Estado agreg\u00f3 que \u201cel parecido es sorprendente con lo que ocurre ahora en Venezuela\u201d, e inst\u00f3 a los j\u00f3venes a aprender de la historia.<\/p>\n<p>En los \u00faltimos d\u00edas, el gobierno del presidente Nicol\u00e1s Maduro ha denunciado la existencia de una guerra econ\u00f3mica encaminada a desestabilizar la Revoluci\u00f3n Bolivariana.<\/span><\/p>\n<div style=\"clear: both;text-align: center\"><\/div>\n<p><span style=\"font-family: Verdana, sans-serif\"><span style=\"color: blue\">Fuente: Iguana TV, Producci\u00f3n Riachuelo<\/span><\/span><br \/><span style=\"font-family: Verdana, sans-serif\"><span style=\"color: blue\"><\/span><\/span><\/p>\n<div style=\"clear: both;text-align: center\"><a href=\"http:\/\/3.bp.blogspot.com\/-KdgJw8701WY\/VMBWSEGVZuI\/AAAAAAAACdY\/f6JGkIZKDk8\/s1600\/COOP%2BRIACHIUELO%2BPRODUCCIONES.jpg\" style=\"clear: left;float: left;margin-bottom: 1em;margin-right: 1em\"><img loading=\"lazy\" decoding=\"async\" border=\"0\" src=\"http:\/\/3.bp.blogspot.com\/-KdgJw8701WY\/VMBWSEGVZuI\/AAAAAAAACdY\/f6JGkIZKDk8\/s1600\/COOP%2BRIACHIUELO%2BPRODUCCIONES.jpg\" height=\"58\" width=\"200\" \/><\/a><\/div>\n<p><span style=\"font-family: Verdana, sans-serif\"><\/p>\n<p>El vicepresidente Jorge Arreaza consider\u00f3 que se trata de un golpe de Estado econ\u00f3mico, y es una nueva modalidad de la oposici\u00f3n para crear desabastecimientos y largas colas en los comercios, y as\u00ed desestabilizar al pa\u00eds.<\/p>\n<p>\u201cEsto que hemos visto a principios de a\u00f1o es un golpe de Estado econ\u00f3mico que vamos a superar como lo hicimos el a\u00f1o pasado con el golpe de Estado de violencia en la calle\u201d, asever\u00f3.<\/span><\/p>\n","protected":false},"excerpt":{"rendered":"<p>AMENAZADOS Correa lo tiene bien claro: Guerra econ\u00f3mica contra Venezuela es id\u00e9ntica a la del Chile de Allende &nbsp; El presidente de Ecuador, Rafael Correa, asever\u00f3 hoy que la guerra econ\u00f3mica contra el gobierno de Venezuela es similar a lo ocurrido en Chile a inicios de la d\u00e9cada de 1970, durante la presidencia de Salvador [&hellip;]<\/p>\n","protected":false},"author":4,"featured_media":0,"comment_status":"open","ping_status":"open","sticky":false,"template":"","format":"standard","meta":{"_monsterinsights_skip_tracking":false,"_monsterinsights_sitenote_active":false,"_monsterinsights_sitenote_note":"","_monsterinsights_sitenote_category":0,"jnews-multi-image_gallery":[],"jnews_single_post":{"format":"standard"},"jnews_primary_category":[],"_joinchat":[],"footnotes":""},"categories":[58],"tags":[70],"class_list":["post-775","post","type-post","status-publish","format-standard","hentry","category-noticiariachuelo","tag-de-la-patria-grande"],"_links":{"self":[{"href":"http:\/\/fmriachuelo.it10.com.ar\/index.php\/wp-json\/wp\/v2\/posts\/775","targetHints":{"allow":["GET"]}}],"collection":[{"href":"http:\/\/fmriachuelo.it10.com.ar\/index.php\/wp-json\/wp\/v2\/posts"}],"about":[{"href":"http:\/\/fmriachuelo.it10.com.ar\/index.php\/wp-json\/wp\/v2\/types\/post"}],"author":[{"embeddable":true,"href":"http:\/\/fmriachuelo.it10.com.ar\/index.php\/wp-json\/wp\/v2\/users\/4"}],"replies":[{"embeddable":true,"href":"http:\/\/fmriachuelo.it10.com.ar\/index.php\/wp-json\/wp\/v2\/comments?post=775"}],"version-history":[{"count":1,"href":"http:\/\/fmriachuelo.it10.com.ar\/index.php\/wp-json\/wp\/v2\/posts\/775\/revisions"}],"predecessor-version":[{"id":22435,"href":"http:\/\/fmriachuelo.it10.com.ar\/index.php\/wp-json\/wp\/v2\/posts\/775\/revisions\/22435"}],"wp:attachment":[{"href":"http:\/\/fmriachuelo.it10.com.ar\/index.php\/wp-json\/wp\/v2\/media?parent=775"}],"wp:term":[{"taxonomy":"category","embeddable":true,"href":"http:\/\/fmriachuelo.it10.com.ar\/index.php\/wp-json\/wp\/v2\/categories?post=775"},{"taxonomy":"post_tag","embeddable":true,"href":"http:\/\/fmriachuelo.it10.com.ar\/index.php\/wp-json\/wp\/v2\/tags?post=775"}],"curies":[{"name":"wp","href":"https:\/\/api.w.org\/{rel}","templated":true}]}}