{"id":774,"date":"2015-01-22T13:24:00","date_gmt":"2015-01-22T13:24:00","guid":{"rendered":"http:\/\/fmriachuelo.observatorioess.org.ar\/index.php\/2015\/01\/22\/zona-sur-de-la-ciudad-continua-la-politica-de-abandono\/"},"modified":"2025-03-25T16:00:29","modified_gmt":"2025-03-25T19:00:29","slug":"zona-sur-de-la-ciudad-continua-la-politica-de-abandono","status":"publish","type":"post","link":"http:\/\/fmriachuelo.it10.com.ar\/index.php\/2015\/01\/22\/zona-sur-de-la-ciudad-continua-la-politica-de-abandono\/","title":{"rendered":"ZONA SUR DE LA CIUDAD: CONTINUA LA POLITICA DE ABANDONO"},"content":{"rendered":"<p><span style=\"color: red;font-family: Verdana, sans-serif;font-size: large\"><strong>LAS POLITICAS DEL GOBIERNO DE LA CIUDAD<\/strong><\/span><br \/><span style=\"font-family: Verdana, sans-serif\"><strong>Denuncian abandono en los hogares de tr\u00e1nsito<\/strong><strong>Los edificios son vetustos, est\u00e1n sobreocupados y son insuficientes: hay dos en la Boca y uno en San Telmo.<\/strong><br \/>Hay una situaci\u00f3n que es constante: el abandono por parte del IVC sobre las condiciones diarias en estos lugares\u201d, dijo a T\u00e9lam Maximiliano Nenna, comunero por el Frente para la Victoria de la Comuna 4.<\/p>\n<p>\u201cEl organismo no se ocupa de la construcci\u00f3n de viviendas ni de terminar de resolver las mejoras en los m\u00e1s de 20 conventillos que pertenecen al Gobierno de la Ciudad\u201d, apunt\u00f3 el comunero que representa los barrios de La Boca, Barracas, Parque Patricios y Pompeya.<\/span><br \/><a name='more'><\/a><span style=\"font-family: Verdana, sans-serif\"><br \/>Nenna detall\u00f3 que \u201cen La Boca hay dos hogares de tr\u00e1nsito y en San Telmo uno\u201d cuando hay \u201cunos 21 conventillos\u201d que fueron comprados por el gobierno porte\u00f1o y que a\u00fan \u201cno han sido reconvertidos\u201d ya que muchos de ellos se encuentran en estado edilicio cr\u00edtico.<\/p>\n<p>\u201cFaltan que se hagan las mejoras en estos conventillos donde todav\u00eda no han tenido ni siquiera inicio de obras y esto se debe a la falta de presupuesto, y encima los pocos fondos que asignan ni siquiera los terminan de ejecutar\u201d, agreg\u00f3.<\/p>\n<p>\u201cEsta es una situaci\u00f3n constante del gobierno porte\u00f1o que desde hace ya much\u00edsimos a\u00f1os tiene el plan Recup para dar soluci\u00f3n habitacional a vecinos que ya est\u00e1n asignados en el programa y son adquirientes de este derecho a la vivienda\u201d, se\u00f1al\u00f3 Nenna.<\/p>\n<p>Y agreg\u00f3: \u201cLa justicia porte\u00f1a est\u00e1 convocando a representantes de la Defensor\u00eda del Pueblo y del IVC por este tema pero por m\u00e1s que se produzcan las audiencias nunca se avanza en una soluci\u00f3n\u201d.<\/p>\n<p>El comunero precis\u00f3 que hace un tiempo vecinos que viv\u00edan en un conventillo ubicado en la calle Rocha fueron relocalizados a en un hogar de tr\u00e1nsito en la calle Arzobispo Espinosa sin embargo \u201cla situaci\u00f3n de esa gente no mejor\u00f3 sino que sigue igual\u201d ya que las condiciones de su nuevo hogar \u201cno son mucho mejores a las anteriores\u201d.<\/p>\n<p>Un caso testigo es el de Patricia Ju\u00e1rez que vive en un hogar de tr\u00e1nsito ubicado en Mart\u00edn Rodr\u00edguez 559, en La Boca, que como los dem\u00e1s depende del IVC y asegur\u00f3 que el organismo \u201chace o\u00eddos sordos a los reclamos y denuncias\u201d presentados por todos los vecinos que viven all\u00ed.<\/p>\n<p>En el inmueble, donde viven 5 familias, abundan las goteras, vidrios rotos, ba\u00f1os en precarias condiciones y paredes electrificadas por el agua que ingresa en la instalaci\u00f3n el\u00e9ctrica.<\/p>\n<p>\u201cHace tres a\u00f1os se hizo un \u2018plan de contingencia\u2019 ordenado por el juez (Roberto) Gallardo por las malas condiciones en las que est\u00e1bamos viviendo\u201d, afirm\u00f3 Ju\u00e1rez quien vive en ese hogar con su familia hace 15 a\u00f1os.<\/p>\n<p>\u201cTen\u00edan que arreglar los problemas edilicios y en vez de eso lo empeoraron todo, antes se llov\u00eda atr\u00e1s ahora se llueve de punta a punta del edificio y por eso se electrificaron las paredes del pasillo, todo est\u00e1 mucho peor que antes\u201d, asegur\u00f3 la mujer.<\/p>\n<p>Y explic\u00f3 que \u201ccuando se terminaron las obras, se avis\u00f3 al IVC de la situaci\u00f3n, dijeron que iban a mandar un arquitecto a constatar las p\u00e9rdidas y comprobaron que s\u00ed se llov\u00eda, pero solamente nos dijeron que hab\u00eda un a\u00f1o de garant\u00eda para reclamar a la empresa que hizo los arreglos para que los solucione\u201d.<\/p>\n<p>\u201cUna vez constatadas las goteras volvieron a venir una y otra vez, el tiempo pas\u00f3 y perdieron la garant\u00eda y nunca arreglaron las filtraciones y por eso la situaci\u00f3n del edificio empeor\u00f3 cada vez m\u00e1s\u201d, sostuvo la mujer.<\/p>\n<p>Ademas de estas p\u00e9simas condiciones en las que tiene que vivir, asegur\u00f3 que hay una vecina que reside en el mismo lugar que es \u201cviolenta con todos\u201d los habitantes del edificio y de la que tienen denuncias desde hace ocho a\u00f1os.<\/p>\n<p>\u201cMe lastim\u00f3 con un cuchillo, nos amenaza con armas de fuego a m\u00ed, a mis hijos, a los dem\u00e1s vecinos, el hijo de esta se\u00f1ora me gatill\u00f3 en la cabeza\u201d, precis\u00f3 y remarc\u00f3 que la justicia le adjudic\u00f3 una \u201cconsigna policial las 24 horas\u201d adem\u00e1s de contar con \u201cun bot\u00f3n antip\u00e1nico\u201d.<\/p>\n<p>La mujer se\u00f1al\u00f3 que a pesar de los recaudos que la justicia tuvo para evitar que contin\u00faen las agresiones ella se dirigi\u00f3 a las autoridades del IVC \u201cpara decirles que no se puede vivir con una persona as\u00ed\u201d pero \u201cnunca obtuve una respuesta\u201d.<\/p>\n<p>\u201cMi familia y yo tenemos miedo, por lo que pueda hacer esta mujer y tambi\u00e9n por las condiciones en las que estamos viviendo. Si viene hoy Defensa Civil tiene que clausurar el edificio por las condiciones en las que se encuentra\u201d, manifest\u00f3.<\/p>\n<p>Hace 15 a\u00f1os Ju\u00e1rez y sus cinco hijos viv\u00edan en un conventillo en Su\u00e1rez 1061 del que fueron desalojados y entonces el IVC les otorg\u00f3 una habitaci\u00f3n en el hogar de tr\u00e1nsito en el que actualmente residen y unos meses despu\u00e9s, a trav\u00e9s de un juez de menores, consigui\u00f3 una habitaci\u00f3n m\u00e1s en ese mismo lugar ya que \u201cel espacio era muy peque\u00f1o\u201d.<\/p>\n<p>La mujer denunci\u00f3 que ella y los vecinos que viven all\u00ed se comunican \u201cconstantemente al IVC\u201d y que nunca tienen respuesta a sus reclamos.<\/p>\n<p>\u201cNos dicen que va a venir un inspector y nunca viene nadie\u201d, se quej\u00f3.<\/p>\n<p>\u201cAntes ten\u00edamos reuniones en las que se organizaban mesas de trabajo con representantes del IVC, de la Defensor\u00eda del Pueblo y de los hogares de tr\u00e1nsito, sin embargo desde febrero de 2014 no tenemos mas comunicaci\u00f3n, nunca apareci\u00f3 nadie del IVC y tampoco nos dan una respuesta\u201d, a\u00f1adi\u00f3.<\/p>\n<p>\u201cEn 2012 nos tendr\u00edan que haber entregado nuestros departamentos, los que tenemos asignados pero los terrenos est\u00e1n cercados, tienen un cartel de obra pero ni siquiera se empezaron y encima desde el IVC nos dicen que no van a construir nada\u201d, complet\u00f3.<\/p>\n<p>La mujer asegur\u00f3 que \u201cno se puede vivir ni en estas condiciones ni con el peligro de esta mujer que tenemos como vecina que te agrede f\u00edsica y verbalmente todo el tiempo y lo peor es que ante toda esta situaci\u00f3n estamos solos, el IVC y el gobierno porte\u00f1o hace o\u00eddos sordos a nuestros reclamos\u201d.<\/span><br \/><span style=\"color: blue;font-family: Verdana\">Fuente: DiarioZ, Producci\u00f3n Riachuelo<\/span><\/p>\n<div style=\"clear: both;text-align: center\"><a href=\"http:\/\/2.bp.blogspot.com\/-K4_S81p-Qy0\/VMD5-PeLw4I\/AAAAAAAACd0\/eMIF2aNCIWc\/s1600\/COOP%2BRIACHIUELO%2BPRODUCCIONES.jpg\" style=\"clear: left;float: left;margin-bottom: 1em;margin-right: 1em\"><img loading=\"lazy\" decoding=\"async\" border=\"0\" src=\"http:\/\/2.bp.blogspot.com\/-K4_S81p-Qy0\/VMD5-PeLw4I\/AAAAAAAACd0\/eMIF2aNCIWc\/s1600\/COOP%2BRIACHIUELO%2BPRODUCCIONES.jpg\" height=\"58\" width=\"200\" \/><\/a><\/div>\n","protected":false},"excerpt":{"rendered":"<p>LAS POLITICAS DEL GOBIERNO DE LA CIUDADDenuncian abandono en los hogares de tr\u00e1nsitoLos edificios son vetustos, est\u00e1n sobreocupados y son insuficientes: hay dos en la Boca y uno en San Telmo.Hay una situaci\u00f3n que es constante: el abandono por parte del IVC sobre las condiciones diarias en estos lugares\u201d, dijo a T\u00e9lam Maximiliano Nenna, comunero [&hellip;]<\/p>\n","protected":false},"author":4,"featured_media":0,"comment_status":"open","ping_status":"open","sticky":false,"template":"","format":"standard","meta":{"_monsterinsights_skip_tracking":false,"_monsterinsights_sitenote_active":false,"_monsterinsights_sitenote_note":"","_monsterinsights_sitenote_category":0,"jnews-multi-image_gallery":[],"jnews_single_post":{"format":"standard"},"jnews_primary_category":[],"_joinchat":[],"footnotes":""},"categories":[58],"tags":[147],"class_list":["post-774","post","type-post","status-publish","format-standard","hentry","category-noticiariachuelo","tag-habitat"],"_links":{"self":[{"href":"http:\/\/fmriachuelo.it10.com.ar\/index.php\/wp-json\/wp\/v2\/posts\/774","targetHints":{"allow":["GET"]}}],"collection":[{"href":"http:\/\/fmriachuelo.it10.com.ar\/index.php\/wp-json\/wp\/v2\/posts"}],"about":[{"href":"http:\/\/fmriachuelo.it10.com.ar\/index.php\/wp-json\/wp\/v2\/types\/post"}],"author":[{"embeddable":true,"href":"http:\/\/fmriachuelo.it10.com.ar\/index.php\/wp-json\/wp\/v2\/users\/4"}],"replies":[{"embeddable":true,"href":"http:\/\/fmriachuelo.it10.com.ar\/index.php\/wp-json\/wp\/v2\/comments?post=774"}],"version-history":[{"count":1,"href":"http:\/\/fmriachuelo.it10.com.ar\/index.php\/wp-json\/wp\/v2\/posts\/774\/revisions"}],"predecessor-version":[{"id":22436,"href":"http:\/\/fmriachuelo.it10.com.ar\/index.php\/wp-json\/wp\/v2\/posts\/774\/revisions\/22436"}],"wp:attachment":[{"href":"http:\/\/fmriachuelo.it10.com.ar\/index.php\/wp-json\/wp\/v2\/media?parent=774"}],"wp:term":[{"taxonomy":"category","embeddable":true,"href":"http:\/\/fmriachuelo.it10.com.ar\/index.php\/wp-json\/wp\/v2\/categories?post=774"},{"taxonomy":"post_tag","embeddable":true,"href":"http:\/\/fmriachuelo.it10.com.ar\/index.php\/wp-json\/wp\/v2\/tags?post=774"}],"curies":[{"name":"wp","href":"https:\/\/api.w.org\/{rel}","templated":true}]}}