{"id":7736,"date":"2018-08-07T23:33:43","date_gmt":"2018-08-07T23:33:43","guid":{"rendered":"http:\/\/fmriachuelo.com.ar\/?p=7736"},"modified":"2018-08-07T23:33:43","modified_gmt":"2018-08-07T23:33:43","slug":"marcha-san-cayetano-sin-poder-popular-no-hay-proyecto-nacional","status":"publish","type":"post","link":"http:\/\/fmriachuelo.it10.com.ar\/index.php\/2018\/08\/07\/marcha-san-cayetano-sin-poder-popular-no-hay-proyecto-nacional\/","title":{"rendered":"MARCHA SAN CAYETANO: \u201cSIN PODER POPULAR, NO HAY PROYECTO NACIONAL\u201d"},"content":{"rendered":"<p><strong>[FM Riachuelo 07\/08\/2018] Este \u00a07 de agosto d\u00eda de San Cayetano se realiz\u00f3 la 3\u00b0 Marcha por Tierra, Techo y Trabajo, impulsada por los movimientos sociales hoy conocidos como el \u201cTriunvirato de San Cayetano\u201d: la CTEP, \u00a0Barrios de Pie y la CCC. \u00a0Incorporando este a\u00f1o la consigna: \u00abNO AL \u00a0FMI\u00bb, \u00a0desde temprano \u00a0las distintas ramas de trabajadores de la Econom\u00eda Popular organizaron en Liniers una caravana que hacia las dos de la tarde, despu\u00e9s de 12 kil\u00f3metros de peregrinaci\u00f3n, ingresaron a una Plaza de Mayo colmada.<\/strong><\/p>\n<p><img loading=\"lazy\" decoding=\"async\" class=\"alignnone size-full wp-image-7737\" src=\"http:\/\/fmriachuelo.com.ar\/wp-content\/uploads\/2018\/08\/WhatsApp-Image-2018-08-07-at-18.23.54-R.jpeg\" alt=\"\" width=\"1064\" height=\"821\" srcset=\"http:\/\/fmriachuelo.it10.com.ar\/wp-content\/uploads\/2018\/08\/WhatsApp-Image-2018-08-07-at-18.23.54-R.jpeg 1064w, http:\/\/fmriachuelo.it10.com.ar\/wp-content\/uploads\/2018\/08\/WhatsApp-Image-2018-08-07-at-18.23.54-R-300x231.jpeg 300w, http:\/\/fmriachuelo.it10.com.ar\/wp-content\/uploads\/2018\/08\/WhatsApp-Image-2018-08-07-at-18.23.54-R-1024x790.jpeg 1024w, http:\/\/fmriachuelo.it10.com.ar\/wp-content\/uploads\/2018\/08\/WhatsApp-Image-2018-08-07-at-18.23.54-R-768x593.jpeg 768w, http:\/\/fmriachuelo.it10.com.ar\/wp-content\/uploads\/2018\/08\/WhatsApp-Image-2018-08-07-at-18.23.54-R-750x579.jpeg 750w\" sizes=\"auto, (max-width: 1064px) 100vw, 1064px\" \/><\/p>\n<p>El acto de cierre inici\u00f3 con unas palabras en \u00a0homenaje a los trabajadores de la educaci\u00f3n de Moreno, Sandra y Rub\u00e9n, \u00a0que perdieron la vida por la negligencia y el abandono del Estado de la provincia de Buenos Aires a cargo de la Gobernadora Vidal. Los sentidos aplausos, que fueron escuchados desde el escenario por dirigentes sindicales de la educaci\u00f3n, culminaron al grito masivo de <strong>\u201cUNIDAD DE LOS TRABAJADORES\u2026 Y AL QUE NO LE GUSTA, SE JODE\u2026\u201d.<\/strong><\/p>\n<p>Luego hicieron uso de la palabra los principales referentes de las organizaciones: Daniel Men\u00e9ndez\u00a0 de Barrios de Pie fue el primero en realizar su discurso; luego sigui\u00f3 Juan Carlos Alderete de CCC y Esteban \u201cGringo\u201d Castro de la CTEP\u00a0 finaliz\u00f3 la jornada de lucha.<\/p>\n<p>Alderete, referente de la CCC, durante su discurso insisti\u00f3 en la aprobaci\u00f3n de las \u00a05 leyes que desde la Marcha Federal vienen impulsando: Ley de Infraestructura Social; Ley de Emergencia Alimentaria; Ley De Emergencia en \u00a0Adicciones; Ley de Reparaci\u00f3n Hist\u00f3rica para la Agricultura Familiar y la Ley de integraci\u00f3n Urbana. Con \u00a0respecto a la Ley de Adicciones y Emergencia Alimentaria\u00a0 dijo: <strong><em>\u201csaludamos a las compa\u00f1eras, que hoy est\u00e1n pidiendo en esta plaza que se aprueben las dos leyes m\u00e1s urgentes: ley de adicciones y la ley emergencia alimentaria\u201d.<\/em><\/strong><\/p>\n<p><img loading=\"lazy\" decoding=\"async\" class=\"alignnone size-full wp-image-7738\" src=\"http:\/\/fmriachuelo.com.ar\/wp-content\/uploads\/2018\/08\/WhatsApp-Image-2018-08-07-at-5.18.08-PM.jpeg\" alt=\"\" width=\"1280\" height=\"854\" srcset=\"http:\/\/fmriachuelo.it10.com.ar\/wp-content\/uploads\/2018\/08\/WhatsApp-Image-2018-08-07-at-5.18.08-PM.jpeg 1280w, http:\/\/fmriachuelo.it10.com.ar\/wp-content\/uploads\/2018\/08\/WhatsApp-Image-2018-08-07-at-5.18.08-PM-300x200.jpeg 300w, http:\/\/fmriachuelo.it10.com.ar\/wp-content\/uploads\/2018\/08\/WhatsApp-Image-2018-08-07-at-5.18.08-PM-1024x683.jpeg 1024w, http:\/\/fmriachuelo.it10.com.ar\/wp-content\/uploads\/2018\/08\/WhatsApp-Image-2018-08-07-at-5.18.08-PM-768x512.jpeg 768w, http:\/\/fmriachuelo.it10.com.ar\/wp-content\/uploads\/2018\/08\/WhatsApp-Image-2018-08-07-at-5.18.08-PM-750x500.jpeg 750w, http:\/\/fmriachuelo.it10.com.ar\/wp-content\/uploads\/2018\/08\/WhatsApp-Image-2018-08-07-at-5.18.08-PM-1140x761.jpeg 1140w\" sizes=\"auto, (max-width: 1280px) 100vw, 1280px\" \/><\/p>\n<p>Por su parte el Gringo Castro puso en valor el poder popular que vienen construyendo las distintas organizaciones en los barrios, y\u00a0 afirm\u00f3 que: <strong><em>\u201csin poder popular no se puede logar un proyecto nacional\u201d. <\/em><\/strong>Por otra parte, asegur\u00f3 que se aproximan tiempos\u00a0 de victoria: \u201c<em><b>Me parece importante ser parte de un pueblo que camina por su liberaci\u00f3n. En el viejo Testamento de la Biblia hay una frase que dice: hay un tiempo para sembrar y un tiempo \u00a0para cosechar. Con todo lo mal que estamos, a m\u00ed me parece que: este es un tiempo para sembrar. Cuando hacemos todas estas cosas, estamos sembrando amor, por los pibes y las pibas de la Argentina. Cuando peleamos el 29 de noviembre; el 6, 13, 14 y el 18 de diciembre, est\u00e1bamos\u00a0brindando amor por nuestros abuelxs. Cuando hacemos el trabajo central, que es lograr que lxs pibxs no entren a la droga, tambi\u00e9n estamos sembrando. Y yo creo que, estamos bastante cerca del tiempo en el que vamos a cosechar la victoria\u201d. <\/b><\/em><\/p>\n<p>Para finalizar hizo referencia al Foro Mundial G20 que se realizara en noviembre en nuestro pa\u00eds:<strong><em> \u201cA fines de noviembre va a caer con todo su poder\u00edo el G20. Les pido a todxs nosotrxs que estamos ac\u00e1 en esta movilizaci\u00f3n, que le pidan a 5 o 6 compa\u00f1erxs que los acompa\u00f1en, al G20 no le tiene que salir barato venir a Argentina, y eso es lo que vamos a hacer\u201d.<\/em><\/strong><\/p>\n<p>Acompa\u00f1aron\u00a0 referentes de distintas centrales sindicales como: Hugo \u00abCachorro\u00bb Godoy, Secretario Nacional\u00a0 de ATE; Juan Carlos Schmid, Secretario General de la CGT; Roberto Baradel, Secretario General de SUTEBA; Eduardo L\u00f3pez, Secretario General de UTE; Movimiento Misioneros de Francisco; Luis C\u00e1ceres, Uni\u00f3n Obrera Ladrillera; Oscar \u00abColo\u00bb de Isasi, Secretario General de ATE provincia de Buenos Aires; Ricardo Peidr\u00f3 de CTA Aut\u00f3noma, entre otros.<\/p>\n<p><strong><a href=\"https:\/\/soundcloud.com\/prensa-fm-riachuelo\/sets\/07-08-2018-cobertura-acto\">COBERTURA RIACHUELO: ACTO PLAZA DE MAYO<\/a><\/strong><\/p>\n<p><strong><em>\u00a0<\/em><\/strong><\/p>\n","protected":false},"excerpt":{"rendered":"<p>[FM Riachuelo 07\/08\/2018] Este \u00a07 de agosto d\u00eda de San Cayetano se realiz\u00f3 la 3\u00b0 Marcha por Tierra, Techo y Trabajo, impulsada por los movimientos sociales hoy conocidos como el \u201cTriunvirato de San Cayetano\u201d: la CTEP, \u00a0Barrios de Pie y la CCC. \u00a0Incorporando este a\u00f1o la consigna: \u00abNO AL \u00a0FMI\u00bb, \u00a0desde temprano \u00a0las distintas ramas [&hellip;]<\/p>\n","protected":false},"author":5,"featured_media":7742,"comment_status":"open","ping_status":"open","sticky":false,"template":"","format":"standard","meta":{"_monsterinsights_skip_tracking":false,"_monsterinsights_sitenote_active":false,"_monsterinsights_sitenote_note":"","_monsterinsights_sitenote_category":0,"jnews-multi-image_gallery":[],"jnews_single_post":[],"jnews_primary_category":[],"_joinchat":[],"footnotes":""},"categories":[76,74,75],"tags":[],"class_list":["post-7736","post","type-post","status-publish","format-standard","has-post-thumbnail","hentry","category-salud-comunitaria","category-san-cayetano","category-trabajo"],"_links":{"self":[{"href":"http:\/\/fmriachuelo.it10.com.ar\/index.php\/wp-json\/wp\/v2\/posts\/7736","targetHints":{"allow":["GET"]}}],"collection":[{"href":"http:\/\/fmriachuelo.it10.com.ar\/index.php\/wp-json\/wp\/v2\/posts"}],"about":[{"href":"http:\/\/fmriachuelo.it10.com.ar\/index.php\/wp-json\/wp\/v2\/types\/post"}],"author":[{"embeddable":true,"href":"http:\/\/fmriachuelo.it10.com.ar\/index.php\/wp-json\/wp\/v2\/users\/5"}],"replies":[{"embeddable":true,"href":"http:\/\/fmriachuelo.it10.com.ar\/index.php\/wp-json\/wp\/v2\/comments?post=7736"}],"version-history":[{"count":0,"href":"http:\/\/fmriachuelo.it10.com.ar\/index.php\/wp-json\/wp\/v2\/posts\/7736\/revisions"}],"wp:featuredmedia":[{"embeddable":true,"href":"http:\/\/fmriachuelo.it10.com.ar\/index.php\/wp-json\/wp\/v2\/media\/7742"}],"wp:attachment":[{"href":"http:\/\/fmriachuelo.it10.com.ar\/index.php\/wp-json\/wp\/v2\/media?parent=7736"}],"wp:term":[{"taxonomy":"category","embeddable":true,"href":"http:\/\/fmriachuelo.it10.com.ar\/index.php\/wp-json\/wp\/v2\/categories?post=7736"},{"taxonomy":"post_tag","embeddable":true,"href":"http:\/\/fmriachuelo.it10.com.ar\/index.php\/wp-json\/wp\/v2\/tags?post=7736"}],"curies":[{"name":"wp","href":"https:\/\/api.w.org\/{rel}","templated":true}]}}