{"id":7721,"date":"2018-08-06T14:02:15","date_gmt":"2018-08-06T14:02:15","guid":{"rendered":"http:\/\/fmriachuelo.com.ar\/?p=7721"},"modified":"2018-08-06T14:02:15","modified_gmt":"2018-08-06T14:02:15","slug":"la-boca-en-un-grito-justicia-para-lucas","status":"publish","type":"post","link":"http:\/\/fmriachuelo.it10.com.ar\/index.php\/2018\/08\/06\/la-boca-en-un-grito-justicia-para-lucas\/","title":{"rendered":"LA BOCA EN UN GRITO: JUSTICIA PARA LUCAS"},"content":{"rendered":"<p><strong>[*Por Colectivo de Medios de Comunicaci\u00f3n Popular 06\/08\/2018]\u00a0 A casi tres a\u00f1os, Lucas espera que llegue el juicio donde el oficial Ricardo Ayala reciba una condena ejemplar. Un festival este s\u00e1bado agrup\u00f3 a familiares y vecinas\/os que se unieron al reclamo.<\/strong><\/p>\n<p>Aunque el d\u00eda arranc\u00f3 en llovizna, la tarde del s\u00e1bado fue de las mejores de este invierno porte\u00f1o, que viene sacudiendo fuerte en los barrios donde el fr\u00edo duele. En el Parque Irala y a metros de la Bombonera, un fan\u00e1tico de River pide justicia. Y con \u00e9l un barrio, que acompa\u00f1a su reclamo.<\/p>\n<p>En el coraz\u00f3n de La Boca, un festival tuvo lugar, para pedir Justicia para Lucas Cabello. Quiz\u00e1s recuerde el caso. Noviembre de 2015. Vidal era vicejefa porte\u00f1a, y recientemente electa gobernadora de la Provincia de Buenos Aires, y sali\u00f3 r\u00e1pidamente a decir que el oficial Ricardo Ayala respond\u00eda a un llamado de un bot\u00f3n antip\u00e1nico cuando dispar\u00f3 brutalmente contra Lucas aquel 9 de noviembre de 2015 en la puerta de su casa. Como si anticipara la doctrina a la que Chocobar puso nombre a\u00f1os m\u00e1s tarde en el mismo barrio de La Boca.<\/p>\n<p>Vecinas\/os, familiares y amigas\/os se juntaron para exigir justicia. Con m\u00fasica, arte popular, murgas, rap, radio abierta. Lucas, quien se recupera de las consecuencias del brutal ataque, estuvo en la plaza junto a su familia.Estuvieron presentes Eugenia, hermana de Andrea Viera; Jorge Herrera, pap\u00e1 de Pitu y Pola, dos hermanitos muertos en un incendio en un conventillo; y Roxana Cainzos, mam\u00e1 de Nehuen Rodr\u00edguez. \u00abSon tiempos dif\u00edciles, lo que sirve es la uni\u00f3n, que los chicos tomen conciencia y sepan cuidarse\u00bb, dijo Roxy.<img loading=\"lazy\" decoding=\"async\" class=\"alignnone size-full wp-image-7729\" src=\"http:\/\/fmriachuelo.com.ar\/wp-content\/uploads\/2018\/08\/WhatsApp-Image-2018-08-06-at-10.34.37-AM.jpeg\" alt=\"\" width=\"1280\" height=\"854\" srcset=\"http:\/\/fmriachuelo.it10.com.ar\/wp-content\/uploads\/2018\/08\/WhatsApp-Image-2018-08-06-at-10.34.37-AM.jpeg 1280w, http:\/\/fmriachuelo.it10.com.ar\/wp-content\/uploads\/2018\/08\/WhatsApp-Image-2018-08-06-at-10.34.37-AM-300x200.jpeg 300w, http:\/\/fmriachuelo.it10.com.ar\/wp-content\/uploads\/2018\/08\/WhatsApp-Image-2018-08-06-at-10.34.37-AM-1024x683.jpeg 1024w, http:\/\/fmriachuelo.it10.com.ar\/wp-content\/uploads\/2018\/08\/WhatsApp-Image-2018-08-06-at-10.34.37-AM-768x512.jpeg 768w, http:\/\/fmriachuelo.it10.com.ar\/wp-content\/uploads\/2018\/08\/WhatsApp-Image-2018-08-06-at-10.34.37-AM-750x500.jpeg 750w, http:\/\/fmriachuelo.it10.com.ar\/wp-content\/uploads\/2018\/08\/WhatsApp-Image-2018-08-06-at-10.34.37-AM-1140x761.jpeg 1140w\" sizes=\"auto, (max-width: 1280px) 100vw, 1280px\" \/>Karamelo Santo agit\u00f3 la tarde barrial, y las murgas Gardelitos y Bombo, Platillo y Elegancia, entre otras, desfilaron estandartes. La barriada acompa\u00f1\u00f3, comprando patys y choripanes, para ayudar a familiares en lo que se viene ahora: esperar que el Tribunal Oral en lo Criminal N\u00b01 (conformado por los jueces Luis Salas, Adri\u00e1n P\u00e9rez Lance y Fernando Ram\u00edrez) ponga fecha de inicio al juicio oral y p\u00fablico.<\/p>\n<p>Nahuel Berguier, uno de los abogados que acompa\u00f1a la causa desde el inicio y particip\u00f3 de la jornada, resalt\u00f3 la importancia de la respuesta popular: \u00abla causa es emblem\u00e1tica por la fuerza que le puso Lucas y su familia, y por el acompa\u00f1amiento total que tuvo de las organizaciones y vecinos del barrio porque sin esa reacci\u00f3n inmediata y fuerte, la causa no hubiera tenido el avance que tuvo\u00bb.<\/p>\n<p>El Poder Judicial, que suele ser hostil con quienes exigen justicia y es en demas\u00eda ben\u00e9volo con quienes violan derechos humanos a diario, sobre todo cuando llevan uniforme, le garantiza a Ricardo Ayala esperar el juicio en libertad. Como muestra de la impunidad que intentan garantizar. Sin la lucha, sin la organizaci\u00f3n, no es posible que los responsables sean juzgados y condenados. Estas madres lo entienden, act\u00faan, y dan ejemplo en el camino que encararon. Necesitan, adem\u00e1s, del apoyo y empuje de un barrio entero. El festival del \u00faltimo s\u00e1bado es s\u00f3lo una expresi\u00f3n del acompa\u00f1amiento de una comunidad, que sigue gritando justicia para Lucas hoy como desde noviembre de 2015. Cuando cambi\u00f3 la vida para Lucas. Y tambi\u00e9n para el barrio de La Boca.<\/p>\n<p>\u00abA las mam\u00e1s que estamos ac\u00e1 nos pas\u00f3 lo que todas tememos: que nos lastimen a nuestros hijos\u00bb cerr\u00f3 Caro, mam\u00e1 de Lucas. \u00abGracias a los vecinos y al barrio que reaccionaron en el momento, puedo tener a mi hijo conmigo, puedo abrazarlo. Pido que no nos falten m\u00e1s hijos en el barrio porque son vac\u00edos que no se llenan m\u00e1s\u00bb.<img loading=\"lazy\" decoding=\"async\" class=\"alignnone size-full wp-image-7728\" src=\"http:\/\/fmriachuelo.com.ar\/wp-content\/uploads\/2018\/08\/WhatsApp-Image-2018-08-06-at-10.28.04-AM.jpeg\" alt=\"\" width=\"1280\" height=\"854\" srcset=\"http:\/\/fmriachuelo.it10.com.ar\/wp-content\/uploads\/2018\/08\/WhatsApp-Image-2018-08-06-at-10.28.04-AM.jpeg 1280w, http:\/\/fmriachuelo.it10.com.ar\/wp-content\/uploads\/2018\/08\/WhatsApp-Image-2018-08-06-at-10.28.04-AM-300x200.jpeg 300w, http:\/\/fmriachuelo.it10.com.ar\/wp-content\/uploads\/2018\/08\/WhatsApp-Image-2018-08-06-at-10.28.04-AM-1024x683.jpeg 1024w, http:\/\/fmriachuelo.it10.com.ar\/wp-content\/uploads\/2018\/08\/WhatsApp-Image-2018-08-06-at-10.28.04-AM-768x512.jpeg 768w, http:\/\/fmriachuelo.it10.com.ar\/wp-content\/uploads\/2018\/08\/WhatsApp-Image-2018-08-06-at-10.28.04-AM-750x500.jpeg 750w, http:\/\/fmriachuelo.it10.com.ar\/wp-content\/uploads\/2018\/08\/WhatsApp-Image-2018-08-06-at-10.28.04-AM-1140x761.jpeg 1140w\" sizes=\"auto, (max-width: 1280px) 100vw, 1280px\" \/><\/p>\n<p>&nbsp;<\/p>\n<p><strong>*FM Riachuelo, La Retaguardia, Sur Capitalino, FM La Caterva, Agencia Paco Urondo, ANCAP<\/strong><\/p>\n","protected":false},"excerpt":{"rendered":"<p>[*Por Colectivo de Medios de Comunicaci\u00f3n Popular 06\/08\/2018]\u00a0 A casi tres a\u00f1os, Lucas espera que llegue el juicio donde el oficial Ricardo Ayala reciba una condena ejemplar. Un festival este s\u00e1bado agrup\u00f3 a familiares y vecinas\/os que se unieron al reclamo. Aunque el d\u00eda arranc\u00f3 en llovizna, la tarde del s\u00e1bado fue de las mejores [&hellip;]<\/p>\n","protected":false},"author":5,"featured_media":7722,"comment_status":"open","ping_status":"open","sticky":false,"template":"","format":"standard","meta":{"_monsterinsights_skip_tracking":false,"_monsterinsights_sitenote_active":false,"_monsterinsights_sitenote_note":"","_monsterinsights_sitenote_category":0,"jnews-multi-image_gallery":[],"jnews_single_post":[],"jnews_primary_category":[],"_joinchat":[],"footnotes":""},"categories":[78,76,77],"tags":[],"class_list":["post-7721","post","type-post","status-publish","format-standard","has-post-thumbnail","hentry","category-economia-popular","category-salud-comunitaria","category-soberania"],"_links":{"self":[{"href":"http:\/\/fmriachuelo.it10.com.ar\/index.php\/wp-json\/wp\/v2\/posts\/7721","targetHints":{"allow":["GET"]}}],"collection":[{"href":"http:\/\/fmriachuelo.it10.com.ar\/index.php\/wp-json\/wp\/v2\/posts"}],"about":[{"href":"http:\/\/fmriachuelo.it10.com.ar\/index.php\/wp-json\/wp\/v2\/types\/post"}],"author":[{"embeddable":true,"href":"http:\/\/fmriachuelo.it10.com.ar\/index.php\/wp-json\/wp\/v2\/users\/5"}],"replies":[{"embeddable":true,"href":"http:\/\/fmriachuelo.it10.com.ar\/index.php\/wp-json\/wp\/v2\/comments?post=7721"}],"version-history":[{"count":0,"href":"http:\/\/fmriachuelo.it10.com.ar\/index.php\/wp-json\/wp\/v2\/posts\/7721\/revisions"}],"wp:featuredmedia":[{"embeddable":true,"href":"http:\/\/fmriachuelo.it10.com.ar\/index.php\/wp-json\/wp\/v2\/media\/7722"}],"wp:attachment":[{"href":"http:\/\/fmriachuelo.it10.com.ar\/index.php\/wp-json\/wp\/v2\/media?parent=7721"}],"wp:term":[{"taxonomy":"category","embeddable":true,"href":"http:\/\/fmriachuelo.it10.com.ar\/index.php\/wp-json\/wp\/v2\/categories?post=7721"},{"taxonomy":"post_tag","embeddable":true,"href":"http:\/\/fmriachuelo.it10.com.ar\/index.php\/wp-json\/wp\/v2\/tags?post=7721"}],"curies":[{"name":"wp","href":"https:\/\/api.w.org\/{rel}","templated":true}]}}