{"id":7703,"date":"2018-08-05T00:48:57","date_gmt":"2018-08-05T00:48:57","guid":{"rendered":"http:\/\/fmriachuelo.com.ar\/?p=7703"},"modified":"2018-08-05T00:48:57","modified_gmt":"2018-08-05T00:48:57","slug":"no-puede-quedar-impune-la-muerte-de-estos-companeros","status":"publish","type":"post","link":"http:\/\/fmriachuelo.it10.com.ar\/index.php\/2018\/08\/05\/no-puede-quedar-impune-la-muerte-de-estos-companeros\/","title":{"rendered":"\u00abNO PUEDE QUEDAR IMPUNE LA MUERTE DE ESTOS  COMPA\u00d1EROS\u00bb"},"content":{"rendered":"<p><strong>[FM Riachuelo 04\/08\/2018<\/strong><strong>] En el programa Cazadores de Zonceras, entrevist\u00f3 a\u00a0 Mariel Fern\u00e1ndez responsable del Movimiento Evita en Moreno. A causa de la movilizaci\u00f3n que se dio el d\u00eda jueves para repudiar la muerte de los trabajadores de la educaci\u00f3n.<\/strong><\/p>\n<p>A ra\u00edz del tr\u00e1gico hecho \u00a0que ocurri\u00f3 el pasado jueves, en donde dos docentes de la escuela N\u00b049 Nicol\u00e1s Avellaneda, de Moreno murieron por la desidia y abando. Conversamos con Mariel, qui\u00e9n trabaja en el territorio desde hace tiempo, junto a otros movimientos sociales.<\/p>\n<p>Expres\u00f3 el profundo dolor y bronca, que siente todo el pueblo de Moreno por las muertes de Sandra, vicedirectora y Rub\u00e9n auxiliar\u00a0 de la escuela.<\/p>\n<p>Mariel dijo: <strong><em>\u201cNosotros los movimientos sociales ven\u00edamos denunciando y nos movilizamos al consejo escolar\u00a0 por la situaci\u00f3n que est\u00e1n viviendo las escuelas\u201d <\/em><\/strong><\/p>\n<p><strong><em>\u201cNo vamos a permitir que entre nadie m\u00e1s al consejo escolar, hasta que no se levante la intervenci\u00f3n. No puede quedar impune la muerte de estos \u00a0grandes compa\u00f1eros\u201d.<\/em><\/strong><\/p>\n<p>Tambi\u00e9n se refiri\u00f3 al momento que est\u00e1n viviendo\u00a0 los comedores de los movimientos sociales, la preocupaci\u00f3n de que esto no da para m\u00e1s. Y Agreg\u00f3 que las organizaciones sociales se van a volver a\u00a0 juntar\u00a0 para organizar una posible marcha para el d\u00eda \u00a0lunes.<\/p>\n<p>&nbsp;<\/p>\n","protected":false},"excerpt":{"rendered":"<p>[FM Riachuelo 04\/08\/2018] En el programa Cazadores de Zonceras, entrevist\u00f3 a\u00a0 Mariel Fern\u00e1ndez responsable del Movimiento Evita en Moreno. A causa de la movilizaci\u00f3n que se dio el d\u00eda jueves para repudiar la muerte de los trabajadores de la educaci\u00f3n. A ra\u00edz del tr\u00e1gico hecho \u00a0que ocurri\u00f3 el pasado jueves, en donde dos docentes de [&hellip;]<\/p>\n","protected":false},"author":5,"featured_media":7714,"comment_status":"open","ping_status":"open","sticky":false,"template":"","format":"standard","meta":{"_monsterinsights_skip_tracking":false,"_monsterinsights_sitenote_active":false,"_monsterinsights_sitenote_note":"","_monsterinsights_sitenote_category":0,"jnews-multi-image_gallery":[],"jnews_single_post":[],"jnews_primary_category":[],"_joinchat":[],"footnotes":""},"categories":[76,77,75],"tags":[],"class_list":["post-7703","post","type-post","status-publish","format-standard","has-post-thumbnail","hentry","category-salud-comunitaria","category-soberania","category-trabajo"],"_links":{"self":[{"href":"http:\/\/fmriachuelo.it10.com.ar\/index.php\/wp-json\/wp\/v2\/posts\/7703","targetHints":{"allow":["GET"]}}],"collection":[{"href":"http:\/\/fmriachuelo.it10.com.ar\/index.php\/wp-json\/wp\/v2\/posts"}],"about":[{"href":"http:\/\/fmriachuelo.it10.com.ar\/index.php\/wp-json\/wp\/v2\/types\/post"}],"author":[{"embeddable":true,"href":"http:\/\/fmriachuelo.it10.com.ar\/index.php\/wp-json\/wp\/v2\/users\/5"}],"replies":[{"embeddable":true,"href":"http:\/\/fmriachuelo.it10.com.ar\/index.php\/wp-json\/wp\/v2\/comments?post=7703"}],"version-history":[{"count":0,"href":"http:\/\/fmriachuelo.it10.com.ar\/index.php\/wp-json\/wp\/v2\/posts\/7703\/revisions"}],"wp:featuredmedia":[{"embeddable":true,"href":"http:\/\/fmriachuelo.it10.com.ar\/index.php\/wp-json\/wp\/v2\/media\/7714"}],"wp:attachment":[{"href":"http:\/\/fmriachuelo.it10.com.ar\/index.php\/wp-json\/wp\/v2\/media?parent=7703"}],"wp:term":[{"taxonomy":"category","embeddable":true,"href":"http:\/\/fmriachuelo.it10.com.ar\/index.php\/wp-json\/wp\/v2\/categories?post=7703"},{"taxonomy":"post_tag","embeddable":true,"href":"http:\/\/fmriachuelo.it10.com.ar\/index.php\/wp-json\/wp\/v2\/tags?post=7703"}],"curies":[{"name":"wp","href":"https:\/\/api.w.org\/{rel}","templated":true}]}}