{"id":770,"date":"2015-01-23T15:01:00","date_gmt":"2015-01-23T15:01:00","guid":{"rendered":"http:\/\/fmriachuelo.observatorioess.org.ar\/index.php\/2015\/01\/23\/bolivia-asumen-nuevo-mandato-de-gobierno\/"},"modified":"2025-03-25T16:06:43","modified_gmt":"2025-03-25T19:06:43","slug":"bolivia-asumen-nuevo-mandato-de-gobierno","status":"publish","type":"post","link":"http:\/\/fmriachuelo.it10.com.ar\/index.php\/2015\/01\/23\/bolivia-asumen-nuevo-mandato-de-gobierno\/","title":{"rendered":"BOLIVIA: ASUMEN NUEVO MANDATO DE GOBIERNO"},"content":{"rendered":"<div style=\"clear: both;text-align: left\"><span style=\"color: red;font-family: Verdana, sans-serif;font-size: large\"><strong>Alvaro Garc\u00eda Linera vicepresidente de Bolivia: \u201cLos Revolucionarios no vinimos a administrar el capitalismo\u201d<\/strong><\/span><\/p>\n<div style=\"clear: both;text-align: center\"><span style=\"color: red;font-family: Verdana, sans-serif;font-size: large\"><strong><a href=\"http:\/\/3.bp.blogspot.com\/-xXMLglbQe-M\/VMJhaxXcDyI\/AAAAAAAACfw\/uRc5L1QA8RE\/s1600\/ALVARO.jpg\" style=\"margin-left: 1em;margin-right: 1em\"><img loading=\"lazy\" decoding=\"async\" border=\"0\" src=\"http:\/\/3.bp.blogspot.com\/-xXMLglbQe-M\/VMJhaxXcDyI\/AAAAAAAACfw\/uRc5L1QA8RE\/s1600\/ALVARO.jpg\" height=\"181\" width=\"320\" \/><\/a><\/strong><\/span><\/div>\n<p><span style=\"font-family: Verdana, sans-serif\"><strong>[Bolivia\/ Resumen Latinoamericano\/ TeleSur\/ 22\/01\/2015].- El vicepresidente de Bolivia destac\u00f3 los logros del socialismo en ese pa\u00eds y resalt\u00f3 el protagonismo de las comunidades y los pueblos ind\u00edgenas, impulsados por el presidente Evo Morales.<\/strong><\/span><br \/><span style=\"font-family: Verdana, sans-serif\"><\/span><a name='more'><\/a><span style=\"font-family: Verdana, sans-serif\"><br \/>\u00c1lvaro Garc\u00eda Linera fue proclamado este viernes como vicepresidente de Bolivia en la Asamblea Legislativa Plurinacional para el per\u00edodo 2015-2020. En su intervenci\u00f3n destac\u00f3 los logros del socialismo en esa naci\u00f3n. Manifest\u00f3 que por medio del socialismo se ha creado un estado social y equitativo.<\/p>\n<p>El vicepresidente insisti\u00f3 en que el socialismo no es una nueva civilizaci\u00f3n, sino un campo de batalla entre lo nuevo y lo viejo. \u201cEs la lucha frente al viejo Estado que monopoliza y de un nuevo Estado que democratiza\u201d.<\/p>\n<p>Garc\u00eda Linera tambi\u00e9n dijo que el socialismo es la \u201csoluci\u00f3n real a la cat\u00e1strofe ambiental\u201d. En su intervenci\u00f3n tambi\u00e9n resalt\u00f3 que las naciones ind\u00edgenas han retomado el protagonismo hist\u00f3rico y gracias al apoyo del presidente Evo Morales hoy conducen al pa\u00eds.<\/span><br \/><span style=\"color: blue;font-family: Verdana\">Fuente: Resumen Latinoamericano, Producci\u00f3n Riachuelo<\/span><\/p>\n<div style=\"clear: both;text-align: center\"><a href=\"http:\/\/2.bp.blogspot.com\/-znp0otTsfCQ\/VMJh_ZwV8wI\/AAAAAAAACf4\/fGov_ea6GvU\/s1600\/COOP%2BRIACHIUELO%2BPRODUCCIONES.jpg\" style=\"clear: left;float: left;margin-bottom: 1em;margin-right: 1em\"><img loading=\"lazy\" decoding=\"async\" border=\"0\" src=\"http:\/\/2.bp.blogspot.com\/-znp0otTsfCQ\/VMJh_ZwV8wI\/AAAAAAAACf4\/fGov_ea6GvU\/s1600\/COOP%2BRIACHIUELO%2BPRODUCCIONES.jpg\" height=\"58\" width=\"200\" \/><\/a><\/div>\n<p>&nbsp;<\/p><\/div>\n","protected":false},"excerpt":{"rendered":"<p>Alvaro Garc\u00eda Linera vicepresidente de Bolivia: \u201cLos Revolucionarios no vinimos a administrar el capitalismo\u201d [Bolivia\/ Resumen Latinoamericano\/ TeleSur\/ 22\/01\/2015].- El vicepresidente de Bolivia destac\u00f3 los logros del socialismo en ese pa\u00eds y resalt\u00f3 el protagonismo de las comunidades y los pueblos ind\u00edgenas, impulsados por el presidente Evo Morales.\u00c1lvaro Garc\u00eda Linera fue proclamado este viernes como [&hellip;]<\/p>\n","protected":false},"author":4,"featured_media":0,"comment_status":"open","ping_status":"open","sticky":false,"template":"","format":"standard","meta":{"_monsterinsights_skip_tracking":false,"_monsterinsights_sitenote_active":false,"_monsterinsights_sitenote_note":"","_monsterinsights_sitenote_category":0,"jnews-multi-image_gallery":[],"jnews_single_post":{"format":"standard"},"jnews_primary_category":[],"_joinchat":[],"footnotes":""},"categories":[58],"tags":[70],"class_list":["post-770","post","type-post","status-publish","format-standard","hentry","category-noticiariachuelo","tag-de-la-patria-grande"],"_links":{"self":[{"href":"http:\/\/fmriachuelo.it10.com.ar\/index.php\/wp-json\/wp\/v2\/posts\/770","targetHints":{"allow":["GET"]}}],"collection":[{"href":"http:\/\/fmriachuelo.it10.com.ar\/index.php\/wp-json\/wp\/v2\/posts"}],"about":[{"href":"http:\/\/fmriachuelo.it10.com.ar\/index.php\/wp-json\/wp\/v2\/types\/post"}],"author":[{"embeddable":true,"href":"http:\/\/fmriachuelo.it10.com.ar\/index.php\/wp-json\/wp\/v2\/users\/4"}],"replies":[{"embeddable":true,"href":"http:\/\/fmriachuelo.it10.com.ar\/index.php\/wp-json\/wp\/v2\/comments?post=770"}],"version-history":[{"count":1,"href":"http:\/\/fmriachuelo.it10.com.ar\/index.php\/wp-json\/wp\/v2\/posts\/770\/revisions"}],"predecessor-version":[{"id":22450,"href":"http:\/\/fmriachuelo.it10.com.ar\/index.php\/wp-json\/wp\/v2\/posts\/770\/revisions\/22450"}],"wp:attachment":[{"href":"http:\/\/fmriachuelo.it10.com.ar\/index.php\/wp-json\/wp\/v2\/media?parent=770"}],"wp:term":[{"taxonomy":"category","embeddable":true,"href":"http:\/\/fmriachuelo.it10.com.ar\/index.php\/wp-json\/wp\/v2\/categories?post=770"},{"taxonomy":"post_tag","embeddable":true,"href":"http:\/\/fmriachuelo.it10.com.ar\/index.php\/wp-json\/wp\/v2\/tags?post=770"}],"curies":[{"name":"wp","href":"https:\/\/api.w.org\/{rel}","templated":true}]}}