{"id":77,"date":"2015-09-02T12:45:00","date_gmt":"2015-09-02T12:45:00","guid":{"rendered":"http:\/\/fmriachuelo.observatorioess.org.ar\/index.php\/2015\/09\/02\/seminario-historia-de-la-lucha-popular-en-colombia\/"},"modified":"2025-05-13T16:17:34","modified_gmt":"2025-05-13T19:17:34","slug":"seminario-historia-de-la-lucha-popular-en-colombia","status":"publish","type":"post","link":"http:\/\/fmriachuelo.it10.com.ar\/index.php\/2015\/09\/02\/seminario-historia-de-la-lucha-popular-en-colombia\/","title":{"rendered":"SEMINARIO: HISTORIA DE LA LUCHA POPULAR EN COLOMBIA"},"content":{"rendered":"<div style=\"clear: both;text-align: start\"><span style=\"color: red;font-family: Verdana, sans-serif;font-size: large\"><b>LA LUCHA POR LA TIERRA Y LOS OR\u00cdGENES DEL CONFLICTO<\/b><\/span><\/div>\n<div style=\"clear: both;text-align: center\"><\/div>\n<div style=\"clear: both;text-align: center\"><a href=\"http:\/\/2.bp.blogspot.com\/-W3HnGm9qgI0\/VebucaxY8cI\/AAAAAAAAGN0\/ur4gT3vIWJg\/s1600\/marcha%2Bpatriotica.png\" style=\"clear: left;float: left;margin-bottom: 1em;margin-right: 1em\"><img loading=\"lazy\" decoding=\"async\" border=\"0\" height=\"226\" src=\"http:\/\/2.bp.blogspot.com\/-W3HnGm9qgI0\/VebucaxY8cI\/AAAAAAAAGN0\/ur4gT3vIWJg\/s320\/marcha%2Bpatriotica.png\" width=\"320\" \/><\/a><\/div>\n<div style=\"clear: both;text-align: center\"><\/div>\n<p><span style=\"font-family: Verdana, sans-serif\">SEGUNDO ENCUENTRO: <br \/> Lucha por la tierra y los or\u00edgenes del conflicto<\/span><span style=\"font-family: Verdana, sans-serif\">Expositor: Javier Calder\u00f3n<\/span><br style=\"font-family: Verdana, sans-serif\" \/><span style=\"font-family: Verdana, sans-serif\">Soci\u00f3logo e investigador cr\u00edtico colombiano<\/span><br style=\"font-family: Verdana, sans-serif\" \/><span style=\"font-family: Verdana, sans-serif\">Comisi\u00f3n Internacional Marcha Patri\u00f3tica<\/span><br style=\"font-family: Verdana, sans-serif\" \/><span style=\"font-family: Verdana, sans-serif\">Jueves 3 de septiembre 19 hs, Callao 274 (CEFMA)<\/span><br style=\"font-family: Verdana, sans-serif\" \/><span style=\"font-family: Verdana, sans-serif\">Entrada libre y gratuita<\/span><\/p>\n<div><span style=\"font-family: Verdana, sans-serif\"><br \/>Buscamos a trav\u00e9s de los encuentros abordar una lectura cr\u00edtica de la historia de Colombia \u200ben clave de esclarecer los elementos que dieron or\u00edgen al conflicto social y pol\u00edtico, que ante las condiciones hist\u00f3ricas devino en un conflicto armado de larga duraci\u00f3n. En consecuencia con ello destacamos los momentos en que los procesos de Paz han tenido lugar en medio de la disputa por dar soluci\u00f3n a la desigualdad y al ejercicio de la violencia como forma de hacer pol\u00edtica de las clases dominantes. Reconociendo el rol estrat\u00e9gico que ocupa Colombia para los intereses imperialistas en la regi\u00f3n, consideramos necesario analizar los puntos principales de la pol\u00edtica de seguridad y defensa de EEUU para Nuestra Am\u00e9rica, as\u00ed como las nuevas perspectivas que los movimientos pol\u00edticos y sociales del pa\u00eds pueden abrir en un nuevo escenario regional donde la correlaci\u00f3n de fuerzas les permita ser gobierno y constituir un nuevo poder.<br \/><a name='more'><\/a><br \/>Lucha por la tierra y los or\u00edgenes del conflicto.<\/p>\n<p> Se toman como punto de partida las huelgas de los a\u00f1os 30\u2019s, el per\u00edodo de La Violencia desarrollado a partir del Bogotazo y la lucha de los a\u00f1os 60\u2019s. Se analizar\u00e1n las pol\u00edticas de Estado y las pr\u00e1cticas que llevaron a conformar respuestas armadas en el campo y diversas resistencias populares.<\/p>\n<p>Informes en:<br \/> Facebook : Marcha Patri\u00f3tica Cap\u00edtulo Argentina<br \/><a href=\"https:\/\/www.facebook.com\/marchapatriotica.capituloargentina\"><\/a><a href=\"https:\/\/www.facebook.com\/marchapatriotica.capituloargentina\">https:\/\/www.facebook.com\/marchapatriotica.capituloargentina<\/a><\/p>\n<p><\/span>             <\/p>\n<div style=\"background: white\"><\/div>\n<\/div>\n","protected":false},"excerpt":{"rendered":"<p>LA LUCHA POR LA TIERRA Y LOS OR\u00cdGENES DEL CONFLICTO SEGUNDO ENCUENTRO: Lucha por la tierra y los or\u00edgenes del conflictoExpositor: Javier Calder\u00f3nSoci\u00f3logo e investigador cr\u00edtico colombianoComisi\u00f3n Internacional Marcha Patri\u00f3ticaJueves 3 de septiembre 19 hs, Callao 274 (CEFMA)Entrada libre y gratuita Buscamos a trav\u00e9s de los encuentros abordar una lectura cr\u00edtica de la historia de [&hellip;]<\/p>\n","protected":false},"author":4,"featured_media":0,"comment_status":"open","ping_status":"open","sticky":false,"template":"","format":"standard","meta":{"_monsterinsights_skip_tracking":false,"_monsterinsights_sitenote_active":false,"_monsterinsights_sitenote_note":"","_monsterinsights_sitenote_category":0,"jnews-multi-image_gallery":[],"jnews_single_post":{"format":"standard"},"jnews_primary_category":[],"_joinchat":[],"footnotes":""},"categories":[58],"tags":[70,72],"class_list":["post-77","post","type-post","status-publish","format-standard","hentry","category-noticiariachuelo","tag-de-la-patria-grande","tag-historia-de-la-lucha-de-los-pueblos"],"_links":{"self":[{"href":"http:\/\/fmriachuelo.it10.com.ar\/index.php\/wp-json\/wp\/v2\/posts\/77","targetHints":{"allow":["GET"]}}],"collection":[{"href":"http:\/\/fmriachuelo.it10.com.ar\/index.php\/wp-json\/wp\/v2\/posts"}],"about":[{"href":"http:\/\/fmriachuelo.it10.com.ar\/index.php\/wp-json\/wp\/v2\/types\/post"}],"author":[{"embeddable":true,"href":"http:\/\/fmriachuelo.it10.com.ar\/index.php\/wp-json\/wp\/v2\/users\/4"}],"replies":[{"embeddable":true,"href":"http:\/\/fmriachuelo.it10.com.ar\/index.php\/wp-json\/wp\/v2\/comments?post=77"}],"version-history":[{"count":1,"href":"http:\/\/fmriachuelo.it10.com.ar\/index.php\/wp-json\/wp\/v2\/posts\/77\/revisions"}],"predecessor-version":[{"id":24019,"href":"http:\/\/fmriachuelo.it10.com.ar\/index.php\/wp-json\/wp\/v2\/posts\/77\/revisions\/24019"}],"wp:attachment":[{"href":"http:\/\/fmriachuelo.it10.com.ar\/index.php\/wp-json\/wp\/v2\/media?parent=77"}],"wp:term":[{"taxonomy":"category","embeddable":true,"href":"http:\/\/fmriachuelo.it10.com.ar\/index.php\/wp-json\/wp\/v2\/categories?post=77"},{"taxonomy":"post_tag","embeddable":true,"href":"http:\/\/fmriachuelo.it10.com.ar\/index.php\/wp-json\/wp\/v2\/tags?post=77"}],"curies":[{"name":"wp","href":"https:\/\/api.w.org\/{rel}","templated":true}]}}