{"id":7681,"date":"2018-08-04T16:45:57","date_gmt":"2018-08-04T16:45:57","guid":{"rendered":"http:\/\/fmriachuelo.com.ar\/?p=7681"},"modified":"2018-08-04T16:45:57","modified_gmt":"2018-08-04T16:45:57","slug":"estas-politicas-estan-provocando-una-olla-a-presion-que-hace-dificil-imaginar-que-se-mantenga-la-paz-social","status":"publish","type":"post","link":"http:\/\/fmriachuelo.it10.com.ar\/index.php\/2018\/08\/04\/estas-politicas-estan-provocando-una-olla-a-presion-que-hace-dificil-imaginar-que-se-mantenga-la-paz-social\/","title":{"rendered":"\u00abESTAS POL\u00cdTICAS EST\u00c1N PROVOCANDO UNA OLLA A PRESI\u00d3N QUE HACE DIF\u00cdCIL IMAGINAR QUE SE MANTENGA LA PAZ SOCIAL\u00bb"},"content":{"rendered":"<p><strong>[FM Riachuelo 04\/08\/2018] El 7 de agosto se realizara la tercera movilizaci\u00f3n de San Cayetano, fecha que\u00a0 reivindica la lucha y resistencia de los trabajadores de la Econom\u00eda Popular.\u00a0 Teniendo en cuenta este d\u00eda Cazadores de Zonceras entrevist\u00f3 a Lito Borello, Secretario de Derechos Humanos de la Ctep, analiza las pol\u00edticas de Estado\u00a0 que el\u00a0 Gobierno de Macri viene\u00a0 implementado, pol\u00edticas que ponen en riesgo la paz social, porque favorece los intereses del poder econ\u00f3mico dominante, \u00a0mientras la clase popular sufre las consecuencias del ajuste y la miseria. <\/strong><\/p>\n<p><strong>Por otro lado, reflexiona sobre el debate suscitado por el tratamiento de la ley de despenalizaci\u00f3n del aborto, que ser\u00e1 debatida el 8 de agosto en el Senado de la Naci\u00f3n. <\/strong><\/p>\n<p><b>CAZADORES DE ZONCERAS:\u00a0 Viene una fecha simb\u00f3licamente muy importante para la lucha de la Econom\u00eda Popular, en los \u00faltimos a\u00f1os que es el 7 de Agosto, San Cayetano.\u00a0 \u00bfEn qu\u00e9 situaci\u00f3n pol\u00edtica llegan y que expectativas tienen\u00a0 en un contexto donde el ajuste se\u00a0 profundiza?<\/b><\/p>\n<p><strong>LITO BORELLO:<\/strong> Este 7 de Agosto, nos encuentra con un nivel de aplicaci\u00f3n del modelo que lleva adelante el bloque de poder dominante a nivel mundial, y que en Argentina\u00a0 expresa el gobierno de Mauricio Macri. Viene consolidando paso tras paso, los ejes fundamentales de un capitalismo depredador financiero y de un modelo de dominaci\u00f3n que excluye, que expulsa, que descarta a las mayor\u00edas populares. Han sido lacerantes para los sectores populares, sino tambi\u00e9n de la clase media y la clase media baja, vienen siendo cada vez peores.<\/p>\n<p>Se nota un nivel de angustia, de preocupaci\u00f3n, de padecimiento cotidiano de las familias populares y un espiral de violencia pol\u00edtica engendrada desde el Estado, por las pol\u00edticas de gobierno y por los instrumentos que tiene el Estado para ejercer represi\u00f3n directa o indirecta. Me refiero a las Fuerzas de Seguridad, a la Polic\u00eda, a la Gendarmer\u00eda, a la Prefectura, ahora, la incorporaci\u00f3n de las Fuerzas Armadas a la seguridad interna, construyendo el enemigo interno, construyendo con una ingenier\u00eda comunicacional, el argumento de andamiaje jur\u00eddico y pol\u00edtico, una represi\u00f3n hacia los sectores populares.<\/p>\n<p>Ayer, (en referencia a la marcha del 1\u00b0 de agosto pidiendo justica por Santiago Maldonado), vimos una puesta en escena de un set cinematogr\u00e1fico, al estilo Hollywood, al inicio de la pel\u00edcula de Maldonado. Como arman con los servicios un dispositivo para despu\u00e9s construir el argumento, de que hay que salir a la caza del narcoterrorismo internacional, cuando en definitiva los que provocan un modelo de guerra, es este capitalismo salvaje.<\/p>\n<p>En esta situaci\u00f3n llegamos este 7 de Agosto. Ya hace unos a\u00f1os que se convierte en un moj\u00f3n de unidad de los sectores populares. En un encuentro multipolar, multicolor y multisectorial del entramado del movimiento popular, sindical, que en una caravana y en la calle expresan la religiosidad y el sentimiento de unidad y de justicia que busca todos los d\u00edas nuestro pueblo. Por lo tanto, se convierte en un lugar ineludible, al que hay que acudir con toda la\u00a0 fuerza posible. Una agenda que hace que ah\u00ed nos encontremos los que luchan en la calle. Ah\u00ed es donde se muestra la consecuencia y el compromiso de construir otro mundo posible, donde desde las distintas miradas: pol\u00edticas, ideol\u00f3gicas, religiosas, confluimos en unidad que expresa el sentimiento y la voluntad de lucha que tiene el pueblo.<\/p>\n<p><strong>CZ:\u00a0 Da la sensaci\u00f3n que este modelo de dominaci\u00f3n, en particular en Argentina, parece que no es m\u00e1s una democracia, aunque sin embargo tenemos elecciones, tenemos instituciones. \u00bfQu\u00e9 mirada ten\u00e9s, como Secretario de Derechos Humanos,\u00a0 sobre esta idea, esta\u00a0 discusi\u00f3n, si esto es una dictadura y cu\u00e1les son las caracter\u00edsticas de este modelo de dominaci\u00f3n en forma de gobierno?<\/strong><\/p>\n<p><strong>LB:<\/strong> Nosotros caracterizamos a este gobierno a pocos meses de su inicio, como una tiran\u00eda institucional. Con esto quer\u00edamos decir que,\u00a0 es un gobierno que lleg\u00f3 por los votos, lleg\u00f3 por un sistema de elecciones,\u00a0 m\u00e1s all\u00e1 de la autocr\u00edtica que como pueblo nos tenemos que hacer. Me\u00a0 parece que es una manera de nuevo tipo de c\u00f3mo el bloque de poder accede al Gobierno: con una arquitectura comunicacional, para construir sentido y desbaratar\u00a0 la posibilidad que los sectores populares, accedan en igualdad de condiciones, a lo que es la batalla electoral en el marco de estas democracias burguesas. Hoy, lo tenemos instalado en la Casa Rosada y es el que maneja el Ejecutivo y el Estado.<\/p>\n<p>Este es el gobierno que m\u00e1s expresa los intereses del bloque de poder mundial y regional, \u00a0son la expresi\u00f3n a nivel nacional de lo m\u00e1s parecido a lo que fue la dictadura c\u00edvico militar de los a\u00f1os 70. Este gobierno intenta llevar adelante un modelo much\u00edsimo m\u00e1s agresivo que el neoliberalismo que conocimos en los 90&#8242;. Porque lo hace en medio de una situaci\u00f3n mundial de crisis civilizatoria, de crisis del capitalismo, de crisis integral.<\/p>\n<p>Este es un gobierno que no est\u00e1 cometiendo errores, sino que est\u00e1 yendo en el sentido de los intereses que defiende. Un gobierno monol\u00edtico en la cuesti\u00f3n de clase, aunque tiene contradicciones secundarias en su interior, porque algunos son diab\u00f3licamente radicales: en el sentido de la agresi\u00f3n que se le puede producir a nuestro pueblo y en el perjuicio de la soberan\u00eda de la Argentina. Por lo tanto,\u00a0 debemos caracterizar a\u00a0 este gobierno, como un gobierno enemigo del pueblo.<\/p>\n<p><strong>CZ: En este contexto, el derecho a la protesta se convierte en una herramienta fundamental, sin embargo, tambi\u00e9n en los \u00faltimos d\u00edas, hay much\u00edsima virulencia\u00a0 del gobierno contra dirigentes sociales, con actitudes casi patoteriles, se\u00f1alando y exponiendo a distintos referentes del movimiento popular. La verdad es que se ven niveles muy altos de violencia pol\u00edtica<\/strong>.<\/p>\n<p><strong>LB:<\/strong> Estas pol\u00edticas provocan asimetr\u00edas y desigualdades que anidan tragedias. Estas pol\u00edticas est\u00e1n engendrando el odio y provocando una olla a presi\u00f3n, que es muy dif\u00edcil de imaginar la paz social, y por eso decimos que est\u00e1 en riesgo la paz social. Lo dice la consigna: \u201c<strong>SIN JUSTICIA SOCIAL NO HAY PAZ NI DEMOCRACIA<\/strong>\u00ab, excepto la paz de los cementerios y pareciera que este gobierno est\u00e1 deseando la paz de los cementerios. Por lo menos as\u00ed parece, en tanto pone a disposici\u00f3n de la represi\u00f3n a las Fuerzas de Seguridad, ahora a las Fuerzas Armadas y tambi\u00e9n todo un dispositivo paraestatal como el narcotr\u00e1fico, como las bandas narcos en los territorios, las bandas delincuenciales en los barrios, que est\u00e1n al servicio de generar y construir miedo, de golpear a los sectores populares, tanto a sus dirigentes como a sus organizaciones naturales. Porque saben que, no hay manera de aplicar este modelo de dominaci\u00f3n sin encontrarse con la resistencia de nuestro pueblo. Aunque, todav\u00eda estamos en un nivel de dificultad para construir la unidad necesaria, para enfrentar esto. Nuestro pueblo viene demostrando la capacidad de lucha, la capacidad de resistencia y la capacidad de no aceptar d\u00f3cilmente que nos impongan este modelo agresivo.<\/p>\n<p><strong>CZ: Hablaste de la capacidad de un gobierno de nuevo tipo, con un plan muy concreto, muy decidido en generar divisiones en el campo popular, de se\u00f1alar dirigentes de ir marc\u00e1ndolos.\u00a0 \u00bfQu\u00e9 mirada ten\u00e9s de estas movidas \u00a0que est\u00e1n haciendo, intentando generar divisiones en el campo popular?<\/strong><\/p>\n<p><strong>LB:<\/strong> Tambi\u00e9n es parte de las pol\u00edticas del gobierno, esto no es casual. Si bien, uno tiene que asignarle un grado de responsabilidad a la Ministra Bullrich, las pol\u00edticas son de gobierno, hay una pol\u00edtica de gobierno en: estigmatizar, criminalizar, judicializar la protesta social.\u00a0 Para eso se lo hace desde el punto de vista legal, y por eso hablamos que est\u00e1 roto el estado de derecho, ya no somos iguales ante la Ley. Pero tambi\u00e9n, hay un sistema comunicacional que construye operaciones medi\u00e1ticas para estigmatizar a los sistemas\u00a0 populares, a los dirigentes principales, que est\u00e1n jugando un papel en la lucha. Y hay una bater\u00eda de periodistas que replican esto de una manera planificada. Tambi\u00e9n hay una arquitectura, de lo que ahora se llaman las\u00a0 redes, hay una nueva batalla que libran nuevas artiller\u00edas generando sistemas para replicar: los twists, los mensajes, de crear una situaci\u00f3n que d\u00e9 la impresi\u00f3n\u00a0 al interior y al exterior del enemigo interno.<\/p>\n<p><strong>CZ_\u00a0 La semana pasada, estuvo en la FM Riachuelo Hugo \u201cCachorro\u201d Godoy,\u00a0 Secretario General de ATE, y hablaba\u00a0 de la <a href=\"https:\/\/soundcloud.com\/prensa-fm-riachuelo\/entrevista-hugo-cachorro-godoy\">reconfiguraci\u00f3n del Movimiento de los Trabajadores<\/a>. \u00bfVos como ves el tema, \u00a0esto\u00a0 es as\u00ed, es un sujeto que est\u00e1 llamado a reconfigurar la lucha, la resistencia, nuevas alternativas?<\/strong><\/p>\n<p><strong>LB: <\/strong>Lo que hubo es,\u00a0 la aplicaci\u00f3n de un modelo del capitalismo, que fue generando una reconfiguraci\u00f3n del Movimiento de los Trabajadores. Cuando todav\u00eda no nos d\u00e1bamos cuenta, lo que aparece es un modelo de dominaci\u00f3n capitalista, que de hecho, va dejando afuera, excluyendo, descartando a gran parte de la sociedad; ya no nos necesitan ni como fuerza de trabajo; no nos necesitan para consumir y\u00a0 por lo tanto, es un\u00a0 capitalismo fuertemente excluyente de la masa popular.\u00a0 Eso va generando un sujeto, que es lo que ahora se entiende como parte de la Econom\u00eda Popular, pero que, ya hace veinticinco a\u00f1os\u00a0 atr\u00e1s empezaron siendo los movimientos sociales. Eso est\u00e1 generando un proceso que est\u00e1 en pleno desarrollo, que es la reconfiguraci\u00f3n del Movimiento de los Trabajadores y por lo tanto, tambi\u00e9n hay una reconfiguraci\u00f3n de las organizaciones, que expresan a ese sujeto del Movimiento de los Trabajadores.<\/p>\n<p>El 7 de agosto, de alguna manera muestra el rol que juegan los sectores m\u00e1s din\u00e1micos, que son los sectores m\u00e1s golpeados, mas excluidos, m\u00e1s empobrecidos, que son lo que van por delante en la lucha, en la resistencia, en la protesta porque ya no tienen m\u00e1s margen. Pero hoy el 7 de agosto tambi\u00e9n se ha convertido en la confluencia de los trabajadores, no es tan solo de los trabajadores de la Econom\u00eda Popular, sino tambi\u00e9n\u00a0 de los Trabajadores del Movimiento Obrero organizado, como se lo llamaba hist\u00f3ricamente.\u00a0 Est\u00e1 claro que nuestro sector\u00a0 los movimientos sociales y el movimiento de la CTEP, junto con otras organizaciones hermanas que expresan al mismo sector, estamos llamados a ser el sector m\u00e1s din\u00e1mico, fundamentalmente porque ya no tenemos margen , porque atr\u00e1s esta el hambre, la miseria, porque en nuestros barrios se est\u00e1n viviendo situaciones muy angustiosas, porque nuestros pibes y pibas est\u00e1n siendo agredidos por esta problem\u00e1tica que son las drogas, y que no es un flagelo, es un problema pol\u00edtico, es una nueva manera de genocidio. Por lo tanto, est\u00e1 claro que hacia adelante, los movimientos sociales y los trabajadores de la econom\u00eda popular\u00a0 van a seguir jugando un papel importante\u00a0 a la hora de la configuraci\u00f3n del Movimiento Popular.<\/p>\n<p><strong>CZ: Termina la movilizaci\u00f3n de San Cayetano, y hay otra lucha que est\u00e1 reivindicando con mucha fuerza el movimiento de mujeres, que es la ley de\u00a0 interrupci\u00f3n voluntaria del embarazo. \u00bfQue mirada ten\u00e9s sobre este tema? \u00bfC\u00f3mo se est\u00e1 viviendo desde las Organizaciones Sociales y desde los Movimientos Populares?<\/strong><\/p>\n<p><strong>LB:<\/strong> Primero, la salvedad de que mi opini\u00f3n es con mucho respeto. Porque son las compa\u00f1eras, las que tienen que llevar adelante la voz cantante a la hora de poner en valor que pensamos cada uno.\u00a0 Personalmente creo que la ley tiene que salir. Que tiene que haber una ley que\u00a0 permita que las compa\u00f1eras no corran riesgos, aquellas compa\u00f1eras que deciden llevar adelante un aborto; el Estado tiene la obligaci\u00f3n de garantizar que lo puedan hacer con las condiciones de salud para que no corran riesgos .Y despu\u00e9s es una decisi\u00f3n singular de cada persona, seg\u00fan su marco de concepciones, de creencia, de valores, quien decida si tiene o no que hacerlo.<\/p>\n<p>El Estado tiene que darle cobertura y la manera es una ley. Por lo\u00a0 tanto, a trav\u00e9s de esa ley el Estado est\u00e1 obligado a asistir a aquella mujer que toma la decisi\u00f3n de hacerlo. Luego lo que nosotros podemos es reconocer que, en nuestra organizaci\u00f3n existe un debate abierto, porque hay compa\u00f1eras de la misma organizaci\u00f3n que tienen opiniones distintas. Por lo tanto,es un debate que esta abierto, que no creemos que haya que cerrarlo.\u00a0 Y no por eso, no opinar.<\/p>\n<p>Nos meten a los sectores populares en esto aprop\u00f3sito, para generar divisiones. Lejos est\u00e1 de nosotros ser funcionales a los que quieren, que las organizaciones populares nos dividamos, por tener una opini\u00f3n u otra. Como organizaci\u00f3n hay libertad de que las compa\u00f1eras sigan debatiendo,\u00a0 porque tienen reuniones en torno a este debate y\u00a0 ellas mismas nos trasladan la inquietud. Es m\u00e1s, entre las compa\u00f1eras, madres e hijas, siendo las dos militantes de la organizaci\u00f3n, hay opiniones diferentes, as\u00ed que \u00bfqui\u00e9nes somos nosotros para cerrar un debate, que no tenemos por qu\u00e9 cerrar?.<\/p>\n<p>&nbsp;<\/p>\n","protected":false},"excerpt":{"rendered":"<p>[FM Riachuelo 04\/08\/2018] El 7 de agosto se realizara la tercera movilizaci\u00f3n de San Cayetano, fecha que\u00a0 reivindica la lucha y resistencia de los trabajadores de la Econom\u00eda Popular.\u00a0 Teniendo en cuenta este d\u00eda Cazadores de Zonceras entrevist\u00f3 a Lito Borello, Secretario de Derechos Humanos de la Ctep, analiza las pol\u00edticas de Estado\u00a0 que el\u00a0 [&hellip;]<\/p>\n","protected":false},"author":5,"featured_media":7682,"comment_status":"open","ping_status":"open","sticky":false,"template":"","format":"standard","meta":{"_monsterinsights_skip_tracking":false,"_monsterinsights_sitenote_active":false,"_monsterinsights_sitenote_note":"","_monsterinsights_sitenote_category":0,"jnews-multi-image_gallery":[],"jnews_single_post":[],"jnews_primary_category":[],"_joinchat":[],"footnotes":""},"categories":[76,74,75],"tags":[],"class_list":["post-7681","post","type-post","status-publish","format-standard","has-post-thumbnail","hentry","category-salud-comunitaria","category-san-cayetano","category-trabajo"],"_links":{"self":[{"href":"http:\/\/fmriachuelo.it10.com.ar\/index.php\/wp-json\/wp\/v2\/posts\/7681","targetHints":{"allow":["GET"]}}],"collection":[{"href":"http:\/\/fmriachuelo.it10.com.ar\/index.php\/wp-json\/wp\/v2\/posts"}],"about":[{"href":"http:\/\/fmriachuelo.it10.com.ar\/index.php\/wp-json\/wp\/v2\/types\/post"}],"author":[{"embeddable":true,"href":"http:\/\/fmriachuelo.it10.com.ar\/index.php\/wp-json\/wp\/v2\/users\/5"}],"replies":[{"embeddable":true,"href":"http:\/\/fmriachuelo.it10.com.ar\/index.php\/wp-json\/wp\/v2\/comments?post=7681"}],"version-history":[{"count":0,"href":"http:\/\/fmriachuelo.it10.com.ar\/index.php\/wp-json\/wp\/v2\/posts\/7681\/revisions"}],"wp:featuredmedia":[{"embeddable":true,"href":"http:\/\/fmriachuelo.it10.com.ar\/index.php\/wp-json\/wp\/v2\/media\/7682"}],"wp:attachment":[{"href":"http:\/\/fmriachuelo.it10.com.ar\/index.php\/wp-json\/wp\/v2\/media?parent=7681"}],"wp:term":[{"taxonomy":"category","embeddable":true,"href":"http:\/\/fmriachuelo.it10.com.ar\/index.php\/wp-json\/wp\/v2\/categories?post=7681"},{"taxonomy":"post_tag","embeddable":true,"href":"http:\/\/fmriachuelo.it10.com.ar\/index.php\/wp-json\/wp\/v2\/tags?post=7681"}],"curies":[{"name":"wp","href":"https:\/\/api.w.org\/{rel}","templated":true}]}}