{"id":7671,"date":"2018-08-03T13:44:37","date_gmt":"2018-08-03T13:44:37","guid":{"rendered":"http:\/\/fmriachuelo.com.ar\/?p=7671"},"modified":"2018-08-03T13:44:37","modified_gmt":"2018-08-03T13:44:37","slug":"festival-justicia-para-lucas-cabello-2","status":"publish","type":"post","link":"http:\/\/fmriachuelo.it10.com.ar\/index.php\/2018\/08\/03\/festival-justicia-para-lucas-cabello-2\/","title":{"rendered":"FESTIVAL JUSTICIA PARA LUCAS CABELLO"},"content":{"rendered":"<p><strong>[*Por Colectivo de Medios de Comunicaci\u00f3n Popular 03\/08\/2018] Este s\u00e1bado 4 de agosto desde las 13 horas en el Parque Irala de La Boca, vecinas\/os, familiares y amigas\/os del joven baleado por la Polic\u00eda Metropolitana se juntan para exigir justicia. Lucas se recupera de las consecuencias del brutal ataque perpetrado por el oficial Ricardo Ayala, el 9 de noviembre de 2015 en la puerta de su casa.\u00a0<\/strong><\/p>\n<p>\u201cEl 9 de noviembre de 2015 estaba en mi casa, tranquilo, con mi hija y la madre de mi hija. Salgo a comprar, sin plata, a pedirle fiado a la panadera unos sanguches para comer. Cuando salgo me encuentro con el polic\u00eda, nos miramos, me dijo qu\u00e9 vas a hacer, y segu\u00ed. Al volver, cuando estaba entrando a mi casa, me mira mal, sigue con la mirada, me mira de arriba abajo, le pregunto qu\u00e9 tanto mir\u00e1s y empezamos a discutir. Fue una discusi\u00f3n como cualquiera, no hubo golpes ni nada. Entro a mi casa, estoy en el pasillo, escucho un paso y cuando miro para atr\u00e1s lo tengo al polic\u00eda con el arma casi apoyada en mi pera. Dispar\u00f3 y cuando ca\u00ed en el suelo dispar\u00f3 dos veces m\u00e1s. No me voy a olvidar m\u00e1s de ese d\u00eda\u201d, recuerda Lucas hoy en su casa de La Boca. Mientras luchaba por su vida, la causa estuvo a cargo del juez de instrucci\u00f3n 39, Osvaldo Rappa, quien liber\u00f3 a Ayala y calific\u00f3 al hecho como un mero exceso en la leg\u00edtima defensa. El oficial finalmente fue detenido en enero de 2016 por disposici\u00f3n de la C\u00e1mara Nacional de Casaci\u00f3n Penal pero un a\u00f1o despu\u00e9s fue liberado, cuando la Sala VI de la C\u00e1mara Nacional en lo Criminal decidi\u00f3 concederle el beneficio por la demora del tr\u00e1mite judicial a cargo del juez Rappa. \u201cAyala tuvo la posibilidad de poner un coche y salir en libertad. Yo no tengo esa posibilidad, yo estoy en silla de ruedas hasta el d\u00eda de hoy por su culpa. La Justicia los protege a ellos en vez de a nosotros\u201d, dice Lucas.<br \/>\nA casi tres a\u00f1os de haber sido baleado por el polic\u00eda, Lucas Cabello a\u00fan espera que el Tribunal Oral en lo Criminal N\u00b01 (conformado por los jueces Luis Salas, Adri\u00e1n P\u00e9rez Lance y Fernando Ram\u00edrez) ponga fecha de inicio al juicio oral y p\u00fablico, y que Ricardo Ayala \u201ctenga una condena m\u00e1xima y ejemplar\u201d. El polic\u00eda de la ex Metropolitana se encuentra procesado por el delito de \u00abhomicidio agravado por el abuso de la funci\u00f3n de miembro integrante de una fuerza policial, en grado de tentativa\u201d. Y aunque el juez de primera instancia calific\u00f3 el delito como \u00abexceso en leg\u00edtima defensa\u00bb, luego la C\u00e1mara reconoci\u00f3 que su accionar implic\u00f3 una grave violaci\u00f3n a los derechos humanos. No obstante, llega al juicio en libertad. El festival del s\u00e1bado (organizado por Lucas, su familia, vecinas\/os, amigas\/os y organizaciones sociales y pol\u00edticas del barrio), exigir\u00e1 justicia y se manifestar\u00e1 contra la violencia institucional, el hostigamiento y el abuso de las fuerzas de seguridad. \u201cEs necesario concientizar a los j\u00f3venes sobre sus derechos que este Gobierno quiere arrebatarnos, la polic\u00eda usa su poder cada vez con mayor impunidad \u2013opin\u00f3 Lucas-. Desde que yo tengo noci\u00f3n la polic\u00eda siempre trat\u00f3 de caer sobre nosotros los pibes de barrios marginados. Es m\u00e1s f\u00e1cil hacerle causa a un pibe con visera que est\u00e1 en la esquina con sus amigos, que meterse con gente con poder y es ah\u00ed donde est\u00e1n los verdaderos problemas\u201d.<\/p>\n<p>Por eso este s\u00e1bado desde las 13 hs. se realiza este festival, que contar\u00e1 con la participaci\u00f3n de artistas, murgas, y bandas como Los Gardelitos y Karamelo Santo. La cita es el Parque Irala (Irala 500), en el porte\u00f1o barrio de La Boca.<\/p>\n<p><strong><a href=\"https:\/\/radiocut.fm\/audiocut\/entrevista-a-lucas-cabello\/#f=show&amp;l=recent\">\u00a0<\/a><a href=\"https:\/\/radiocut.fm\/audiocut\/entrevista-a-lucas-cabello\/#f=show&amp;l=recent\">A continuaci\u00f3n entrevista realizada a Lucas Cabello por Al Gran Pueblo Salud<\/a><\/strong><\/p>\n<p><strong>*FM Riachuelo, La Retaguardia, Sur Capitalino, FM La Caterva, Agencia Paco Urondo, ANCAP.<\/strong><\/p>\n","protected":false},"excerpt":{"rendered":"<p>[*Por Colectivo de Medios de Comunicaci\u00f3n Popular 03\/08\/2018] Este s\u00e1bado 4 de agosto desde las 13 horas en el Parque Irala de La Boca, vecinas\/os, familiares y amigas\/os del joven baleado por la Polic\u00eda Metropolitana se juntan para exigir justicia. Lucas se recupera de las consecuencias del brutal ataque perpetrado por el oficial Ricardo Ayala, [&hellip;]<\/p>\n","protected":false},"author":5,"featured_media":7672,"comment_status":"open","ping_status":"open","sticky":false,"template":"","format":"standard","meta":{"_monsterinsights_skip_tracking":false,"_monsterinsights_sitenote_active":false,"_monsterinsights_sitenote_note":"","_monsterinsights_sitenote_category":0,"jnews-multi-image_gallery":[],"jnews_single_post":[],"jnews_primary_category":[],"_joinchat":[],"footnotes":""},"categories":[78,79,76],"tags":[],"class_list":["post-7671","post","type-post","status-publish","format-standard","has-post-thumbnail","hentry","category-economia-popular","category-nadie-se-salva-solo","category-salud-comunitaria"],"_links":{"self":[{"href":"http:\/\/fmriachuelo.it10.com.ar\/index.php\/wp-json\/wp\/v2\/posts\/7671","targetHints":{"allow":["GET"]}}],"collection":[{"href":"http:\/\/fmriachuelo.it10.com.ar\/index.php\/wp-json\/wp\/v2\/posts"}],"about":[{"href":"http:\/\/fmriachuelo.it10.com.ar\/index.php\/wp-json\/wp\/v2\/types\/post"}],"author":[{"embeddable":true,"href":"http:\/\/fmriachuelo.it10.com.ar\/index.php\/wp-json\/wp\/v2\/users\/5"}],"replies":[{"embeddable":true,"href":"http:\/\/fmriachuelo.it10.com.ar\/index.php\/wp-json\/wp\/v2\/comments?post=7671"}],"version-history":[{"count":0,"href":"http:\/\/fmriachuelo.it10.com.ar\/index.php\/wp-json\/wp\/v2\/posts\/7671\/revisions"}],"wp:featuredmedia":[{"embeddable":true,"href":"http:\/\/fmriachuelo.it10.com.ar\/index.php\/wp-json\/wp\/v2\/media\/7672"}],"wp:attachment":[{"href":"http:\/\/fmriachuelo.it10.com.ar\/index.php\/wp-json\/wp\/v2\/media?parent=7671"}],"wp:term":[{"taxonomy":"category","embeddable":true,"href":"http:\/\/fmriachuelo.it10.com.ar\/index.php\/wp-json\/wp\/v2\/categories?post=7671"},{"taxonomy":"post_tag","embeddable":true,"href":"http:\/\/fmriachuelo.it10.com.ar\/index.php\/wp-json\/wp\/v2\/tags?post=7671"}],"curies":[{"name":"wp","href":"https:\/\/api.w.org\/{rel}","templated":true}]}}