{"id":767,"date":"2015-01-24T03:03:00","date_gmt":"2015-01-24T03:03:00","guid":{"rendered":"http:\/\/fmriachuelo.observatorioess.org.ar\/index.php\/2015\/01\/24\/fundacion-interactiva-para-promover-la-cultura-del-agua\/"},"modified":"2025-03-25T16:13:24","modified_gmt":"2025-03-25T19:13:24","slug":"fundacion-interactiva-para-promover-la-cultura-del-agua","status":"publish","type":"post","link":"http:\/\/fmriachuelo.it10.com.ar\/index.php\/2015\/01\/24\/fundacion-interactiva-para-promover-la-cultura-del-agua\/","title":{"rendered":"FUNDACION INTERACTIVA PARA PROMOVER LA CULTURA DEL AGUA"},"content":{"rendered":"<h2 style=\"text-align: left\"><span style=\"color: red;font-family: Verdana, sans-serif\">NUESTRAS COSTAS<\/span><\/h2>\n<h2 align=\"center\"><span style=\"font-family: Verdana, sans-serif\">Quienes somos ,nuestros proyectos y objetivos<br \/><span style=\"font-size: small\">La Juventud en nuestros espacios Fluviales y Maritimos.<br \/>\u201c La Sanmartiniana\u201d<\/span>&nbsp;<\/span><\/h2>\n<p><span style=\"font-family: Verdana, sans-serif\"><\/p>\n<h2 align=\"center\" style=\"clear: both;text-align: center\"><a href=\"http:\/\/4.bp.blogspot.com\/-8xe66Psh39k\/VMMJV95X_WI\/AAAAAAAACgw\/CUTSCBNVrRM\/s1600\/LA%2BSANMARTINIANA.jpg\" style=\"margin-left: 1em;margin-right: 1em\"><img loading=\"lazy\" decoding=\"async\" border=\"0\" src=\"http:\/\/4.bp.blogspot.com\/-8xe66Psh39k\/VMMJV95X_WI\/AAAAAAAACgw\/CUTSCBNVrRM\/s1600\/LA%2BSANMARTINIANA.jpg\" height=\"426\" width=\"640\" \/><\/a><\/h2>\n<p><\/span><\/p>\n<h2 style=\"text-align: left\"><span style=\"font-family: Verdana, sans-serif\">&nbsp;&nbsp;&nbsp;&nbsp;&nbsp;&nbsp;&nbsp;&nbsp;&nbsp;&nbsp;&nbsp;&nbsp;&nbsp;&nbsp;&nbsp;&nbsp;&nbsp;&nbsp;&nbsp;&nbsp;&nbsp;&nbsp;&nbsp;&nbsp;&nbsp;&nbsp;&nbsp;&nbsp;&nbsp;&nbsp;&nbsp;&nbsp;&nbsp;&nbsp;&nbsp;&nbsp;&nbsp;&nbsp;<br \/><span style=\"font-size: small\">La Fundacion FIPCA es una organizaci\u00f3n sin fines de lucro que promueve la concientizacion del uso del agua tanto como recurso vital para la vida, como en cuanto a los recursos que contiene y a la necesidad de la sustentabilidad  ecologica en el marco de la Defensa de los intereses nacionales.<\/p>\n<p>Impulsa la  presencia en nuestros espacios fluviales y maritimos a trav\u00e9s de  la navegaci\u00f3n promoviendo el desarrollo, la investigaci\u00f3n cient\u00edfica, la preservaci\u00f3n ambiental y  su  utilizaci\u00f3n como v\u00eda de comunicaci\u00f3n y transporte.&nbsp;<\/span><\/span><\/h2>\n<h2 align=\"center\"><span style=\"font-family: Verdana, sans-serif\"><span style=\"font-size: small\">ESCUCHA EL TESTIMONIO DE&nbsp; <a href=\"https:\/\/www.blogger.com\/%3Cobject%20classid=%22clsid:d27cdb6e-ae6d-11cf-96b8-444553540000%22%20codebase=%22http:\/\/fpdownload.macromedia.com\/pub\/shockwave\/cabs\/flash\/swflash.cab#version=8,0,0,0%22%20width=%22335%22%20height=%2285%22%20id=%22divplaylist%22%3E%3Cparam%20name=%22movie%22%20value=%22http:\/\/www.divshare.com\/flash\/playlist?myId=26508997-9ca%22%20\/%3E%3Cembed%20src=%22http:\/\/www.divshare.com\/flash\/playlist?myId=26508997-9ca%22%20width=%22335%22%20height=%2285%22%20name=%22divplaylist%22%20type=%22application\/x-shockwave-flash%22%20pluginspage=%22http:\/\/www.macromedia.com\/go\/getflashplayer%22%3E%3C\/embed%3E%3C\/object%3E\">NATALIA RUIZ EN LA TRAVESIA<\/a><\/span><\/span><\/h2>\n<div style=\"text-align: left\"><span style=\"font-family: Verdana, sans-serif\"><span style=\"font-size: small\"><\/span><\/span><a name='more'><\/a><span style=\"font-family: Verdana, sans-serif\"><span style=\"font-size: small\"><br \/>FIPCA viene impulsando:<\/p>\n<p>El Traslado naval de equipos y personas  para la investigacion cientifica a partir de  la instalacion y seguimiento de  Estaci\u00f3nes de monitoreo permanente,  el control ambiental y para la gesti\u00f3n y ayuda a la navegaci\u00f3n tanto comercial como deportiva, etc.                                                                                                                                                       La implementacion de Cursos de Conductores Nauticos. Timoneles y Patrones de yate vela y motor<\/p>\n<p>Cursos de perfeccionamiento nautico en situaciones dificiles en navegacion.                                      <\/p>\n<p>La realizacion de actividades de Accion Social<\/p>\n<p>La promocion de los \u201c Centros Integrales de Desarrollo Nauticos Costeros a lo largo de nuestras costas, como apoyo y sosten a la navegacion, consistentes en abrigos portuarios, peque\u00f1os talleres para hacer reparaciones, alojamiento y aprovisionamiento, etc.<\/p>\n<p>La formacion de cooperativas de trabajo en construcciones y traslados navales.<\/p>\n<p>FIPCA tiene convenios firmados con:<\/p>\n<p>La Facultad de Ingenier\u00eda de la UBA<\/p>\n<p>El Departamento de Ciencias de la Atmosfera y Oceanicas  (DCAO) de la Fac. de Ciencias Exactas y Naturales de la UBA.<\/p>\n<p>El Centro de Investigaciones del Mar y la Atm\u00f3sfera (CIMA\/CONICET-UBA)<\/p>\n<p>El Ministerio de Defensa de la Naci\u00f3n para la defensa de los recursos Naturales<\/p>\n<p>El Ministerio de Seguridad de la Naci\u00f3n<\/p>\n<p>El SUTAP &#8211; Sindicato \u00danico de Trabajadores de Administraciones Portuarias<\/p>\n<p>El Sindicato Flota Petrolera e Hidrocarbur\u00edferas<\/p>\n<p>La Juventud en nuestros espacios Fluviales y Maritimos <\/p>\n<p>A partir del 2014, la Fundacion impulsa la Campa\u00f1a de tener una presencia continua  en nuestros espacios fluviales y maritimos a partir del velero oceanico  \u201cFIPCA &#8211; La Sanmartiniana\u201d de 20 toneladas y 17 mts de eslora, con una capacidad de llevar 12 tripulantes<\/p>\n<p>La campa\u00f1a nautica se realiza partiendo desde Puerto Iguazu Pcia de Misiones, pasando por  Buenos Aires hasta la Isla de los Estados y Ushuaia, regresando nuevamente a Bs As para continuar la navegacion por el rio Uruguay.<\/p>\n<p>Las localidades costeras de la Provincia de Buenos Aires a arribar entre el 15 de marzo y el 3 de Abril aproximadamente son Vuelta de Obligado, Zarate, Avellaneda, Mar del Plata, Necochea, Puerto Rosales, Bahia Blanca, Carmen de patagones.<\/p>\n<p>El arribo a peque\u00f1os puertos y comunidades de nuestro extenso litoral fluvial y maritimo permitira la integracion con los lugare\u00f1os, el intercambio de experiencias culturales, politicas, sociales y el aporte al desarrollo de estas localidades, ademas de permitir el recambio de la tripulacion.<\/p>\n<p>Durante la campa\u00f1a a partir de una actitud positiva de los participantes se recibiran clases y realizaran actividades propias de la navegacion, como asi mismo charlas referidas a la hidrovia, marina mercante, flota fluvial y maritima, puertos, pesca y de historia y geografia.<\/p>\n<p>Para estos jovenes, de los cuales muchos seran futuros dirigentes, les significa una experiencia que complementa su formacion ya que la navegacion en estas condiciones seguras, pero intensas y rigurosas en veleros, formara aun mas su car\u00e1cter tanto por la experiencia que le dara la navegacion como la convivencia en estas condiciones particulares con otros jovenes de diferentes regiones del pa\u00eds y disciplinas.<\/p>\n<p>Esta campa\u00f1a significa un gran hecho politico ya que por primera vez la juventud incursionara<\/p>\n<p>con su presencia en nuestros grandes rios como el Parana, el Paraguay y el Uruguay y nuestro oceano Atlantico.<\/p>\n<p>Estos viajes de la Juventud militante, tanto en lo politico y sindical como en lo cientifico y deportivo permitira tomar conciencia y conocimiento de este gran espacio que hay que amarlo, defenderlo y desarrollarlo<\/p>\n<p> La sola presencia en el Atlantico Sur en el marco de la politica Gubernamental de paz y acorde al derecho internacional es una reafirmacion de nuestra soberania  frente a la ocupacion colonial Britanica.<\/p>\n<p> Los militantes previamente a la  travesia recibiran una  preparacion y entrenamiento en otras naves de la Fundacion consistente en viajes por el rio de la Plata y el Parana.<\/p>\n<p>La sede operativa Nautica de la Fundacion esta en el espacio del  Club San Fernando, en la Calle Sarmiento al 400 (junto al rio), corta la Avenida Libertador en San Fernando, Pcia de&nbsp;&nbsp;Bs. As.&nbsp;&nbsp;&nbsp;&nbsp;&nbsp;&nbsp;&nbsp;&nbsp;&nbsp;&nbsp;&nbsp;&nbsp;&nbsp;&nbsp;&nbsp;&nbsp;&nbsp;&nbsp;&nbsp;&nbsp;&nbsp;&nbsp;&nbsp;&nbsp;&nbsp;&nbsp;&nbsp;&nbsp;&nbsp;&nbsp;&nbsp;&nbsp;&nbsp;&nbsp;&nbsp;&nbsp;&nbsp;&nbsp;&nbsp;&nbsp;&nbsp;&nbsp;&nbsp;&nbsp;&nbsp;&nbsp;&nbsp;&nbsp;&nbsp;&nbsp;&nbsp;&nbsp;&nbsp;&nbsp;&nbsp;&nbsp;&nbsp;&nbsp;&nbsp;&nbsp;<br \/>&nbsp;&nbsp;&nbsp;&nbsp;&nbsp;&nbsp;&nbsp;&nbsp;&nbsp;&nbsp;&nbsp;&nbsp;&nbsp;&nbsp;&nbsp;&nbsp;&nbsp;&nbsp;&nbsp;&nbsp;&nbsp;&nbsp;&nbsp;&nbsp;&nbsp;&nbsp;&nbsp;&nbsp;&nbsp;&nbsp;&nbsp;&nbsp;&nbsp;&nbsp;&nbsp;&nbsp;&nbsp;&nbsp;&nbsp;&nbsp;&nbsp;&nbsp;&nbsp;&nbsp;&nbsp;&nbsp;&nbsp;&nbsp;&nbsp;&nbsp;&nbsp;&nbsp;&nbsp;&nbsp;&nbsp;&nbsp;&nbsp;<br \/>\n&nbsp;&nbsp;&nbsp;&nbsp;&nbsp;&nbsp;&nbsp;&nbsp;&nbsp;&nbsp;&nbsp;&nbsp;&nbsp;&nbsp;&nbsp;&nbsp;&nbsp;&nbsp;&nbsp;&nbsp;&nbsp;&nbsp;&nbsp;&nbsp;&nbsp;&nbsp;&nbsp;&nbsp;&nbsp;&nbsp;&nbsp;&nbsp;&nbsp;&nbsp;&nbsp;&nbsp;&nbsp;&nbsp;&nbsp;&nbsp;&nbsp;&nbsp;&nbsp;&nbsp;&nbsp;&nbsp;&nbsp;&nbsp;&nbsp;&nbsp;&nbsp;&nbsp;&nbsp; &nbsp;Julio CesarUrien\/&nbsp;&nbsp;&nbsp;&nbsp;&nbsp;&nbsp;&nbsp;&nbsp;&nbsp;&nbsp;&nbsp;&nbsp;&nbsp;&nbsp;&nbsp;&nbsp;&nbsp;&nbsp;&nbsp;&nbsp;&nbsp;&nbsp;&nbsp;&nbsp;&nbsp;&nbsp;&nbsp;&nbsp;&nbsp;&nbsp;&nbsp;&nbsp;&nbsp;&nbsp;&nbsp;&nbsp;&nbsp;&nbsp;&nbsp;&nbsp;&nbsp;&nbsp;&nbsp;&nbsp;&nbsp;&nbsp;&nbsp;&nbsp;&nbsp;&nbsp;&nbsp;&nbsp;&nbsp;&nbsp;&nbsp;&nbsp;&nbsp;&nbsp;&nbsp;&nbsp;&nbsp;&nbsp;&nbsp;&nbsp;&nbsp;&nbsp;&nbsp;&nbsp;&nbsp;&nbsp;&nbsp;&nbsp;&nbsp;&nbsp;&nbsp;&nbsp;&nbsp;&nbsp;&nbsp;&nbsp;<\/span><\/span><\/p>\n<div style=\"text-align: left\"><span style=\"font-family: Verdana, sans-serif\"><span style=\"font-size: small\"><\/span><\/span>&nbsp;<\/div>\n<div style=\"text-align: left\"><span style=\"font-family: Verdana, sans-serif\"><span style=\"font-size: small\">&nbsp;Presidente<\/p>\n<p>Para coordinar la participacion comunicarse:<\/p>\n<p>Relac. Politicas Cacho Wettstein. Te: 011-1554258182 \/E-mail: heraldoluis50@gmail.com<\/p>\n<p>Sec.: Fabiana Te: 011-1549603874 \/E-mail: fabianapale@argentina.com<\/p>\n<p>Pte: Julio Cesar Urien  011-156381-5409 E-mail: juliocurien @yahoo.com.ar<br \/><\/span><\/span><a href=\"http:\/\/www.facebook.com\/pages\/la\"><span style=\"font-family: Verdana, sans-serif;font-size: small\">www.facebook.com\/pages\/la<\/span><\/a><span style=\"font-family: Verdana, sans-serif;font-size: small\"> sanmartiniana \/\/  <\/span><a href=\"http:\/\/www.facebook.com\/\"><span style=\"font-family: Verdana, sans-serif;font-size: small\">www.facebook.com\/<\/span><\/a><span style=\"font-family: Verdana, sans-serif;font-size: small\"> Fundacion &#8211; Interactiva \u2013 para &#8211;  Promover &#8211; la &#8211; Cultura \u2013 del &#8211; agua\/\/ <\/p>\n<p> <\/span><a href=\"https:\/\/www.facebook.com\/fipca.latravesia\"><span style=\"font-family: Verdana, sans-serif;font-size: small\">https:\/\/www.facebook.com\/fipca.latravesia<\/span><\/a><\/div>\n<p><span style=\"color: blue;font-family: Verdana, sans-serif\">Fuente: Fipca, Producci\u00f3n Riachuelo<\/span><\/p>\n<div style=\"clear: both;text-align: center\"><a href=\"http:\/\/2.bp.blogspot.com\/--qixpoJzPMc\/VMMHhoNZtBI\/AAAAAAAACgk\/VPoatuG3pjg\/s1600\/COOP%2BRIACHIUELO%2BPRODUCCIONES.jpg\" style=\"clear: left;float: left;margin-bottom: 1em;margin-right: 1em\"><img loading=\"lazy\" decoding=\"async\" border=\"0\" src=\"http:\/\/2.bp.blogspot.com\/--qixpoJzPMc\/VMMHhoNZtBI\/AAAAAAAACgk\/VPoatuG3pjg\/s1600\/COOP%2BRIACHIUELO%2BPRODUCCIONES.jpg\" height=\"58\" width=\"200\" \/><\/a><\/div>\n<p>&nbsp;<\/p><\/div>\n","protected":false},"excerpt":{"rendered":"<p>NUESTRAS COSTAS Quienes somos ,nuestros proyectos y objetivosLa Juventud en nuestros espacios Fluviales y Maritimos.\u201c La Sanmartiniana\u201d&nbsp; &nbsp;&nbsp;&nbsp;&nbsp;&nbsp;&nbsp;&nbsp;&nbsp;&nbsp;&nbsp;&nbsp;&nbsp;&nbsp;&nbsp;&nbsp;&nbsp;&nbsp;&nbsp;&nbsp;&nbsp;&nbsp;&nbsp;&nbsp;&nbsp;&nbsp;&nbsp;&nbsp;&nbsp;&nbsp;&nbsp;&nbsp;&nbsp;&nbsp;&nbsp;&nbsp;&nbsp;&nbsp;&nbsp;La Fundacion FIPCA es una organizaci\u00f3n sin fines de lucro que promueve la concientizacion del uso del agua tanto como recurso vital para la vida, como en cuanto a los recursos que contiene y a la necesidad de [&hellip;]<\/p>\n","protected":false},"author":4,"featured_media":0,"comment_status":"open","ping_status":"open","sticky":false,"template":"","format":"standard","meta":{"_monsterinsights_skip_tracking":false,"_monsterinsights_sitenote_active":false,"_monsterinsights_sitenote_note":"","_monsterinsights_sitenote_category":0,"jnews-multi-image_gallery":[],"jnews_single_post":{"format":"standard"},"jnews_primary_category":[],"_joinchat":[],"footnotes":""},"categories":[58],"tags":[65],"class_list":["post-767","post","type-post","status-publish","format-standard","hentry","category-noticiariachuelo","tag-soberania"],"_links":{"self":[{"href":"http:\/\/fmriachuelo.it10.com.ar\/index.php\/wp-json\/wp\/v2\/posts\/767","targetHints":{"allow":["GET"]}}],"collection":[{"href":"http:\/\/fmriachuelo.it10.com.ar\/index.php\/wp-json\/wp\/v2\/posts"}],"about":[{"href":"http:\/\/fmriachuelo.it10.com.ar\/index.php\/wp-json\/wp\/v2\/types\/post"}],"author":[{"embeddable":true,"href":"http:\/\/fmriachuelo.it10.com.ar\/index.php\/wp-json\/wp\/v2\/users\/4"}],"replies":[{"embeddable":true,"href":"http:\/\/fmriachuelo.it10.com.ar\/index.php\/wp-json\/wp\/v2\/comments?post=767"}],"version-history":[{"count":1,"href":"http:\/\/fmriachuelo.it10.com.ar\/index.php\/wp-json\/wp\/v2\/posts\/767\/revisions"}],"predecessor-version":[{"id":22453,"href":"http:\/\/fmriachuelo.it10.com.ar\/index.php\/wp-json\/wp\/v2\/posts\/767\/revisions\/22453"}],"wp:attachment":[{"href":"http:\/\/fmriachuelo.it10.com.ar\/index.php\/wp-json\/wp\/v2\/media?parent=767"}],"wp:term":[{"taxonomy":"category","embeddable":true,"href":"http:\/\/fmriachuelo.it10.com.ar\/index.php\/wp-json\/wp\/v2\/categories?post=767"},{"taxonomy":"post_tag","embeddable":true,"href":"http:\/\/fmriachuelo.it10.com.ar\/index.php\/wp-json\/wp\/v2\/tags?post=767"}],"curies":[{"name":"wp","href":"https:\/\/api.w.org\/{rel}","templated":true}]}}