{"id":7665,"date":"2018-08-03T03:44:10","date_gmt":"2018-08-03T03:44:10","guid":{"rendered":"http:\/\/fmriachuelo.com.ar\/?p=7665"},"modified":"2018-08-03T03:44:10","modified_gmt":"2018-08-03T03:44:10","slug":"la-politica-habitacional-portena-bajo-la-lupa-presentacion-del-libro-que-cuestiona-las-respuestas-del-estado-frente-a-la-falta-de-acceso-a-la-vivienda","status":"publish","type":"post","link":"http:\/\/fmriachuelo.it10.com.ar\/index.php\/2018\/08\/03\/la-politica-habitacional-portena-bajo-la-lupa-presentacion-del-libro-que-cuestiona-las-respuestas-del-estado-frente-a-la-falta-de-acceso-a-la-vivienda\/","title":{"rendered":"\u201cLA POL\u00cdTICA HABITACIONAL PORTE\u00d1A BAJO LA LUPA\u201d: PRESENTACI\u00d3N\u00a0DEL LIBRO QUE CUESTIONA LAS RESPUESTAS DEL ESTADO FRENTE A LA\u00a0FALTA DE ACCESO A LA VIVIENDA\u00a0"},"content":{"rendered":"<p><b>[FM RIACHUELO 02\/08\/2018] Hoy\u00a0en el Instituto Gino\u00a0Germani\u00a0(Facultad de Sociales \u2013 UBA), se realiz\u00f3 la presentaci\u00f3n del libro \u201cLa pol\u00edtica habitacional porte\u00f1a bajo la lupa\u201d de Mar\u00eda Cecilia Zapata, quien investig\u00f3 durante dos a\u00f1os la producci\u00f3n autogestionaria y su potencialidad en la integraci\u00f3n urbana, as\u00ed\u00a0como tambi\u00e9n\u00a0los matices entre distintos programas destinados a la construcci\u00f3n de viviendas. Los oradores en la exposici\u00f3n\u00a0 fueron\u00a0Maria\u00a0Cristina\u00a0Cravino\u00a0(CONICET),\u00a0Maria\u00a0Carla Rodr\u00edguez (CONICET),\u00a0Lito\u00a0Borello\u00a0(Sec. de DDHH CTEP) y N\u00e9stor\u00a0Jeifetz\u00a0(MOI-CTAA), tambi\u00e9n participaron estudiantes, profesionales de distintas \u00e1reas de estudio y cooperativas de viviendas.\u00a0<\/b><\/p>\n<p>FM Riachuelo entrevist\u00f3 a la autora,\u00a0Maria\u00a0Cecilia,\u00a0quien sostuvo que la investigaci\u00f3n permiti\u00f3 la articulaci\u00f3n y trabajo en conjunto con cooperativas de vivienda para estudiar como la autogesti\u00f3n genera integraci\u00f3n: \u201clos resultados mostraron un potencial de la autogesti\u00f3n muy fuerte, eso qued\u00f3 demostrado cient\u00edficamente a trav\u00e9s de los datos recogidos. El pr\u00f3ximo paso a seguir va a estar orientado los efectos simb\u00f3licos, a los cambios subjetivos de las personas que transitaron por estas experiencias\u201d.<\/p>\n<p>El Secretario de Derechos Humanos de la CTEP,\u00a0Lito\u00a0Borello, fue orador en la presentaci\u00f3n del trabajo y arranc\u00f3 su discurso\u00a0ubicando\u00a0la publicaci\u00f3n del libro en el actual contexto de crisis mundial: \u201cestamos en una de las crisis m\u00e1s profundas de los \u00faltimos dos siglos, que como dice el Papa es integral, porque une lo social con lo ambiental. Este capitalismo hoy lleg\u00f3 a un punto en el cual no solo est\u00e1 dispuesto a someter a la sociedad, sino tambi\u00e9n a poner en riesgo al planeta\u201d. El dirigente sostuvo que \u201ces dif\u00edcil hablar solamente de ladrillos y de est\u00e9tica de la vivienda con la problem\u00e1tica que estamos atravesando.\u201d Y reivindic\u00f3 la organizaci\u00f3n como eje fundamental para la conquista de derechos: \u201csi hay algo que hay ac\u00e1, es mucha lucha, porque venimos peleando la tem\u00e1tica de la vivienda desde los 90. Hay un punto de conclusi\u00f3n en libro que trata sobre el paradigma no s\u00f3lo del h\u00e1bitat sino sobre el paradigma de qu\u00e9 mundo queremos\u201d.<\/p>\n<p>Por su parte N\u00e9stor\u00a0Jeifetz\u00a0remarc\u00f3 la necesidad de militar la nacionalizaci\u00f3n de la ley 341: \u201cla concepci\u00f3n autogestionaria para nosotros es\u00a0antisistema.\u00a0En el proyecto de ley nacional de autogesti\u00f3n se incorpora la idea de que no hay otra alternativa que el modelo de producci\u00f3n de las organizaciones. No queremos construir con empresas, no queremos estar explotados por patrones, ni grandes, medianos o chicos\u201d. Y afirm\u00f3 que \u201cel modelo de producci\u00f3n no va a seguir la l\u00f3gica del lucro, porque con lucro no hay autogesti\u00f3n\u201d. El referente tom\u00f3 como ejemplo el modelo de pol\u00edtica habitacional desarrollado en Venezuela: \u201cel proceso bolivariano implementa la creaci\u00f3n de centrales de suministro de materiales b\u00e1sicos (ladrillos, cemento, etc.) y centrales de m\u00e1quinas y herramientas que est\u00e1n al servicio de pioneros, que son cooperativas\u201d y finaliz\u00f3\u00a0su\u00a0exposici\u00f3n concluyendo que la concepci\u00f3n autogestionaria podr\u00e1 ponerse en pr\u00e1ctica s\u00f3lo si existe un modelo pol\u00edtico alternativo que permita construir una sociedad diferente.<\/p>\n<p>Por \u00faltimo\u00a0Maria\u00a0Cristina\u00a0Cravino\u00a0hizo algunas observaciones sobre el libro: \u201cHay un cap\u00edtulo dedicado al neoliberalismo, pero todav\u00eda hay que profundizar\u00a0la investigaci\u00f3n\u00a0de esa relaci\u00f3n del neoliberalismo con lo habitacional,\u00a0ya que no hay mucho estudio realizado en ese sentido.\u201d Con respecto a la participaci\u00f3n de la sociedad en estos procesos autogestionarios la investigadora afirm\u00f3 que \u201cla trayectoria organizativa de quienes participan es fundamental porque condiciona mucho el proceso de construcci\u00f3n de viviendas. No es lo mismo cuando el estado llama obligatoriamente a organizarse que cuando existe una experiencia previa de organizaci\u00f3n\u201d.<\/p>\n<p>El libro puede descargarse de manera gratuita a trav\u00e9s del siguiente enlace:\u00a0<a href=\"https:\/\/www.teseopress.com\/politicahabitacional\">https:\/\/www.teseopress.com\/politicahabitacional<\/a><\/p>\n<p>Los testimonios completos se pueden escuchar en el siguiente\u00a0enlance:<\/p>\n<p><a href=\"https:\/\/soundcloud.com\/prensa-fm-riachuelo\/sets\/02-08-2018-presentacion-del-libro-la-politica-habitacional-portena-bajo-la-lupa-m-c-zapata\">https:\/\/soundcloud.com\/prensa-fm-riachuelo\/sets\/02-08-2018-presentacion-del-libro-la-politica-habitacional-portena-bajo-la-lupa-m-c-zapata<\/a><\/p>\n","protected":false},"excerpt":{"rendered":"<p>[FM RIACHUELO 02\/08\/2018] Hoy\u00a0en el Instituto Gino\u00a0Germani\u00a0(Facultad de Sociales \u2013 UBA), se realiz\u00f3 la presentaci\u00f3n del libro \u201cLa pol\u00edtica habitacional porte\u00f1a bajo la lupa\u201d de Mar\u00eda Cecilia Zapata, quien investig\u00f3 durante dos a\u00f1os la producci\u00f3n autogestionaria y su potencialidad en la integraci\u00f3n urbana, as\u00ed\u00a0como tambi\u00e9n\u00a0los matices entre distintos programas destinados a la construcci\u00f3n de viviendas. [&hellip;]<\/p>\n","protected":false},"author":5,"featured_media":7666,"comment_status":"open","ping_status":"open","sticky":false,"template":"","format":"standard","meta":{"_monsterinsights_skip_tracking":false,"_monsterinsights_sitenote_active":false,"_monsterinsights_sitenote_note":"","_monsterinsights_sitenote_category":0,"jnews-multi-image_gallery":[],"jnews_single_post":[],"jnews_primary_category":[],"_joinchat":[],"footnotes":""},"categories":[78,76,77],"tags":[],"class_list":["post-7665","post","type-post","status-publish","format-standard","has-post-thumbnail","hentry","category-economia-popular","category-salud-comunitaria","category-soberania"],"_links":{"self":[{"href":"http:\/\/fmriachuelo.it10.com.ar\/index.php\/wp-json\/wp\/v2\/posts\/7665","targetHints":{"allow":["GET"]}}],"collection":[{"href":"http:\/\/fmriachuelo.it10.com.ar\/index.php\/wp-json\/wp\/v2\/posts"}],"about":[{"href":"http:\/\/fmriachuelo.it10.com.ar\/index.php\/wp-json\/wp\/v2\/types\/post"}],"author":[{"embeddable":true,"href":"http:\/\/fmriachuelo.it10.com.ar\/index.php\/wp-json\/wp\/v2\/users\/5"}],"replies":[{"embeddable":true,"href":"http:\/\/fmriachuelo.it10.com.ar\/index.php\/wp-json\/wp\/v2\/comments?post=7665"}],"version-history":[{"count":0,"href":"http:\/\/fmriachuelo.it10.com.ar\/index.php\/wp-json\/wp\/v2\/posts\/7665\/revisions"}],"wp:featuredmedia":[{"embeddable":true,"href":"http:\/\/fmriachuelo.it10.com.ar\/index.php\/wp-json\/wp\/v2\/media\/7666"}],"wp:attachment":[{"href":"http:\/\/fmriachuelo.it10.com.ar\/index.php\/wp-json\/wp\/v2\/media?parent=7665"}],"wp:term":[{"taxonomy":"category","embeddable":true,"href":"http:\/\/fmriachuelo.it10.com.ar\/index.php\/wp-json\/wp\/v2\/categories?post=7665"},{"taxonomy":"post_tag","embeddable":true,"href":"http:\/\/fmriachuelo.it10.com.ar\/index.php\/wp-json\/wp\/v2\/tags?post=7665"}],"curies":[{"name":"wp","href":"https:\/\/api.w.org\/{rel}","templated":true}]}}