{"id":7650,"date":"2018-08-02T14:30:01","date_gmt":"2018-08-02T14:30:01","guid":{"rendered":"http:\/\/fmriachuelo.com.ar\/?p=7650"},"modified":"2018-08-02T14:30:01","modified_gmt":"2018-08-02T14:30:01","slug":"presentacion-del-libro-los-iaccarino-en-ctep","status":"publish","type":"post","link":"http:\/\/fmriachuelo.it10.com.ar\/index.php\/2018\/08\/02\/presentacion-del-libro-los-iaccarino-en-ctep\/","title":{"rendered":"PRESENTACION DEL LIBRO \u00abLOS IACCARINO\u00bb EN CTEP"},"content":{"rendered":"<p><strong>[FM Riachuelo, 02\/08\/2018]\u00a0 En el d\u00eda de ayer se realiz\u00f3 en la sede Constituci\u00f3n de la Confederaci\u00f3n de los Trabajadores de la Econom\u00eda Popular, la presentaci\u00f3n del libro \u00abLos Iaccarino\u00bb, El caso que derrumba la teor\u00eda de los dos demonios, de Miguel Russo que relata el caso de los hermanos secuestrados y torturados en 11 Centros Clandestinos de detenci\u00f3n durante la dictadura del 76.<\/strong><\/p>\n<p>La actividad organizada por la Secretaria de Derechos Humanos de la CTEP cont\u00f3 con la apertura de Lito Borello, su Secretario de DD HH, quien reconoci\u00f3 la lucha de los hermanos y el gesto de realizar la presentaci\u00f3n del libro en la CTEP,\u00a0 diciendo:\u00a0<strong><em>\u00abPara nosotros es un gran honor que est\u00e9n ac\u00e1, porque Carlos y Alejandro ponen su historia al servicio del proceso de lucha de nuestro pueblo\u00bb.<\/em><\/strong><\/p>\n<p>Alejandro Iaccarino, quien junto a su hermano Carlos,\u00a0 participaron de la actividad, comenz\u00f3 su intervenci\u00f3n reivindicando la actitud y los valores militantes de Santiago Maldonado, a un a\u00f1o de su desaparici\u00f3n y asesinato, en el contexto de la movilizaci\u00f3n exigiendo justicia, y expres\u00f3:<strong>\u00a0<em>\u00abSe cumple un a\u00f1o de la desaparici\u00f3n de un hombre que marc\u00f3 una historia en la cual perdi\u00f3 su vida, por su forma de luchar\u00bb<\/em><\/strong><\/p>\n<p>Luego, se expres\u00f3 sobre el sentido y el por qu\u00e9 de su presencia en la CTEP:\u00a0 los Iaccarino fueron secuestrados, torturados y expropiados por la dictadura porque como empresarios implementaron una organizaci\u00f3n econ\u00f3mica que beneficiaba a los m\u00e1s humildes y desnudaba las injusticias del modelo econ\u00f3mico corporativo y multinacional que organiz\u00f3 la represi\u00f3n de los a\u00f1os 70.<\/p>\n<p>Alejandro dijo:<strong><em>\u00abNosotros continuamos porque nosotros hemos ganado, nos quitaron todo, pero lo que no pudieron quitarnos fue el sentido del plan econ\u00f3mico,que le da a los m\u00e1s humildes\u00a0 el poder llegar a tener un 50% por debajo de los precios comunes que hacen a la canasta familiar\u00bb.<\/em><\/strong><\/p>\n<p><img loading=\"lazy\" decoding=\"async\" class=\"wp-image-7652 size-large aligncenter\" src=\"http:\/\/fmriachuelo.com.ar\/wp-content\/uploads\/2018\/08\/WhatsApp-Image-2018-08-01-at-18.56.40-1024x683.jpeg\" alt=\"\" width=\"640\" height=\"427\" srcset=\"http:\/\/fmriachuelo.it10.com.ar\/wp-content\/uploads\/2018\/08\/WhatsApp-Image-2018-08-01-at-18.56.40-1024x683.jpeg 1024w, http:\/\/fmriachuelo.it10.com.ar\/wp-content\/uploads\/2018\/08\/WhatsApp-Image-2018-08-01-at-18.56.40-300x200.jpeg 300w, http:\/\/fmriachuelo.it10.com.ar\/wp-content\/uploads\/2018\/08\/WhatsApp-Image-2018-08-01-at-18.56.40-768x512.jpeg 768w, http:\/\/fmriachuelo.it10.com.ar\/wp-content\/uploads\/2018\/08\/WhatsApp-Image-2018-08-01-at-18.56.40-750x500.jpeg 750w, http:\/\/fmriachuelo.it10.com.ar\/wp-content\/uploads\/2018\/08\/WhatsApp-Image-2018-08-01-at-18.56.40-1140x760.jpeg 1140w, http:\/\/fmriachuelo.it10.com.ar\/wp-content\/uploads\/2018\/08\/WhatsApp-Image-2018-08-01-at-18.56.40.jpeg 1152w\" sizes=\"auto, (max-width: 640px) 100vw, 640px\" \/><\/p>\n<p>Al momento del cierre, en un colmado y atento sal\u00f3n, el Gringo Castro, Secretario General de la CTEP, justamente relacion\u00f3 el desaf\u00edo econ\u00f3mico y pol\u00edtico que implicaban las acciones de los Iaccarino, con el desaf\u00edo que hoy realizan los trabajadores de la Econom\u00eda Popular, en la lucha por sus derechos, a un sistema global de concentraci\u00f3n econ\u00f3mico y exclusi\u00f3n de los humildes.<\/p>\n<p>Esteban Castro expres\u00f3:<strong><em> \u00abEso que viven ustedes y vivimos todos tiene que ver con que las corporaciones se llevaron todo y ten\u00edan que seguir concentrando todo, se llevaron millones de salarios nuestros\u00bb.<\/em><\/strong><\/p>\n<p>Iaccarino culmin\u00f3 la presentaci\u00f3n diciendo <strong><em>\u00abAgradecemos a la CTEP, a todxs los presentes por la ayuda que hemos tenido siempre, para luchar contra las mafias que nos quisieron dividir\u00bb<\/em><\/strong>.<\/p>\n","protected":false},"excerpt":{"rendered":"<p>[FM Riachuelo, 02\/08\/2018]\u00a0 En el d\u00eda de ayer se realiz\u00f3 en la sede Constituci\u00f3n de la Confederaci\u00f3n de los Trabajadores de la Econom\u00eda Popular, la presentaci\u00f3n del libro \u00abLos Iaccarino\u00bb, El caso que derrumba la teor\u00eda de los dos demonios, de Miguel Russo que relata el caso de los hermanos secuestrados y torturados en 11 [&hellip;]<\/p>\n","protected":false},"author":5,"featured_media":7651,"comment_status":"open","ping_status":"open","sticky":false,"template":"","format":"standard","meta":{"_monsterinsights_skip_tracking":false,"_monsterinsights_sitenote_active":false,"_monsterinsights_sitenote_note":"","_monsterinsights_sitenote_category":0,"jnews-multi-image_gallery":[],"jnews_single_post":[],"jnews_primary_category":[],"_joinchat":[],"footnotes":""},"categories":[80,79,76,74,75],"tags":[],"class_list":["post-7650","post","type-post","status-publish","format-standard","has-post-thumbnail","hentry","category-educacion","category-nadie-se-salva-solo","category-salud-comunitaria","category-san-cayetano","category-trabajo"],"_links":{"self":[{"href":"http:\/\/fmriachuelo.it10.com.ar\/index.php\/wp-json\/wp\/v2\/posts\/7650","targetHints":{"allow":["GET"]}}],"collection":[{"href":"http:\/\/fmriachuelo.it10.com.ar\/index.php\/wp-json\/wp\/v2\/posts"}],"about":[{"href":"http:\/\/fmriachuelo.it10.com.ar\/index.php\/wp-json\/wp\/v2\/types\/post"}],"author":[{"embeddable":true,"href":"http:\/\/fmriachuelo.it10.com.ar\/index.php\/wp-json\/wp\/v2\/users\/5"}],"replies":[{"embeddable":true,"href":"http:\/\/fmriachuelo.it10.com.ar\/index.php\/wp-json\/wp\/v2\/comments?post=7650"}],"version-history":[{"count":0,"href":"http:\/\/fmriachuelo.it10.com.ar\/index.php\/wp-json\/wp\/v2\/posts\/7650\/revisions"}],"wp:featuredmedia":[{"embeddable":true,"href":"http:\/\/fmriachuelo.it10.com.ar\/index.php\/wp-json\/wp\/v2\/media\/7651"}],"wp:attachment":[{"href":"http:\/\/fmriachuelo.it10.com.ar\/index.php\/wp-json\/wp\/v2\/media?parent=7650"}],"wp:term":[{"taxonomy":"category","embeddable":true,"href":"http:\/\/fmriachuelo.it10.com.ar\/index.php\/wp-json\/wp\/v2\/categories?post=7650"},{"taxonomy":"post_tag","embeddable":true,"href":"http:\/\/fmriachuelo.it10.com.ar\/index.php\/wp-json\/wp\/v2\/tags?post=7650"}],"curies":[{"name":"wp","href":"https:\/\/api.w.org\/{rel}","templated":true}]}}