{"id":7647,"date":"2018-08-02T15:13:27","date_gmt":"2018-08-02T15:13:27","guid":{"rendered":"http:\/\/fmriachuelo.com.ar\/?p=7647"},"modified":"2018-08-02T15:13:27","modified_gmt":"2018-08-02T15:13:27","slug":"un-ano-de-lucha-un-ano-de-mentiras-un-ano-de-impunidad","status":"publish","type":"post","link":"http:\/\/fmriachuelo.it10.com.ar\/index.php\/2018\/08\/02\/un-ano-de-lucha-un-ano-de-mentiras-un-ano-de-impunidad\/","title":{"rendered":"UN A\u00d1O DE LUCHA, UN A\u00d1O DE MENTIRAS, UN A\u00d1O DE IMPUNIDAD"},"content":{"rendered":"<p><strong>[FM Riachuelo 02\/08\/2018]<\/strong> <strong>Una masiva manifestaci\u00f3n\u00a0 sali\u00f3 a las calles para pedir justicia por Santiago Maldonado a un a\u00f1o de su desaparici\u00f3n seguida de muerte<\/strong>.<br \/>\n<strong>Su hermano encabez\u00f3 el acto central en Plaza de Mayo, Organizaciones Sociales, Pol\u00edticas y de Derechos Humanos\u00a0<\/strong><strong>congregaron en memoria del joven.<\/strong><\/p>\n<p>Sergio Maldonado manifest\u00f3 en el escenario, frente a la multitud: <strong><em>\u201cSantiago era un alma libre con gran compromiso social. Despu\u00e9s de su desaparici\u00f3n los funcionarios del Estado ocultaron informaci\u00f3n, encubrieron el accionar de Gendarmer\u00eda y persiguieron a nuestra familia, en lugar de ponerla a resguardo, por eso pedimos la renuncia de Patricia Bullrich por no haber apartado a Gendarmer\u00eda, por no indagarla y por desviar la investigaci\u00f3n\u201d.<\/em><\/strong><\/p>\n<p><img loading=\"lazy\" decoding=\"async\" class=\"wp-image-7660 size-large aligncenter\" src=\"http:\/\/fmriachuelo.com.ar\/wp-content\/uploads\/2018\/08\/WhatsApp-Image-2018-08-01-at-6.54.39-PM-1024x683.jpeg\" alt=\"\" width=\"640\" height=\"427\" srcset=\"http:\/\/fmriachuelo.it10.com.ar\/wp-content\/uploads\/2018\/08\/WhatsApp-Image-2018-08-01-at-6.54.39-PM-1024x683.jpeg 1024w, http:\/\/fmriachuelo.it10.com.ar\/wp-content\/uploads\/2018\/08\/WhatsApp-Image-2018-08-01-at-6.54.39-PM-300x200.jpeg 300w, http:\/\/fmriachuelo.it10.com.ar\/wp-content\/uploads\/2018\/08\/WhatsApp-Image-2018-08-01-at-6.54.39-PM-768x512.jpeg 768w, http:\/\/fmriachuelo.it10.com.ar\/wp-content\/uploads\/2018\/08\/WhatsApp-Image-2018-08-01-at-6.54.39-PM-750x500.jpeg 750w, http:\/\/fmriachuelo.it10.com.ar\/wp-content\/uploads\/2018\/08\/WhatsApp-Image-2018-08-01-at-6.54.39-PM-1140x761.jpeg 1140w, http:\/\/fmriachuelo.it10.com.ar\/wp-content\/uploads\/2018\/08\/WhatsApp-Image-2018-08-01-at-6.54.39-PM.jpeg 1280w\" sizes=\"auto, (max-width: 640px) 100vw, 640px\" \/><\/p>\n<p>Por otro lado pidi\u00f3<strong><em>: \u201cRepudiemos con todas nuestras fuerzas la decisi\u00f3n de este gobierno de habilitar a las Fuerzas Armadas en cuestiones de seguridad interior. Por todas esas familias que como nosotros atraviesan el mismo dolor, vamos a seguir adelante en b\u00fasqueda de justicia y por el derecho a saber la verdad\u201d.<\/em><\/strong><\/p>\n<p>&nbsp;<\/p>\n<p>Los concurrentes a la convocatoria \u00a0responsabilizaron al Estado por la desaparici\u00f3n y posterior muerte de Santiago Maldonado y \u00a0expusieron su descontento por la impericia en investigaci\u00f3n gritando a coro <strong><em>\u201cFuera Bullrich\u201d.<\/em><\/strong><\/p>\n<p><img loading=\"lazy\" decoding=\"async\" class=\"wp-image-7663 size-large aligncenter\" src=\"http:\/\/fmriachuelo.com.ar\/wp-content\/uploads\/2018\/08\/WhatsApp-Image-2018-08-01-at-5.31.24-PM-1024x683.jpeg\" alt=\"\" width=\"640\" height=\"427\" srcset=\"http:\/\/fmriachuelo.it10.com.ar\/wp-content\/uploads\/2018\/08\/WhatsApp-Image-2018-08-01-at-5.31.24-PM-1024x683.jpeg 1024w, http:\/\/fmriachuelo.it10.com.ar\/wp-content\/uploads\/2018\/08\/WhatsApp-Image-2018-08-01-at-5.31.24-PM-300x200.jpeg 300w, http:\/\/fmriachuelo.it10.com.ar\/wp-content\/uploads\/2018\/08\/WhatsApp-Image-2018-08-01-at-5.31.24-PM-768x512.jpeg 768w, http:\/\/fmriachuelo.it10.com.ar\/wp-content\/uploads\/2018\/08\/WhatsApp-Image-2018-08-01-at-5.31.24-PM-750x500.jpeg 750w, http:\/\/fmriachuelo.it10.com.ar\/wp-content\/uploads\/2018\/08\/WhatsApp-Image-2018-08-01-at-5.31.24-PM-1140x761.jpeg 1140w, http:\/\/fmriachuelo.it10.com.ar\/wp-content\/uploads\/2018\/08\/WhatsApp-Image-2018-08-01-at-5.31.24-PM.jpeg 1280w\" sizes=\"auto, (max-width: 640px) 100vw, 640px\" \/><\/p>\n<p>&nbsp;<\/p>\n<p><strong>Al cierre de la marcha se escuch\u00f3 un \u00fanico grito que repet\u00eda \u201cSantiago Presente, Ahora y Siempre\u201d.<\/strong><\/p>\n","protected":false},"excerpt":{"rendered":"<p>[FM Riachuelo 02\/08\/2018] Una masiva manifestaci\u00f3n\u00a0 sali\u00f3 a las calles para pedir justicia por Santiago Maldonado a un a\u00f1o de su desaparici\u00f3n seguida de muerte. Su hermano encabez\u00f3 el acto central en Plaza de Mayo, Organizaciones Sociales, Pol\u00edticas y de Derechos Humanos\u00a0congregaron en memoria del joven. Sergio Maldonado manifest\u00f3 en el escenario, frente a la [&hellip;]<\/p>\n","protected":false},"author":5,"featured_media":7661,"comment_status":"open","ping_status":"open","sticky":false,"template":"","format":"standard","meta":{"_monsterinsights_skip_tracking":false,"_monsterinsights_sitenote_active":false,"_monsterinsights_sitenote_note":"","_monsterinsights_sitenote_category":0,"jnews-multi-image_gallery":[],"jnews_single_post":[],"jnews_primary_category":[],"_joinchat":[],"footnotes":""},"categories":[78,79,76],"tags":[],"class_list":["post-7647","post","type-post","status-publish","format-standard","has-post-thumbnail","hentry","category-economia-popular","category-nadie-se-salva-solo","category-salud-comunitaria"],"_links":{"self":[{"href":"http:\/\/fmriachuelo.it10.com.ar\/index.php\/wp-json\/wp\/v2\/posts\/7647","targetHints":{"allow":["GET"]}}],"collection":[{"href":"http:\/\/fmriachuelo.it10.com.ar\/index.php\/wp-json\/wp\/v2\/posts"}],"about":[{"href":"http:\/\/fmriachuelo.it10.com.ar\/index.php\/wp-json\/wp\/v2\/types\/post"}],"author":[{"embeddable":true,"href":"http:\/\/fmriachuelo.it10.com.ar\/index.php\/wp-json\/wp\/v2\/users\/5"}],"replies":[{"embeddable":true,"href":"http:\/\/fmriachuelo.it10.com.ar\/index.php\/wp-json\/wp\/v2\/comments?post=7647"}],"version-history":[{"count":0,"href":"http:\/\/fmriachuelo.it10.com.ar\/index.php\/wp-json\/wp\/v2\/posts\/7647\/revisions"}],"wp:featuredmedia":[{"embeddable":true,"href":"http:\/\/fmriachuelo.it10.com.ar\/index.php\/wp-json\/wp\/v2\/media\/7661"}],"wp:attachment":[{"href":"http:\/\/fmriachuelo.it10.com.ar\/index.php\/wp-json\/wp\/v2\/media?parent=7647"}],"wp:term":[{"taxonomy":"category","embeddable":true,"href":"http:\/\/fmriachuelo.it10.com.ar\/index.php\/wp-json\/wp\/v2\/categories?post=7647"},{"taxonomy":"post_tag","embeddable":true,"href":"http:\/\/fmriachuelo.it10.com.ar\/index.php\/wp-json\/wp\/v2\/tags?post=7647"}],"curies":[{"name":"wp","href":"https:\/\/api.w.org\/{rel}","templated":true}]}}