{"id":7630,"date":"2018-07-31T23:18:56","date_gmt":"2018-07-31T23:18:56","guid":{"rendered":"http:\/\/fmriachuelo.com.ar\/?p=7630"},"modified":"2018-07-31T23:18:56","modified_gmt":"2018-07-31T23:18:56","slug":"entrevista-a-alejandro-iaccarino-victima-del-poder-economico","status":"publish","type":"post","link":"http:\/\/fmriachuelo.it10.com.ar\/index.php\/2018\/07\/31\/entrevista-a-alejandro-iaccarino-victima-del-poder-economico\/","title":{"rendered":"\u00abCAIMOS EN MANOS DE LAS PATOTAS DEL PODER ECONOMICO\u00bb"},"content":{"rendered":"<div align=\"left\">\n<p dir=\"ltr\"><strong>[FM Riachuelo 31\/07\/2018] En el programa \u00abAl Gran Pueblo Salud\u00bb, que se emite los d\u00edas lunes de 19 a 21, entrevistamos a Alejandro Iaccarino, uno de los protagonistas de la\u00a0 tr\u00e1gica\u00a0historia de vida que relata el libro \u00a0\u201cLOS IACCARINO: El caso que derrumba la teor\u00eda de los dos demonios\u201d,\u00a0escrito por Miguel Russo, que ser\u00e1 presentado este mi\u00e9rcoles 1\u00b0de agosto a las 18 hs. en la sede de la CTEP, Pedro Echag\u00fce 1265 CABA, con la participaci\u00f3n de referentes de los DDHH y las organizaciones sociales como Adolfo P\u00e9rez Esquivel, Lito Borello, Esteban \u201cGringo\u201d Castro, \u00a0Estela Callori y Carlos Cleri.<\/strong><\/p>\n<\/div>\n<p dir=\"ltr\">La historia de la familia Iaccarino es un caso emblem\u00e1tico de la represi\u00f3n de la \u00faltima dictadura c\u00edvico-militar (1976-1983) porque desnuda la dimensi\u00f3n econ\u00f3mica de los intereses que movilizaban al Proceso. Alejandro nos cuenta sobre los verdaderos motivos del secuestro a su familia\u00a0 y el proyecto econ\u00f3mico que ellos crearon en los 70\u00a8,\u00a0 idea que se asemeja a la que hoy proponen los Trabajadores de la\u00a0 Econom\u00eda Popular.<\/p>\n<p dir=\"ltr\">A continuaci\u00f3n algunos fragmentos de la entrevista.<\/p>\n<p><strong>Al Gran Pueblo Salud: Sabemos que hay una causa judicial vinculada al secuestro que fueron v\u00edctimas a manos de las Fuerzas de Seguridad de la dictadura militar\u00a0 \u00bfEn qu\u00e9 estado judicial se encuentra\u00a0 actualmente? <\/strong><\/p>\n<p><strong>_ Alejandro Iaccarino: <\/strong>En primer lugar, \u00a0la trascendencia est\u00e1 dada en las tres causas que son emblem\u00e1ticas en la\u00a0 Argentina: una es Papel Prensa; en segundo lugar\u00a0 la Causa de los Hermanos Iaccarino y en tercer lugar\u00a0 el Banco Latinoamericano, porque originalmente fuimos seiscientos empresarios que tuvimos la desgracia de caer en\u00a0 manos de las patotas del Poder econ\u00f3mico. Porque si bien, los que hicieron\u00a0 la mano de obra fueron la parte militar, pero todo esto estaba encausado por el segmento civil, que llevaba adelante los grandes negocios. Y nosotros pose\u00edamos siete empresas, de estas siete empresas \u00a0solo una era \u00a0la que los afectaba a ellos, que era el Plan Econ\u00f3mico Expansivo General.<\/p>\n<p>Este plan\u00a0 lo\u00a0 idee a los 17 a\u00f1os, y\u00a0 beneficiaba a las personas m\u00e1s humildes e iba contra de\u00a0 las multinacionales. Nosotros trabajamos muy intensamente con una organizaci\u00f3n ejemplar y llegamos a tener hasta tres cuadra y media de cuadras de cola. Lo que se lograba con el proyecto era una reducci\u00f3n importante del costo del producto\u00a0 final.\u00a0 Adem\u00e1s los productos revest\u00edan gran calidad porque trabaj\u00e1bamos muy intensamente desde el norte del pa\u00eds \u00a0trayendo los productos de la producci\u00f3n hasta el puesto donde se consum\u00eda. Y esta situaci\u00f3n molest\u00f3 much\u00edsimo a los segmentos de las corporaciones\u00a0 internacionales, y por esto secuestraron a casi toda la familia. Pasamos por nueve centros clandestinos de torturas y exterminio, adem\u00e1s pasamos por cuatro comisarias, fue muy duro lo que pasamos (\u2026) con nosotros se ensa\u00f1aron de una manera m\u00e1s fuerte. La causa nuestra tiene 7 grandes juicios, de la cual 3 tenemos actualmente en la Corte Suprema con recurso extraordinario.<\/p>\n<p><b>AGPS: Que parte de estos Derechos Humanos tiene que ver con un plan econ\u00f3mico\u00a0estrat\u00e9gico de un poder determinado, que adem\u00e1s quer\u00eda quedarse\u00a0 con el dinero, con la\u00a0 concentraci\u00f3n econ\u00f3mica, tal cual lo estamos viviendo hoy en la Argentina. <\/b><\/p>\n<p><strong>\u00a0AI: <\/strong>\u00a0No es una similitud, es \u00a0directamente un calco lo que est\u00e1 aconteciendo en estos momentos. Cada uno de los pasos que se est\u00e1n dando dentro del campo econ\u00f3mico, que est\u00e1 llevando adelante el Gobierno tiene un tinte absolutamente similar: o sea grupos, empresariales que toman el Poder y que desde ah\u00ed manejan las cosas haciendo lo que desean. Nos van llevando a una situaci\u00f3n muy clara: m\u00e1s all\u00e1 del robo, de la entrega, del hambre, lo que est\u00e1 pasando el pueblo en s\u00ed, esto no termina nada bien.<\/p>\n<p><strong>AGPS: \u00bfUsted\u00a0 considera que el plan econ\u00f3mico que elaboraron en su juventud \u00a0hoy tiene alguna posibilidad de ser aplicado en la actualidad? <\/strong><\/p>\n<p><strong>\u00a0AI: <\/strong>Si. Poder se puede. Porque donde usted ofrece un producto a un precio que puede ser hasta un cincuenta por ciento m\u00e1s barato, no tenga duda que la aplicaci\u00f3n del plan sea potencialmente posible y exitosa. Porque imag\u00ednese en la situaci\u00f3n que se encuentran la generalidad de los casos de las familias\u00a0 actualmente, que pueda rebajarse\u00a0 a un porcentaje en esos niveles es totalmente posible. Pero para poder llegar a esa cifra la metodolog\u00eda y administraci\u00f3n deber ser perfecta. Aparte los productos que se compraban eran \u00a0de primera calidad, porque los humildes tienen todo el derecho a comer alimentos de buena calidad y que no tenga que ser de segunda o tercera<\/p>\n<p><b>AGPS: \u00bf Qu\u00e9 opini\u00f3n tiene\u00a0\u00a0sobre la\u00a0 Confederaci\u00f3n de Trabajadores de la Econom\u00eda Popular? <\/b><\/p>\n<p><strong>AI:<\/strong> Estuvimos reunidos con un miembro de la Comisi\u00f3n Directiva de la Ctep y estuvimos cerca de\u00a0 4 horas conversando, nos fuimos con una impresi\u00f3n excelente de la lucha que est\u00e1n llevando adelante. Tienen mucha m\u00e1s ventaja para el comienzo que nosotros porque tienen un capital humano muy importante, nosotros a eso no lo ten\u00edamos nos fuimos haciendo.\u00a0 Es una entidad con un enorme futuro, \u00a0me parece que son gente humilde de bien y que desean ayudar a las personas que lo necesitan, haci\u00e9ndolo \u00a0de una manera que es la que nosotros pensamos y luchamos, que es hacerlo como corresponde, no sacar beneficios.<\/p>\n<p>&nbsp;<\/p>\n<p>&nbsp;<\/p>\n<p>&nbsp;<\/p>\n<p><strong><a href=\"https:\/\/radiocut.fm\/audiocut\/entrevista-a-alejandro-iaccarino\/#\">ENTREVISTA COMPLETA<\/a><\/strong><\/p>\n","protected":false},"excerpt":{"rendered":"<p>[FM Riachuelo 31\/07\/2018] En el programa \u00abAl Gran Pueblo Salud\u00bb, que se emite los d\u00edas lunes de 19 a 21, entrevistamos a Alejandro Iaccarino, uno de los protagonistas de la\u00a0 tr\u00e1gica\u00a0historia de vida que relata el libro \u00a0\u201cLOS IACCARINO: El caso que derrumba la teor\u00eda de los dos demonios\u201d,\u00a0escrito por Miguel Russo, que ser\u00e1 presentado [&hellip;]<\/p>\n","protected":false},"author":5,"featured_media":7631,"comment_status":"open","ping_status":"open","sticky":false,"template":"","format":"standard","meta":{"_monsterinsights_skip_tracking":false,"_monsterinsights_sitenote_active":false,"_monsterinsights_sitenote_note":"","_monsterinsights_sitenote_category":0,"jnews-multi-image_gallery":[],"jnews_single_post":[],"jnews_primary_category":[],"_joinchat":[],"footnotes":""},"categories":[80,79,76],"tags":[],"class_list":["post-7630","post","type-post","status-publish","format-standard","has-post-thumbnail","hentry","category-educacion","category-nadie-se-salva-solo","category-salud-comunitaria"],"_links":{"self":[{"href":"http:\/\/fmriachuelo.it10.com.ar\/index.php\/wp-json\/wp\/v2\/posts\/7630","targetHints":{"allow":["GET"]}}],"collection":[{"href":"http:\/\/fmriachuelo.it10.com.ar\/index.php\/wp-json\/wp\/v2\/posts"}],"about":[{"href":"http:\/\/fmriachuelo.it10.com.ar\/index.php\/wp-json\/wp\/v2\/types\/post"}],"author":[{"embeddable":true,"href":"http:\/\/fmriachuelo.it10.com.ar\/index.php\/wp-json\/wp\/v2\/users\/5"}],"replies":[{"embeddable":true,"href":"http:\/\/fmriachuelo.it10.com.ar\/index.php\/wp-json\/wp\/v2\/comments?post=7630"}],"version-history":[{"count":0,"href":"http:\/\/fmriachuelo.it10.com.ar\/index.php\/wp-json\/wp\/v2\/posts\/7630\/revisions"}],"wp:featuredmedia":[{"embeddable":true,"href":"http:\/\/fmriachuelo.it10.com.ar\/index.php\/wp-json\/wp\/v2\/media\/7631"}],"wp:attachment":[{"href":"http:\/\/fmriachuelo.it10.com.ar\/index.php\/wp-json\/wp\/v2\/media?parent=7630"}],"wp:term":[{"taxonomy":"category","embeddable":true,"href":"http:\/\/fmriachuelo.it10.com.ar\/index.php\/wp-json\/wp\/v2\/categories?post=7630"},{"taxonomy":"post_tag","embeddable":true,"href":"http:\/\/fmriachuelo.it10.com.ar\/index.php\/wp-json\/wp\/v2\/tags?post=7630"}],"curies":[{"name":"wp","href":"https:\/\/api.w.org\/{rel}","templated":true}]}}