{"id":7621,"date":"2018-07-31T18:13:56","date_gmt":"2018-07-31T18:13:56","guid":{"rendered":"http:\/\/fmriachuelo.com.ar\/?p=7621"},"modified":"2018-07-31T18:13:56","modified_gmt":"2018-07-31T18:13:56","slug":"el-estado-es-responsable-santiago-es-solidaridad","status":"publish","type":"post","link":"http:\/\/fmriachuelo.it10.com.ar\/index.php\/2018\/07\/31\/el-estado-es-responsable-santiago-es-solidaridad\/","title":{"rendered":"EL ESTADO ES RESPONSABLE, SANTIAGO ES SOLIDARIDAD"},"content":{"rendered":"<p><strong>[FM Riachuelo, 31\/07\/2018]<\/strong><strong>\u00a0Hoy se realiz\u00f3 una Conferencia de prensa\u00a0 al cumplirse un a\u00f1o de la desaparici\u00f3n\u00a0 forzada y posterior muerte de Santiago Maldonado.La convocatoria fue realizada por familiares, amigos y Organismos de Derechos Humanos, que invitaron\u00a0 a participar de la misma en el edificio de TELAM que est\u00e1 ubicado en Belgrano 347, CABA.<\/strong><\/p>\n<p style=\"text-align: left\">Sergio Maldonado, hermano de Santiago, fue el \u00fanico orador de la jornada y se expres\u00f3 \u00a0diciendo\u201d<strong><em>Hace 365 d\u00edas que Santiago iba a solidarizarse con la causa que el cre\u00eda justa por defender la tierra.\u00a0 Hoy, llevamos casi un a\u00f1o pidiendo verdad y justicia ante un Estado que neg\u00f3 a Santiago durante 78 d\u00edas. El mismo Estado es el \u00fanico responsable de que nosotros llevemos este peregrinar, por eso pido desde este lugar que creemos una unidad y los convoco ma\u00f1ana a las 17 hs en Plaza de Mayo para pedir justicia por Santiago\u201d.\u00a0<\/em><\/strong><\/p>\n<p><img loading=\"lazy\" decoding=\"async\" class=\"wp-image-7624 size-large aligncenter\" src=\"http:\/\/fmriachuelo.com.ar\/wp-content\/uploads\/2018\/07\/MG_1194-1024x683.jpg\" alt=\"\" width=\"640\" height=\"427\" srcset=\"http:\/\/fmriachuelo.it10.com.ar\/wp-content\/uploads\/2018\/07\/MG_1194-1024x683.jpg 1024w, http:\/\/fmriachuelo.it10.com.ar\/wp-content\/uploads\/2018\/07\/MG_1194-300x200.jpg 300w, http:\/\/fmriachuelo.it10.com.ar\/wp-content\/uploads\/2018\/07\/MG_1194-768x512.jpg 768w, http:\/\/fmriachuelo.it10.com.ar\/wp-content\/uploads\/2018\/07\/MG_1194-1536x1024.jpg 1536w, http:\/\/fmriachuelo.it10.com.ar\/wp-content\/uploads\/2018\/07\/MG_1194-750x500.jpg 750w, http:\/\/fmriachuelo.it10.com.ar\/wp-content\/uploads\/2018\/07\/MG_1194-1140x760.jpg 1140w, http:\/\/fmriachuelo.it10.com.ar\/wp-content\/uploads\/2018\/07\/MG_1194.jpg 2048w\" sizes=\"auto, (max-width: 640px) 100vw, 640px\" \/><\/p>\n<p><em>Taty Almeida, asisti\u00f3 en representaci\u00f3n de Madres L\u00ednea Fundadora y dijo \u201d<strong>Vinimos a acompa\u00f1ar a la familia de Santiago para convocar a todos, ma\u00f1ana a La 17 hs en la Plaza de Mayo para pedir justicia a este gobierno que lo \u00fanico que hace es violar los Derechos Humanos\u201d<\/strong><\/em><\/p>\n<p>Esta Conferencia cont\u00f3 con una fuerte presencia no solamente de los distintos\u00a0 Organismos de Derechos Humanos, sino tambi\u00e9n del periodismo<\/p>\n<p><strong><a href=\"https:\/\/soundcloud.com\/prensa-fm-riachuelo\/sets\/conferencia-de-prensa-por-santiago-maldonado\">Audios de la Conferencia<\/a><\/strong><\/p>\n","protected":false},"excerpt":{"rendered":"<p>[FM Riachuelo, 31\/07\/2018]\u00a0Hoy se realiz\u00f3 una Conferencia de prensa\u00a0 al cumplirse un a\u00f1o de la desaparici\u00f3n\u00a0 forzada y posterior muerte de Santiago Maldonado.La convocatoria fue realizada por familiares, amigos y Organismos de Derechos Humanos, que invitaron\u00a0 a participar de la misma en el edificio de TELAM que est\u00e1 ubicado en Belgrano 347, CABA. Sergio Maldonado, [&hellip;]<\/p>\n","protected":false},"author":5,"featured_media":7623,"comment_status":"open","ping_status":"open","sticky":false,"template":"","format":"standard","meta":{"_monsterinsights_skip_tracking":false,"_monsterinsights_sitenote_active":false,"_monsterinsights_sitenote_note":"","_monsterinsights_sitenote_category":0,"jnews-multi-image_gallery":[],"jnews_single_post":[],"jnews_primary_category":[],"_joinchat":[],"footnotes":""},"categories":[78,79,76],"tags":[],"class_list":["post-7621","post","type-post","status-publish","format-standard","has-post-thumbnail","hentry","category-economia-popular","category-nadie-se-salva-solo","category-salud-comunitaria"],"_links":{"self":[{"href":"http:\/\/fmriachuelo.it10.com.ar\/index.php\/wp-json\/wp\/v2\/posts\/7621","targetHints":{"allow":["GET"]}}],"collection":[{"href":"http:\/\/fmriachuelo.it10.com.ar\/index.php\/wp-json\/wp\/v2\/posts"}],"about":[{"href":"http:\/\/fmriachuelo.it10.com.ar\/index.php\/wp-json\/wp\/v2\/types\/post"}],"author":[{"embeddable":true,"href":"http:\/\/fmriachuelo.it10.com.ar\/index.php\/wp-json\/wp\/v2\/users\/5"}],"replies":[{"embeddable":true,"href":"http:\/\/fmriachuelo.it10.com.ar\/index.php\/wp-json\/wp\/v2\/comments?post=7621"}],"version-history":[{"count":0,"href":"http:\/\/fmriachuelo.it10.com.ar\/index.php\/wp-json\/wp\/v2\/posts\/7621\/revisions"}],"wp:featuredmedia":[{"embeddable":true,"href":"http:\/\/fmriachuelo.it10.com.ar\/index.php\/wp-json\/wp\/v2\/media\/7623"}],"wp:attachment":[{"href":"http:\/\/fmriachuelo.it10.com.ar\/index.php\/wp-json\/wp\/v2\/media?parent=7621"}],"wp:term":[{"taxonomy":"category","embeddable":true,"href":"http:\/\/fmriachuelo.it10.com.ar\/index.php\/wp-json\/wp\/v2\/categories?post=7621"},{"taxonomy":"post_tag","embeddable":true,"href":"http:\/\/fmriachuelo.it10.com.ar\/index.php\/wp-json\/wp\/v2\/tags?post=7621"}],"curies":[{"name":"wp","href":"https:\/\/api.w.org\/{rel}","templated":true}]}}