{"id":762,"date":"2015-01-26T00:00:00","date_gmt":"2015-01-26T00:00:00","guid":{"rendered":"http:\/\/fmriachuelo.observatorioess.org.ar\/index.php\/2015\/01\/26\/hoy-se-recuerda-el-asesinato-de-jose-luis-cabezas\/"},"modified":"2025-03-25T16:27:52","modified_gmt":"2025-03-25T19:27:52","slug":"hoy-se-recuerda-el-asesinato-de-jose-luis-cabezas","status":"publish","type":"post","link":"http:\/\/fmriachuelo.it10.com.ar\/index.php\/2015\/01\/26\/hoy-se-recuerda-el-asesinato-de-jose-luis-cabezas\/","title":{"rendered":"HOY SE RECUERDA EL ASESINATO DE JOSE LUIS CABEZAS"},"content":{"rendered":"<p><span style=\"color: red;font-family: Verdana, sans-serif;font-size: large\"><strong>NO SE OLVIDEN DE CABEZAS<\/strong><\/span><br \/><span style=\"font-family: Verdana, sans-serif\"><strong>Actos en todo el pa\u00eds a 18 a\u00f1os del asesinato<\/strong><\/span><\/p>\n<div style=\"clear: both;text-align: center\"><a href=\"http:\/\/2.bp.blogspot.com\/-iqdh-uYISUk\/VMWhcaM01wI\/AAAAAAAACiQ\/umpsOkXDCMU\/s1600\/cabezas.jpg\" style=\"clear: left;float: left;margin-bottom: 1em;margin-right: 1em\"><img loading=\"lazy\" decoding=\"async\" border=\"0\" src=\"http:\/\/2.bp.blogspot.com\/-iqdh-uYISUk\/VMWhcaM01wI\/AAAAAAAACiQ\/umpsOkXDCMU\/s1600\/cabezas.jpg\" height=\"207\" width=\"320\" \/><\/a><\/div>\n<p><span style=\"font-family: Verdana, sans-serif\">En el acto central que se hizo en la Plaza de los Dos Congresos hablaron la hermana del fot\u00f3grafo, Gladys Cabezas; el periodista Gabriel Michi; los compa\u00f1eros de trabajo Hugo Ropero y Guillermo Canton; y Ezequiel Torres, en representaci\u00f3n de Argra.<\/span><br \/><span style=\"font-family: Verdana\"><\/span><br \/><span style=\"font-family: Verdana, sans-serif\">Familiares y amigos de Jos\u00e9 Luis Cabezas, junto a la Asociaci\u00f3n de Reporteros Gr\u00e1ficos de la Rep\u00fablica Argentina (ARGRA), realizaron hoy actos en distintos puntos del pa\u00eds para recordar el 18 aniversario del asesinato del fot\u00f3grafo y reclamar la condena efectiva de los culpables de su muerte.<\/span><br \/><span style=\"font-family: Verdana, sans-serif\"><\/span><br \/><a name='more'><\/a><span style=\"font-family: Verdana, sans-serif\"><br \/> \u00abEsta semana reviv\u00ed todo lo que me pas\u00f3 con Jos\u00e9 Luis\u00bb, dijo Gladys Cabezas en alusi\u00f3n a la muerte del fiscal Alberto Nisman, y le recomend\u00f3 a la familia que vaya a ver el expediente judicial porque -sostuvo- \u00abeso a ella le sirvi\u00f3\u00bb.<\/p>\n<p> \u00abCreemos que lo que realmente nos puede ayudar y hacer que se haga efectivo este nunca m\u00e1s&nbsp; es la creaci\u00f3n de un colectivo de fot\u00f3grafos y periodistas\u00bb, expres\u00f3 a T\u00e9lam Ezequiel Torres.<\/p>\n<p> Por otra parte, el Sindicato de Prensa bonaerense record\u00f3 hoy al reportero gr\u00e1fico asesinado Jos\u00e9 Luis Cabezas bajo la consigna \u00absin una justicia eficiente e independiente se degrada la democracia\u00bb, en un acto realizado en la plaza San Mart\u00edn de La Plata.<\/p>\n<p> En la actividad, el secretario general del gremio, Ricardo Salas, sostuvo que \u00abconstituye una nueva muestra de impunidad que los condenados como autores materiales del asesinato de Jos\u00e9 Luis se encuentren en libertad y que los mentores intelectuales nunca fueran debidamente identificados y castigados\u00bb.<\/p>\n<p> \u00abEn momentos en que nuestra patria se encuentra nuevamente conmocionada, es oportuno que reflexionemos sobre las consecuencias de generar impunidad desde los poderes p\u00fablicos, ya sea por intencionalidad o por incompetencia\u00bb, manifest\u00f3 el dirigente sindical, quien agreg\u00f3: \u00abComo venimos reclamando desde hace 18 a\u00f1os, sin una Justicia eficiente e independiente el sistema democr\u00e1tico se degrada a una mera formalidad y los ciudadanos quedamos a merced de los espurios intereses de grupos de poder\u00bb.<\/p>\n<p> Por su parte, el Sindicato de Prensa de Rosario adhiri\u00f3 con un comunicado en el que expres\u00f3: \u00abCon 18 a\u00f1os transcurridos desde la muerte de Cabezas, las amenazas y agresiones contra los trabajadores de prensa no cesaron y, en los \u00faltimos tiempos, se agudizaron por la acci\u00f3n de sectores del delito, particularmente ligados con el narcotr\u00e1fico\u00bb.<\/p>\n<p> Asimismo, en Mendoza los reporteros gr\u00e1ficos se reunieron en la Legislatura para recordar al fot\u00f3grafo asesinado en 1997, en tanto que en Neuqu\u00e9n lo hicieron en la plazoleta que lleva el nombre de Jos\u00e9 Luis Cabezas, ubicada en avenida Argentina y Roca de la ciudad la capital provincial. <\/span><br \/><span style=\"color: blue;font-family: Verdana\">Fuente: Telam, Producci\u00f3n Riachuelo<\/span><\/p>\n<div style=\"clear: both;text-align: center\"><a href=\"http:\/\/3.bp.blogspot.com\/-xSbGegGJ1N8\/VMWiD8A_-mI\/AAAAAAAACiY\/d6jZBKn7l68\/s1600\/COOP%2BRIACHIUELO%2BPRODUCCIONES.jpg\" style=\"clear: left;float: left;margin-bottom: 1em;margin-right: 1em\"><img loading=\"lazy\" decoding=\"async\" border=\"0\" src=\"http:\/\/3.bp.blogspot.com\/-xSbGegGJ1N8\/VMWiD8A_-mI\/AAAAAAAACiY\/d6jZBKn7l68\/s1600\/COOP%2BRIACHIUELO%2BPRODUCCIONES.jpg\" height=\"58\" width=\"200\" \/><\/a><\/div>\n","protected":false},"excerpt":{"rendered":"<p>NO SE OLVIDEN DE CABEZASActos en todo el pa\u00eds a 18 a\u00f1os del asesinato En el acto central que se hizo en la Plaza de los Dos Congresos hablaron la hermana del fot\u00f3grafo, Gladys Cabezas; el periodista Gabriel Michi; los compa\u00f1eros de trabajo Hugo Ropero y Guillermo Canton; y Ezequiel Torres, en representaci\u00f3n de Argra.Familiares [&hellip;]<\/p>\n","protected":false},"author":4,"featured_media":0,"comment_status":"open","ping_status":"open","sticky":false,"template":"","format":"standard","meta":{"_monsterinsights_skip_tracking":false,"_monsterinsights_sitenote_active":false,"_monsterinsights_sitenote_note":"","_monsterinsights_sitenote_category":0,"jnews-multi-image_gallery":[],"jnews_single_post":{"format":"standard"},"jnews_primary_category":[],"_joinchat":[],"footnotes":""},"categories":[58],"tags":[],"class_list":["post-762","post","type-post","status-publish","format-standard","hentry","category-noticiariachuelo"],"_links":{"self":[{"href":"http:\/\/fmriachuelo.it10.com.ar\/index.php\/wp-json\/wp\/v2\/posts\/762","targetHints":{"allow":["GET"]}}],"collection":[{"href":"http:\/\/fmriachuelo.it10.com.ar\/index.php\/wp-json\/wp\/v2\/posts"}],"about":[{"href":"http:\/\/fmriachuelo.it10.com.ar\/index.php\/wp-json\/wp\/v2\/types\/post"}],"author":[{"embeddable":true,"href":"http:\/\/fmriachuelo.it10.com.ar\/index.php\/wp-json\/wp\/v2\/users\/4"}],"replies":[{"embeddable":true,"href":"http:\/\/fmriachuelo.it10.com.ar\/index.php\/wp-json\/wp\/v2\/comments?post=762"}],"version-history":[{"count":1,"href":"http:\/\/fmriachuelo.it10.com.ar\/index.php\/wp-json\/wp\/v2\/posts\/762\/revisions"}],"predecessor-version":[{"id":22460,"href":"http:\/\/fmriachuelo.it10.com.ar\/index.php\/wp-json\/wp\/v2\/posts\/762\/revisions\/22460"}],"wp:attachment":[{"href":"http:\/\/fmriachuelo.it10.com.ar\/index.php\/wp-json\/wp\/v2\/media?parent=762"}],"wp:term":[{"taxonomy":"category","embeddable":true,"href":"http:\/\/fmriachuelo.it10.com.ar\/index.php\/wp-json\/wp\/v2\/categories?post=762"},{"taxonomy":"post_tag","embeddable":true,"href":"http:\/\/fmriachuelo.it10.com.ar\/index.php\/wp-json\/wp\/v2\/tags?post=762"}],"curies":[{"name":"wp","href":"https:\/\/api.w.org\/{rel}","templated":true}]}}