{"id":7610,"date":"2018-07-27T00:29:15","date_gmt":"2018-07-27T00:29:15","guid":{"rendered":"http:\/\/fmriachuelo.com.ar\/?p=7610"},"modified":"2018-07-27T00:29:15","modified_gmt":"2018-07-27T00:29:15","slug":"unidad-de-las-organizaciones-agropecuarias-de-economia-familiar-en-la-calle","status":"publish","type":"post","link":"http:\/\/fmriachuelo.it10.com.ar\/index.php\/2018\/07\/27\/unidad-de-las-organizaciones-agropecuarias-de-economia-familiar-en-la-calle\/","title":{"rendered":"UNIDAD DE LAS ORGANIZACIONES AGROPECUARIAS DE ECONOM\u00cdA FAMILIAR EN LA CALLE"},"content":{"rendered":"<p><strong>[FM Riachuelo, 26\/07\/2018]<\/strong><strong>\u00a0<\/strong>\u00a0A pesar del clima hostil de lluvia y fr\u00edo, una jornada en la que pueblo argentino sali\u00f3 a la calle. A partir de las 10 de la ma\u00f1ana el sector agrario de la econom\u00eda familiar se concentr\u00f3 junto con organizaciones de la econom\u00eda popular y los trabajadores estatales. Todos expresaron el rechazo a la transferencia de recursos hacia los sectores concentrados del capital.<\/p>\n<p>Se moviliz\u00f3 hasta el Ministerio de Agroindustria, donde se ley\u00f3 un documento que expresaba puntos como:<br \/>\nLa continuidad indeterminada del Monotributo Social Agropecuario; la urgente implementaci\u00f3n de medidas que beneficien al sector; la inmediata reglamentaci\u00f3n de la ley de Reparaci\u00f3n Hist\u00f3rica de la Agricultura Familiar aprobada en diciembre de 2014; la reincorporaci\u00f3n de las trabajadoras y trabajadores despedidos injustificadamente del Ministerio de Agroindustria y SENASA.<\/p>\n<p>&nbsp;<\/p>\n<p>En un d\u00eda tan emblem\u00e1tico en que se conmemora la muerte de Evita Duarte y la toma del Cuartel Moncada por parte de la Revoluci\u00f3n Cubana, cientos de personas que se encontraban en la puerta del Ministerio gritaban al un\u00edsono: \u00a1Somos tierra, para alimentar al pueblo!\u201d<\/p>\n<p>Es claro que la lucha que llevaron hoy adelante los compa\u00f1eros y familias productoras agrarias de la econom\u00eda familiar es una lucha que involucra a todo el pueblo argentino, ya que son nada m\u00e1s ni nada menos que los que producen la verdura que consume la mayor parte de la poblaci\u00f3n, seg\u00fan afirmaba Esteban \u201cGringo\u201d Castro, Secretario General de la CTEP. Adem\u00e1s el dirigente acotaba que es un sector sin derechos al que diariamente se le dificulta trabajar en condiciones favorables. Entre algunas problem\u00e1ticas que deben presentar figuran: que el 80% no es due\u00f1a de tierras, por lo que debe alquilarlas y en muchos casos se desaloja ante la falta de pago; que han comenzado a suprimir<\/p>\n<p>Monotributos Sociales Agropecuarios, lo que hace que deban afrontar los gastos de las cargas sociales y dificulta la facturaci\u00f3n de los productos; que deben competir constantemente con la importaci\u00f3n de materia prima del exterior; entre otras.<\/p>\n<p>Deolinda Carrizos del Movimiento Nacional Campesino Ind\u00edgena destac\u00f3 que lo importante la de jornada fue la unificaci\u00f3n de las distintas organizaciones peque\u00f1as y medianas productoras del pa\u00eds que no s\u00f3lo en la CABA, sino tambi\u00e9n en distintos puntos del pa\u00eds se encontraban manifest\u00e1ndose en contra del ajuste que el gobierno de Cambiemos est\u00e1 aplicando contra del sector. Por otro lado, Melinda, compa\u00f1era de ATE, dijo que a partir del desmantelamiento de las pol\u00edticas p\u00fablicas de la Secretar\u00eda de Agricultura Familiar, como la baja del Monotributo Social Agropecuario, vienen de la mano los despidos de t\u00e9cnicos que est\u00e1n sufriendo desde el a\u00f1o pasado, y que son ellos los que trabajan codo a codo con este sector en el asesoramiento.<\/p>\n<p>Relacionando este reclamo con la movilizaci\u00f3n que hoy a la tarde se dio desde Plaza de Mayo al Ministerio de defensa Hugo \u201cChachorro\u201d Godoy, Secretario General de ATE Nacional, aclar\u00f3:<em><strong> \u201cEvidentemente este plan de destrucci\u00f3n del pueblo argentino que lleva adelante Macri en acuerdo con el fondo monetario internacional solamente cierra con represi\u00f3n, y por eso es que han tomado la decisi\u00f3n de volver atr\u00e1s en la historia y de rehabilitar a las FF.AA. en la represi\u00f3n interna.\u201d<\/strong><\/em><\/p>\n<p><em><strong>Jornadas como las de hoy en tiempos de tanta turbulencia, nos recuerdan que los poderosos se encuentran al acecho del bienestar del pueblo en busca de la maximizaci\u00f3n de su ganancia. Es imperioso que, haci\u00e9ndole honor a los combates que Evita o los revolucionarios cubanos han plantado frente al capital; m\u00e1s que nunca llenemos las calles, nos unamos entre las organizaciones populares, y salgamos a disputar el terreno a este neocolonialismo extractivista, depredador y excluyente. Los compa\u00f1eros del sector agropecuario hoy luchaban por nuestro suelo nacional. Esta pelea por la soberan\u00eda alimentaria es la que los argentinos debemos salir dar, ya que \u201cS\u00f3lo el pueblo, salvar\u00e1 al pueblo\u201d.<\/strong><\/em><\/p>\n","protected":false},"excerpt":{"rendered":"<p>[FM Riachuelo, 26\/07\/2018]\u00a0\u00a0A pesar del clima hostil de lluvia y fr\u00edo, una jornada en la que pueblo argentino sali\u00f3 a la calle. A partir de las 10 de la ma\u00f1ana el sector agrario de la econom\u00eda familiar se concentr\u00f3 junto con organizaciones de la econom\u00eda popular y los trabajadores estatales. Todos expresaron el rechazo a [&hellip;]<\/p>\n","protected":false},"author":5,"featured_media":7611,"comment_status":"open","ping_status":"open","sticky":false,"template":"","format":"standard","meta":{"_monsterinsights_skip_tracking":false,"_monsterinsights_sitenote_active":false,"_monsterinsights_sitenote_note":"","_monsterinsights_sitenote_category":0,"jnews-multi-image_gallery":[],"jnews_single_post":[],"jnews_primary_category":[],"_joinchat":[],"footnotes":""},"categories":[78,76,74,75],"tags":[],"class_list":["post-7610","post","type-post","status-publish","format-standard","has-post-thumbnail","hentry","category-economia-popular","category-salud-comunitaria","category-san-cayetano","category-trabajo"],"_links":{"self":[{"href":"http:\/\/fmriachuelo.it10.com.ar\/index.php\/wp-json\/wp\/v2\/posts\/7610","targetHints":{"allow":["GET"]}}],"collection":[{"href":"http:\/\/fmriachuelo.it10.com.ar\/index.php\/wp-json\/wp\/v2\/posts"}],"about":[{"href":"http:\/\/fmriachuelo.it10.com.ar\/index.php\/wp-json\/wp\/v2\/types\/post"}],"author":[{"embeddable":true,"href":"http:\/\/fmriachuelo.it10.com.ar\/index.php\/wp-json\/wp\/v2\/users\/5"}],"replies":[{"embeddable":true,"href":"http:\/\/fmriachuelo.it10.com.ar\/index.php\/wp-json\/wp\/v2\/comments?post=7610"}],"version-history":[{"count":0,"href":"http:\/\/fmriachuelo.it10.com.ar\/index.php\/wp-json\/wp\/v2\/posts\/7610\/revisions"}],"wp:featuredmedia":[{"embeddable":true,"href":"http:\/\/fmriachuelo.it10.com.ar\/index.php\/wp-json\/wp\/v2\/media\/7611"}],"wp:attachment":[{"href":"http:\/\/fmriachuelo.it10.com.ar\/index.php\/wp-json\/wp\/v2\/media?parent=7610"}],"wp:term":[{"taxonomy":"category","embeddable":true,"href":"http:\/\/fmriachuelo.it10.com.ar\/index.php\/wp-json\/wp\/v2\/categories?post=7610"},{"taxonomy":"post_tag","embeddable":true,"href":"http:\/\/fmriachuelo.it10.com.ar\/index.php\/wp-json\/wp\/v2\/tags?post=7610"}],"curies":[{"name":"wp","href":"https:\/\/api.w.org\/{rel}","templated":true}]}}