{"id":761,"date":"2015-01-26T00:09:00","date_gmt":"2015-01-26T00:09:00","guid":{"rendered":"http:\/\/fmriachuelo.observatorioess.org.ar\/index.php\/2015\/01\/26\/entrevista-a-lito-borello-dirigente-social\/"},"modified":"2025-03-25T16:28:25","modified_gmt":"2025-03-25T19:28:25","slug":"entrevista-a-lito-borello-dirigente-social","status":"publish","type":"post","link":"http:\/\/fmriachuelo.it10.com.ar\/index.php\/2015\/01\/26\/entrevista-a-lito-borello-dirigente-social\/","title":{"rendered":"ENTREVISTA A LITO BORELLO DIRIGENTE SOCIAL"},"content":{"rendered":"<p><span style=\"font-family: Verdana, sans-serif\"><span style=\"color: red;font-size: large\"><strong>UN LUCHADOR INCANSABLE<\/strong><\/span><\/span><br \/><span style=\"font-family: Verdana, sans-serif\"><\/p>\n<h1><span style=\"font-size: large\">\u201cBuscamos los nuevos paradigmas de una sociedad que merezca ser vivida\u201d<\/span><\/h1>\n<div style=\"clear: both;text-align: center\"><a href=\"http:\/\/4.bp.blogspot.com\/-beWEKuXSQoo\/VMWFWBA64HI\/AAAAAAAACiA\/O7V0H1zPxeM\/s1600\/LITO.png\" style=\"clear: left;float: left;margin-bottom: 1em;margin-right: 1em\"><img loading=\"lazy\" decoding=\"async\" border=\"0\" src=\"http:\/\/4.bp.blogspot.com\/-beWEKuXSQoo\/VMWFWBA64HI\/AAAAAAAACiA\/O7V0H1zPxeM\/s1600\/LITO.png\" height=\"304\" width=\"320\" \/><\/a><\/div>\n<p><span style=\"font-size: small\"><strong>Coordinador nacional de la organizaci\u00f3n social y pol\u00edtica Los Pibes y secretario de Vivienda y H\u00e1bitat de la CTEP, \u00c1ngel Lito Borello revisa la lucha por la casa propia.<\/strong><\/span><\/span><br \/><span style=\"font-family: Verdana, sans-serif\">Comenz\u00f3 su militancia en los partidos de izquierda y luego se pas\u00f3 al peronismo. En la d\u00e9cada del \u201990 particip\u00f3 de la toma de las Bodegas Giol en reclamo colectivo de viviendas y contra el neoliberalismo. \u201cAquello sintetizaba el tobog\u00e1n en el que ca\u00eda la clase media\u201d, revisa en di\u00e1logo con Miradas al Sur, y recuerda a las 200 familias que terminaron viviendo en las bodegas y que fueron violentamente desalojadas el 4 de octubre de 1994. \u201cDe ah\u00ed nace la organizaci\u00f3n Los Pibes, con los que nos fuimos a La Boca y creamos un comedor infantil\u201d. Hoy Los Pibes es una organizaci\u00f3n nacional que tiene cooperativas de vivienda y espacios de ayuda mutua. Borello respalda en aquella experiencia su trabajo en la Confederaci\u00f3n de Trabajadores de la Econom\u00eda Popular (CTEP), donde es secretario de Vivienda y H\u00e1bitat. Convencido de que estas experiencias son el germen de los nuevos paradigmas que intentan construirse en el mundo contra un capitalismo que solamente ofrece guerras, injusticia, muerte, hambre y miseria, sentencia: \u201cLa econom\u00eda popular \u2013mal llamada econom\u00eda informal\u2013 ha surgido como m\u00e9todo de supervivencia pero hoy est\u00e1 dando trabajo a unos 4 y 5 millones de personas, incluyendo cartoneros, cooperativas de trabajo, textiles y cooperativas de vivienda\u201d.<br \/>\u2013\u00bfPor qu\u00e9 cree que vivienda sigue siendo una asignatura pendiente?<br \/>\u2013La vivienda \u2013y particularmente la popular\u2013 es la radiograf\u00eda m\u00e1s cruda de la de\u00adsigualdad, donde se evidencia claramente el producto de las pol\u00edticas del modelo neoliberal de la d\u00e9cada del \u201990. Requiere muchas m\u00e1s soluciones de las que se han logrado hasta ahora a nivel nacional. En otro sentido, la Ciudad de Buenos Aires, gobernada por la derecha, ha ampliado la brecha y, siendo la ciudad m\u00e1s rica de la Argentina, es la m\u00e1s desigual. <\/span><a name='more'><\/a><span style=\"font-family: Verdana, sans-serif\"><br \/>\u2013\u00bfCree que en esa exclusi\u00f3n queda afuera tambi\u00e9n la clase media? <br \/>\u2013Claramente. No s\u00f3lo por la imposibilidad de acceder al inmueble sino que la desidia e ineficiencia en los \u00f3rganos de control han provocado derrumbes que han costado vidas. El acceso a la vivienda popular no est\u00e1 circunscripto s\u00f3lo a los sectores m\u00e1s empobrecidos. El derecho a vivir en la CABA se hace inaccesible aun para quienes tienen buenos sueldos. Han convertido la vivienda en un bien de lucro, desplaz\u00e1ndola del lugar de bien de uso. Una ciudad donde Puerto Madero es un s\u00edmbolo, donde no m\u00e1s del 30% est\u00e1 efectivamente ocupado, y se form\u00f3 con parte del blanqueo de dinero no declarado convertido en lucro inmobiliario, o del narcotr\u00e1fico.<\/span><br \/><span style=\"font-family: Verdana, sans-serif\"><br \/>\u2013\u00bfQu\u00e9 reflexi\u00f3n ofrece que en su evoluci\u00f3n hist\u00f3rica, las viviendas deshabitadas en 1991 eran 31.500; en el 2001 eran 127.000 y hoy superan las 340.000?<br \/>\u2013Son los n\u00fameros inhumanos que acepta todo el mundo. Hablan de una ciudad vergonzosa y profundamente excluyente. Esto es deliberado. No se trata de una mala administraci\u00f3n. No es un error de c\u00e1lculos. Est\u00e1 basado en una ideolog\u00eda. Hay una pol\u00edtica dise\u00f1ada para expulsar a un sujeto social determinado y por eso achican a\u00f1o tras a\u00f1o los presupuestos para la vivienda social. Donde son cada vez m\u00e1s evidentes los incendios que terminan en muertes y dejan familias deben irse a 40 o 50 km de la ciudad. Nada de esto pasa sin una clara voluntad pol\u00edtica. <br \/>\u2013\u00bfQu\u00e9 plantea sobre esto la Constituci\u00f3n de la CABA?<br \/>\u2013El Gobierno de la Ciudad se ha ocupado de atentar contra el esp\u00edritu de la Constituci\u00f3n, que en el art\u00edculo 31 claramente habla del derecho al h\u00e1bitat popular, de integrar las villas al entramado urbano, de radicar a los vecinos y no de erradicarlos&#8230; La ley de autogesti\u00f3n permite la autoconstrucci\u00f3n, y a trav\u00e9s de ella es que estamos terminando un edificio de cuatro pisos con 33 departamentos de tres y cuatro ambientes. Y si esta pol\u00edtica fuera financiada e impulsada desde el gobierno, muchas m\u00e1s familias podr\u00edan ver satisfecho su derecho a la vivienda. Para esto hay que reconocer el estado de emergencia habitacional. Esos n\u00fameros que usted menciona hacen muy dif\u00edcil imaginar la paz social entre que tienen y los que no. Hace falta alg\u00fan programa impulsado por el propio gobierno que palie esta situaci\u00f3n a trav\u00e9s de un banco de inmuebles para construir o alquilar; que cree un Ministerio de Vivienda y H\u00e1bitat Popular que garantice un impulso constante de pol\u00edticas de autoconstrucci\u00f3n y de construcci\u00f3n por ayuda mutua, y que se impulsen pol\u00edticas que faciliten el acceso a la vivienda a los sectores trabajadores. Pero el Gobierno de la Ciudad ha desfinanciado deliberadamente los espacios que iban en esa l\u00ednea, reduciendo a\u00f1o tras a\u00f1o el presupuesto destinado a las pol\u00edticas de vivienda social.<br \/>\u2013Incluso en el presupuesto del 2015, quit\u00f3 12 millones de d\u00f3lares de vivienda social para asignarlos a publicidad&#8230;<br \/>\u2013As\u00ed es. Es claro el an\u00e1lisis del presupuesto como la ideolog\u00eda imperante en este gobierno que se muestra como un gerenciador de una empresa privada. No atender el problema de vivienda desde el punto de vista integral lastima fuertemente la estabilidad de una familia, su seguridad, y los lleva a un callej\u00f3n sin salida. Un escenario previsto y para el que tienen pensada y destinada a la Polic\u00eda Metropolitana, la fuerza de seguridad que construy\u00f3 el Gobierno de la Ciudad. Un instrumento de represi\u00f3n que, como en la villa Papa Francisco, apunt\u00f3 a reprimir a los sectores populares. Lejos de imaginar pol\u00edticas de soluci\u00f3n, terminan ech\u00e1ndote de la ciudad a palazos o con incendios que nunca terminan de explicarse, donde no se halla a los responsables y donde se evidencia la desidia, como en el ultimo incendio donde los bomberos llegaban y no ten\u00edan agua. O incluso como ocurri\u00f3 en el barrio La Esperanza, en Villa Soldati, donde los vecinos reclaman la provisi\u00f3n de agua, donde la Justicia fall\u00f3 a su favor y donde el gobierno s\u00f3lo atin\u00f3 a enviar un cami\u00f3n cisterna cargado con agua, que encima estaba sucia. <br \/>\u2013\u00bfC\u00f3mo se reproducen hacia adentro esas l\u00f3gicas de poder?<br \/>\u2013Hay fen\u00f3menos nuevos que rayan lo delictivo, como estos \u201cdormis\u201d que se est\u00e1n dando en muchos barrios populares. Donde delincuentes explotan a sus propios hermanos y lucran con la vivienda. Un nuevo fen\u00f3meno de los \u00faltimos a\u00f1os. El crecimiento exponencial en las villas ya no solamente responde a familias que hacen de ese lugar su lugar de vida, sino tambi\u00e9n de delincuentes que anidan en esos lugares encubiertos por su espuria relaci\u00f3n con fuerzas de seguridad, con la Justicia y con la pol\u00edtica, que terminan explotando a los sectores populares y aprovech\u00e1ndose de sus necesidades. Y todo esto se da porque lo que ha crecido fuertemente es la desigualdad. Hay que cambiar estas l\u00f3gicas depredadoras. La b\u00fasqueda debe enfocarse en generar los nuevos paradigmas de una sociedad que merezca ser vivida.<\/span><br \/><span style=\"color: blue;font-family: Verdana\">Fuente: Miradas al Sur, Producci\u00f3n Riachuelo<\/span><\/p>\n<div style=\"clear: both;text-align: center\"><a href=\"http:\/\/2.bp.blogspot.com\/-xSbGegGJ1N8\/VMWiD8A_-mI\/AAAAAAAACic\/nfUWpYUsfh4\/s1600\/COOP%2BRIACHIUELO%2BPRODUCCIONES.jpg\" style=\"clear: left;float: left;margin-bottom: 1em;margin-right: 1em\"><img loading=\"lazy\" decoding=\"async\" border=\"0\" src=\"http:\/\/2.bp.blogspot.com\/-xSbGegGJ1N8\/VMWiD8A_-mI\/AAAAAAAACic\/nfUWpYUsfh4\/s1600\/COOP%2BRIACHIUELO%2BPRODUCCIONES.jpg\" height=\"58\" width=\"200\" \/><\/a><\/div>\n","protected":false},"excerpt":{"rendered":"<p>UN LUCHADOR INCANSABLE \u201cBuscamos los nuevos paradigmas de una sociedad que merezca ser vivida\u201d Coordinador nacional de la organizaci\u00f3n social y pol\u00edtica Los Pibes y secretario de Vivienda y H\u00e1bitat de la CTEP, \u00c1ngel Lito Borello revisa la lucha por la casa propia.Comenz\u00f3 su militancia en los partidos de izquierda y luego se pas\u00f3 al [&hellip;]<\/p>\n","protected":false},"author":4,"featured_media":7006,"comment_status":"open","ping_status":"open","sticky":false,"template":"","format":"standard","meta":{"_monsterinsights_skip_tracking":false,"_monsterinsights_sitenote_active":false,"_monsterinsights_sitenote_note":"","_monsterinsights_sitenote_category":0,"jnews-multi-image_gallery":[],"jnews_single_post":{"format":"standard"},"jnews_primary_category":[],"_joinchat":[],"footnotes":""},"categories":[63],"tags":[72],"class_list":["post-761","post","type-post","status-publish","format-standard","has-post-thumbnail","hentry","category-entrevista-riachuelo","tag-historia-de-la-lucha-de-los-pueblos"],"_links":{"self":[{"href":"http:\/\/fmriachuelo.it10.com.ar\/index.php\/wp-json\/wp\/v2\/posts\/761","targetHints":{"allow":["GET"]}}],"collection":[{"href":"http:\/\/fmriachuelo.it10.com.ar\/index.php\/wp-json\/wp\/v2\/posts"}],"about":[{"href":"http:\/\/fmriachuelo.it10.com.ar\/index.php\/wp-json\/wp\/v2\/types\/post"}],"author":[{"embeddable":true,"href":"http:\/\/fmriachuelo.it10.com.ar\/index.php\/wp-json\/wp\/v2\/users\/4"}],"replies":[{"embeddable":true,"href":"http:\/\/fmriachuelo.it10.com.ar\/index.php\/wp-json\/wp\/v2\/comments?post=761"}],"version-history":[{"count":1,"href":"http:\/\/fmriachuelo.it10.com.ar\/index.php\/wp-json\/wp\/v2\/posts\/761\/revisions"}],"predecessor-version":[{"id":22462,"href":"http:\/\/fmriachuelo.it10.com.ar\/index.php\/wp-json\/wp\/v2\/posts\/761\/revisions\/22462"}],"wp:featuredmedia":[{"embeddable":true,"href":"http:\/\/fmriachuelo.it10.com.ar\/index.php\/wp-json\/wp\/v2\/media\/7006"}],"wp:attachment":[{"href":"http:\/\/fmriachuelo.it10.com.ar\/index.php\/wp-json\/wp\/v2\/media?parent=761"}],"wp:term":[{"taxonomy":"category","embeddable":true,"href":"http:\/\/fmriachuelo.it10.com.ar\/index.php\/wp-json\/wp\/v2\/categories?post=761"},{"taxonomy":"post_tag","embeddable":true,"href":"http:\/\/fmriachuelo.it10.com.ar\/index.php\/wp-json\/wp\/v2\/tags?post=761"}],"curies":[{"name":"wp","href":"https:\/\/api.w.org\/{rel}","templated":true}]}}