{"id":7606,"date":"2018-07-24T17:03:48","date_gmt":"2018-07-24T17:03:48","guid":{"rendered":"http:\/\/fmriachuelo.com.ar\/?p=7606"},"modified":"2018-07-24T17:03:48","modified_gmt":"2018-07-24T17:03:48","slug":"abrazo-simbolico-a-la-agencia-telam-y-sus-trabajadores","status":"publish","type":"post","link":"http:\/\/fmriachuelo.it10.com.ar\/index.php\/2018\/07\/24\/abrazo-simbolico-a-la-agencia-telam-y-sus-trabajadores\/","title":{"rendered":"ABRAZO SIMBOLICO A LA AGENCIA TELAM Y SUS TRABAJADORES."},"content":{"rendered":"<p><strong>[FM Riachuelo, 24\/07\/2018] Se realiz\u00f3 ayer una Conferencia de Prensa en la sede de TELAM\u00a0 Belgrano 347 CABA,\u00a0 donde todos los organismos de derechos humanos presentes, \u00a0a trav\u00e9s de la lectura de un documento conjunto,\u00a0 se solidarizaron con la Agencia TELAM, \u00a0en la cual se afect\u00f3 la continuidad de la informaci\u00f3n, \u00a0y el cierre de la p\u00e1gina de Memoria Verdad y Justicia,\u00a0 quien comunicaba al pueblo desde el\u00a0 a\u00f1o 2012 sobre la marcha de los juicios\u00a0 por Lesa Humanidad.<\/strong><\/p>\n<p>Entre los despedidos, figuran los editores de la \u00a0p\u00e1gina quienes denuncian que \u201cesto es un ataque directo a los organismos de derechos humanos y a la posibilidad de informar a la ciudadan\u00eda sobre el curso de los juicios\u201d.<\/p>\n<p>Las organizaciones de DDHH entre los que estaban presentes la Asamblea Permanente por los DDHH, el CELS, Memoria Verdad y Justicia, Madres de Plaza de Mayo L\u00ednea Fundadora, Movimiento Ecum\u00e9nico por los DDHH, Liga Argentina por los Derechos del \u00a0Hombre, \u00a0Correpi, \u00a0entre muchas otras, \u00a0hicieron la lectura del documento donde expresaron que: \u201c Desde la llegada de la democracia la Agencia T\u00e9lam ha garantizado el acceso libre, plural a la informaci\u00f3n , as\u00ed como el tratamiento responsable de los acontecimientos \u00a0nacionales e internacionales que interesan al pueblo de la Naci\u00f3n, al igual que \u00a0lo hacen todas las agencias de bandera en todo el mundo, ahora esta informaci\u00f3n est\u00e1 en riesgo por el tratamiento que el gobierno de cambiemos est\u00e1 dando , obedeciendo al poder financiero internacional, despidiendo a sus 357 trabajadores y desmantelando y vaciando secciones enteras y corresponsal\u00edas del pa\u00eds, dejando la informaci\u00f3n p\u00fablica en mano de monopolios privados\u201d.<\/p>\n<p>Entre los presentes tom\u00f3 la palabra Jos\u00e9 Schulman de la Liga por los Derechos del Hombre quien dijo: \u00a0\u00a0<em>\u201cLa campa\u00f1a de Cambiemos contra los trabajadorxs del Canal P\u00fablico, de T\u00e9lam, \u00a0\u00a0y de los Medios Alternativos es una enorme operaci\u00f3n de su hegemon\u00eda comunicacional, \u00a0para hacer pasar un conjunto de pol\u00edticas que anuncian su alineamiento incondicional con la estrategia militar de los EEUU. \u00a0Hemos dicho m\u00e1s de una vez que defendemos el derecho al trabajo, a los trabajadorxs y a nuestro derecho a la comunicaci\u00f3n, porque un pueblo que no entienda lo que pasa, \u00a0ser\u00e1 un pueblo sujeto a estas operaciones coloniales que encabezan\u00a0 Macri en Argentina, Temer en Brasil y Trump en EEUU. \u00a0\u00a0Parece mucho pero todo eso est\u00e1 dando vueltas cuando se ataca T\u00e9lam y cuando se ataca a la comunicaci\u00f3n popular\u201d.<\/em><\/p>\n<p>Entre los presentes Taty Almeida de Madres L\u00ednea Fundadora expres\u00f3: <em>\u201cEstamos aqu\u00ed no para pedir sino para exigir que reincorporen a nuestros compa\u00f1erxs despedidos de T\u00e9lam, \u00a0es incre\u00edble que desde un gobierno constitucional se violen todos los d\u00edas los derechos humanos. \u00a0El derecho al trabajo es un\u00a0 derecho humano, \u00a0es lamentable que tengamos que en vez de estar aqu\u00ed para agradecer, estemos para repudiar lo que est\u00e1 haciendo este gobierno. \u00a0\u00a0Digan fuerte:\u201d Si las Madres pudieron porque no nosotrxs, no bajen los brazos se lo decimos las locas que a pesar de los bastones seguimos de pie, fuerza \u00a0a todxs\u201d.<\/em><\/p>\n<p>Mar\u00eda del Carmen Verd\u00fa de CORREPI dijo<em>: \u201dEn este momento estoy representando al conjunto de las organizaciones de memoria verdad y justicia, que se han sumado a esta convocatoria que es en apoyo incondicional y solidaridad,\u00a0 esta realidad nos exige estar presente con los trabajadorxs de prensa, porque no es lo mismo a la ma\u00f1ana n escuchar las noticias del decreto donde se anunciaba que las FFAA estar\u00edan en la calle para reprimir las protestas sociales, sin que haya un cable de T\u00e9lam\u00a0 contando c\u00f3mo va a ser la cosa, que se suma a las miles de voces silenciadas a trav\u00e9s del vaciamiento de los medios p\u00fablicos y alternativos. Hubiese sido m\u00e1s dif\u00edcil juzgar \u00a0a los asesinos del Puente Pueyrred\u00f3n, sin las fotos de los compa\u00f1erxs de T\u00e9lam,\u00a0<\/em><em>por eso estamos presentes\u00bb <\/em><\/p>\n<p><strong><em>Como dicen nuestros compa\u00f1erxs de Sipreba: \u00abla \u00fanica grieta es entre explotados y explotadores\u201d.<\/em><\/strong><\/p>\n<p>ESCUCHA LOS TESTIMONIOS<br \/>\n<iframe loading=\"lazy\" title=\"CONFERENCIA EN TELAM DE ORGANISMOS DDHH by FMR\" width=\"500\" height=\"450\" scrolling=\"no\" frameborder=\"no\" src=\"https:\/\/w.soundcloud.com\/player\/?visual=true&#038;url=https%3A%2F%2Fapi.soundcloud.com%2Fplaylists%2F568204767&#038;show_artwork=true&#038;maxheight=750&#038;maxwidth=500\"><\/iframe><\/p>\n","protected":false},"excerpt":{"rendered":"<p>[FM Riachuelo, 24\/07\/2018] Se realiz\u00f3 ayer una Conferencia de Prensa en la sede de TELAM\u00a0 Belgrano 347 CABA,\u00a0 donde todos los organismos de derechos humanos presentes, \u00a0a trav\u00e9s de la lectura de un documento conjunto,\u00a0 se solidarizaron con la Agencia TELAM, \u00a0en la cual se afect\u00f3 la continuidad de la informaci\u00f3n, \u00a0y el cierre de [&hellip;]<\/p>\n","protected":false},"author":5,"featured_media":7607,"comment_status":"open","ping_status":"open","sticky":false,"template":"","format":"standard","meta":{"_monsterinsights_skip_tracking":false,"_monsterinsights_sitenote_active":false,"_monsterinsights_sitenote_note":"","_monsterinsights_sitenote_category":0,"jnews-multi-image_gallery":[],"jnews_single_post":[],"jnews_primary_category":[],"_joinchat":[],"footnotes":""},"categories":[79,76,77],"tags":[],"class_list":["post-7606","post","type-post","status-publish","format-standard","has-post-thumbnail","hentry","category-nadie-se-salva-solo","category-salud-comunitaria","category-soberania"],"_links":{"self":[{"href":"http:\/\/fmriachuelo.it10.com.ar\/index.php\/wp-json\/wp\/v2\/posts\/7606","targetHints":{"allow":["GET"]}}],"collection":[{"href":"http:\/\/fmriachuelo.it10.com.ar\/index.php\/wp-json\/wp\/v2\/posts"}],"about":[{"href":"http:\/\/fmriachuelo.it10.com.ar\/index.php\/wp-json\/wp\/v2\/types\/post"}],"author":[{"embeddable":true,"href":"http:\/\/fmriachuelo.it10.com.ar\/index.php\/wp-json\/wp\/v2\/users\/5"}],"replies":[{"embeddable":true,"href":"http:\/\/fmriachuelo.it10.com.ar\/index.php\/wp-json\/wp\/v2\/comments?post=7606"}],"version-history":[{"count":0,"href":"http:\/\/fmriachuelo.it10.com.ar\/index.php\/wp-json\/wp\/v2\/posts\/7606\/revisions"}],"wp:featuredmedia":[{"embeddable":true,"href":"http:\/\/fmriachuelo.it10.com.ar\/index.php\/wp-json\/wp\/v2\/media\/7607"}],"wp:attachment":[{"href":"http:\/\/fmriachuelo.it10.com.ar\/index.php\/wp-json\/wp\/v2\/media?parent=7606"}],"wp:term":[{"taxonomy":"category","embeddable":true,"href":"http:\/\/fmriachuelo.it10.com.ar\/index.php\/wp-json\/wp\/v2\/categories?post=7606"},{"taxonomy":"post_tag","embeddable":true,"href":"http:\/\/fmriachuelo.it10.com.ar\/index.php\/wp-json\/wp\/v2\/tags?post=7606"}],"curies":[{"name":"wp","href":"https:\/\/api.w.org\/{rel}","templated":true}]}}