{"id":7601,"date":"2018-07-24T14:59:36","date_gmt":"2018-07-24T14:59:36","guid":{"rendered":"http:\/\/fmriachuelo.com.ar\/?p=7601"},"modified":"2018-07-24T14:59:36","modified_gmt":"2018-07-24T14:59:36","slug":"el-decreto-de-macri-sobre-las-ff-aa-es-un-alineamiento-con-el-imperio","status":"publish","type":"post","link":"http:\/\/fmriachuelo.it10.com.ar\/index.php\/2018\/07\/24\/el-decreto-de-macri-sobre-las-ff-aa-es-un-alineamiento-con-el-imperio\/","title":{"rendered":"\u201cEL DECRETO DE MACRI SOBRE LAS  FF. AA ES UN ALINEAMIENTO CON EL IMPERIO\u201d."},"content":{"rendered":"<p><strong>[FM Riachuelo, 24\/07\/2018] En una entrevista \u00a0ayer , en el programa Rompe el Cerco informativo, \u00a0Lito \u00a0Borello \u00a0Secretario de DDHH de \u00a0la Confederaci\u00f3n \u00a0de los Trabajadores de la Econom\u00eda Popular,\u00a0 se refiri\u00f3 al decreto firmado por el poder Ejecutivo, \u00a0que modifica \u00a0la normativa vigente y le da m\u00e1s poder a las Fuerzas Armadas para tener injerencia \u00a0al interior del territorio nacional<\/strong>.<\/p>\n<p>El decreto lleva el n\u00famero 683\/2018 y establece una serie de modificaciones que apuntan a darle m\u00e1s poder al interior de las fronteras nacionales a las Fuerzas Armadas.<\/p>\n<p>En la entrevista Lito Borello expres\u00f3<em>:\u201dTanto estas medidas como las que se acordaron con el FMI, nos someten a pol\u00edticas que est\u00e1n muy lejos de respetar nuestra soberan\u00eda.\u00a0<\/em><em>Este modelo agresivo con nuestros sectores populares, crea un enemigo interno, hacen que la resistencia de nuestro pueblo en la calle sea reprimido,\u00a0 sacando as\u00ed a la calle a las Fuerzas Armadas\u201d.<\/em><\/p>\n<p>Habr\u00e1 actividades de repudio de todos los organismos de DDHH, Borello coment\u00f3 al respecto: <em>\u201cEste es un gobierno que est\u00e1 alineado \u00a0con el poder global mundial, depredador, financiero, que crea desigualdades que ponen en riesgo la paz social y la democracia, es un elemento regresivo de los DDHH que ten\u00eda a la Argentina como uno de los pa\u00edses m\u00e1s avanzados\u201d.<\/em><\/p>\n<p>Luego reflexion\u00f3 sobre qu\u00e9 acciones seguir para evitar que este decreto se lleve adelante<em>: \u201dM\u00e1s all\u00e1 de los actos del gobierno, \u00a0hay que crear las condiciones de unidad, \u00a0como dice el Papa Francisco, construir otro mundo posible \u00a0y por ello m\u00e1s all\u00e1 de las movilizaciones de repudio hay que construir una nueva alternativa para nuestro pueblo\u201d.<\/em><\/p>\n<p>Por ley se sabe que las FFAA no pueden tener injerencia en la seguridad interior del pa\u00eds, con respecto a este punto Borello nos \u00a0dijo<em>: \u201cNosotros venimos denunciando que est\u00e1 quebrado el estado de derecho, ya no somos iguales ante la ley, no es la primera vez que este gobierno cruza el l\u00edmite de la ilegalidad, no son pocas las voces que alertan sobre el quiebre de la paz social, este cruce de l\u00edmite muestra que la \u00fanica legalidad de ellos es hacer negocios para beneficiar a\u00a0 un\u00a0 pu\u00f1ado de empresarios, llamamos a levantarse, organizarse unirse y movilizarse para que no sigan avanzando sobre nuestro pueblo\u201d.<\/em><\/p>\n<p><strong>Los organismos de Derechos Humanos rechazaron el anuncio y convocaron a una marcha el jueves \u00a026 de julio en Plaza de Mayo,\u00a0 para marchar hacia el Ministerio de Defensa, a partir de las 17 hs y \u00a0reclamar por la derogaci\u00f3n de este decreto bajo la consigna:<\/strong><\/p>\n<p><strong>\u201cFUERZAS ARMADAS REPRESIVAS NUNCA M\u00c1S\u201d.<\/strong><\/p>\n<p>&nbsp;<\/p>\n<p><a href=\"https:\/\/radiocut.fm\/audiocut\/lito-borello-ctep-no-es-la-primera-vez-que-este-gobierno-cruza-el-limite-de-la-legalidad\/#f=search&amp;l=result\">ENTREVISTA COMPLETA<\/a><\/p>\n<p>&nbsp;<\/p>\n","protected":false},"excerpt":{"rendered":"<p>[FM Riachuelo, 24\/07\/2018] En una entrevista \u00a0ayer , en el programa Rompe el Cerco informativo, \u00a0Lito \u00a0Borello \u00a0Secretario de DDHH de \u00a0la Confederaci\u00f3n \u00a0de los Trabajadores de la Econom\u00eda Popular,\u00a0 se refiri\u00f3 al decreto firmado por el poder Ejecutivo, \u00a0que modifica \u00a0la normativa vigente y le da m\u00e1s poder a las Fuerzas Armadas para tener [&hellip;]<\/p>\n","protected":false},"author":5,"featured_media":7415,"comment_status":"open","ping_status":"open","sticky":false,"template":"","format":"standard","meta":{"_monsterinsights_skip_tracking":false,"_monsterinsights_sitenote_active":false,"_monsterinsights_sitenote_note":"","_monsterinsights_sitenote_category":0,"jnews-multi-image_gallery":[],"jnews_single_post":[],"jnews_primary_category":[],"_joinchat":[],"footnotes":""},"categories":[80,79,76],"tags":[],"class_list":["post-7601","post","type-post","status-publish","format-standard","has-post-thumbnail","hentry","category-educacion","category-nadie-se-salva-solo","category-salud-comunitaria"],"_links":{"self":[{"href":"http:\/\/fmriachuelo.it10.com.ar\/index.php\/wp-json\/wp\/v2\/posts\/7601","targetHints":{"allow":["GET"]}}],"collection":[{"href":"http:\/\/fmriachuelo.it10.com.ar\/index.php\/wp-json\/wp\/v2\/posts"}],"about":[{"href":"http:\/\/fmriachuelo.it10.com.ar\/index.php\/wp-json\/wp\/v2\/types\/post"}],"author":[{"embeddable":true,"href":"http:\/\/fmriachuelo.it10.com.ar\/index.php\/wp-json\/wp\/v2\/users\/5"}],"replies":[{"embeddable":true,"href":"http:\/\/fmriachuelo.it10.com.ar\/index.php\/wp-json\/wp\/v2\/comments?post=7601"}],"version-history":[{"count":0,"href":"http:\/\/fmriachuelo.it10.com.ar\/index.php\/wp-json\/wp\/v2\/posts\/7601\/revisions"}],"wp:featuredmedia":[{"embeddable":true,"href":"http:\/\/fmriachuelo.it10.com.ar\/index.php\/wp-json\/wp\/v2\/media\/7415"}],"wp:attachment":[{"href":"http:\/\/fmriachuelo.it10.com.ar\/index.php\/wp-json\/wp\/v2\/media?parent=7601"}],"wp:term":[{"taxonomy":"category","embeddable":true,"href":"http:\/\/fmriachuelo.it10.com.ar\/index.php\/wp-json\/wp\/v2\/categories?post=7601"},{"taxonomy":"post_tag","embeddable":true,"href":"http:\/\/fmriachuelo.it10.com.ar\/index.php\/wp-json\/wp\/v2\/tags?post=7601"}],"curies":[{"name":"wp","href":"https:\/\/api.w.org\/{rel}","templated":true}]}}