{"id":7590,"date":"2018-07-21T01:00:32","date_gmt":"2018-07-21T01:00:32","guid":{"rendered":"http:\/\/fmriachuelo.com.ar\/?p=7590"},"modified":"2018-07-21T01:00:32","modified_gmt":"2018-07-21T01:00:32","slug":"acuerdo-con-el-fmi-cuando-los-poderosos-saquean-nuestra-patria","status":"publish","type":"post","link":"http:\/\/fmriachuelo.it10.com.ar\/index.php\/2018\/07\/21\/acuerdo-con-el-fmi-cuando-los-poderosos-saquean-nuestra-patria\/","title":{"rendered":"ACUERDO CON EL FMI: CUANDO LOS PODEROSOS SAQUEAN NUESTRA PATRIA"},"content":{"rendered":"<p><strong>[FM Riachuelo 20\/07\/2018] El d\u00eda de hoy diversas organizaciones de la econom\u00eda popular concentraron en el Obelisco para movilizarse hacia el Banco Central, y manifestarse en contra de la firma del acuerdo con el Fondo Monetario Internacional. A lo largo del trayecto fueron sum\u00e1ndose sindicatos y partidos pol\u00edticos en distintos puntos. Al llegar a las puertas del Banco Central, que se encontraba vallado, se ley\u00f3 un documento explicando los efectos desbastadores que siempre el FMI aplica en nuestro pa\u00eds.<\/strong><br \/>\nEsta manifestaci\u00f3n del pueblo es el resultado del mal recuerdo que el FMI trae hacia nuestras mentes. Se busca mostrar al pueblo en la calle y generar as\u00ed la repercusi\u00f3n necesaria para que este documento llegue a los o\u00eddos de Christine Lagarde (Presidenta del FMI), que por estos momentos pisa nuestra tierra.<\/p>\n<p><img loading=\"lazy\" decoding=\"async\" class=\"alignnone size-full wp-image-7593\" src=\"http:\/\/fmriachuelo.com.ar\/wp-content\/uploads\/2018\/07\/IMG-20180720-WA0032.jpg\" alt=\"\" width=\"1152\" height=\"768\" srcset=\"http:\/\/fmriachuelo.it10.com.ar\/wp-content\/uploads\/2018\/07\/IMG-20180720-WA0032.jpg 1152w, http:\/\/fmriachuelo.it10.com.ar\/wp-content\/uploads\/2018\/07\/IMG-20180720-WA0032-300x200.jpg 300w, http:\/\/fmriachuelo.it10.com.ar\/wp-content\/uploads\/2018\/07\/IMG-20180720-WA0032-1024x683.jpg 1024w, http:\/\/fmriachuelo.it10.com.ar\/wp-content\/uploads\/2018\/07\/IMG-20180720-WA0032-768x512.jpg 768w, http:\/\/fmriachuelo.it10.com.ar\/wp-content\/uploads\/2018\/07\/IMG-20180720-WA0032-750x500.jpg 750w, http:\/\/fmriachuelo.it10.com.ar\/wp-content\/uploads\/2018\/07\/IMG-20180720-WA0032-1140x760.jpg 1140w\" sizes=\"auto, (max-width: 1152px) 100vw, 1152px\" \/><br \/>\nTiempos como estos remontan a la lucha que llevaban adelante las organizaciones de la econom\u00eda popular en los \u201990, contra los efectos de pol\u00edticas dictadas por entes internacionales como el anteriormente mencionado. Es necesario generar un poder popular que pueda hacer frente a estos debacles del neo-colonialismo, pero que adem\u00e1s construya los nuevos valores y las formas de una nueva sociedad donde \u201cquepamos todos\u201d.<\/p>\n","protected":false},"excerpt":{"rendered":"<p>[FM Riachuelo 20\/07\/2018] El d\u00eda de hoy diversas organizaciones de la econom\u00eda popular concentraron en el Obelisco para movilizarse hacia el Banco Central, y manifestarse en contra de la firma del acuerdo con el Fondo Monetario Internacional. A lo largo del trayecto fueron sum\u00e1ndose sindicatos y partidos pol\u00edticos en distintos puntos. Al llegar a las [&hellip;]<\/p>\n","protected":false},"author":5,"featured_media":7598,"comment_status":"open","ping_status":"open","sticky":false,"template":"","format":"standard","meta":{"_monsterinsights_skip_tracking":false,"_monsterinsights_sitenote_active":false,"_monsterinsights_sitenote_note":"","_monsterinsights_sitenote_category":0,"jnews-multi-image_gallery":[],"jnews_single_post":[],"jnews_primary_category":[],"_joinchat":[],"footnotes":""},"categories":[76,74,75],"tags":[],"class_list":["post-7590","post","type-post","status-publish","format-standard","has-post-thumbnail","hentry","category-salud-comunitaria","category-san-cayetano","category-trabajo"],"_links":{"self":[{"href":"http:\/\/fmriachuelo.it10.com.ar\/index.php\/wp-json\/wp\/v2\/posts\/7590","targetHints":{"allow":["GET"]}}],"collection":[{"href":"http:\/\/fmriachuelo.it10.com.ar\/index.php\/wp-json\/wp\/v2\/posts"}],"about":[{"href":"http:\/\/fmriachuelo.it10.com.ar\/index.php\/wp-json\/wp\/v2\/types\/post"}],"author":[{"embeddable":true,"href":"http:\/\/fmriachuelo.it10.com.ar\/index.php\/wp-json\/wp\/v2\/users\/5"}],"replies":[{"embeddable":true,"href":"http:\/\/fmriachuelo.it10.com.ar\/index.php\/wp-json\/wp\/v2\/comments?post=7590"}],"version-history":[{"count":0,"href":"http:\/\/fmriachuelo.it10.com.ar\/index.php\/wp-json\/wp\/v2\/posts\/7590\/revisions"}],"wp:featuredmedia":[{"embeddable":true,"href":"http:\/\/fmriachuelo.it10.com.ar\/index.php\/wp-json\/wp\/v2\/media\/7598"}],"wp:attachment":[{"href":"http:\/\/fmriachuelo.it10.com.ar\/index.php\/wp-json\/wp\/v2\/media?parent=7590"}],"wp:term":[{"taxonomy":"category","embeddable":true,"href":"http:\/\/fmriachuelo.it10.com.ar\/index.php\/wp-json\/wp\/v2\/categories?post=7590"},{"taxonomy":"post_tag","embeddable":true,"href":"http:\/\/fmriachuelo.it10.com.ar\/index.php\/wp-json\/wp\/v2\/tags?post=7590"}],"curies":[{"name":"wp","href":"https:\/\/api.w.org\/{rel}","templated":true}]}}