{"id":759,"date":"2015-01-27T02:41:00","date_gmt":"2015-01-27T02:41:00","guid":{"rendered":"http:\/\/fmriachuelo.observatorioess.org.ar\/index.php\/2015\/01\/27\/grecia-asume-el-nuevo-primer-ministro-que-representa-a-la-izquierda\/"},"modified":"2025-03-25T16:31:34","modified_gmt":"2025-03-25T19:31:34","slug":"grecia-asume-el-nuevo-primer-ministro-que-representa-a-la-izquierda","status":"publish","type":"post","link":"http:\/\/fmriachuelo.it10.com.ar\/index.php\/2015\/01\/27\/grecia-asume-el-nuevo-primer-ministro-que-representa-a-la-izquierda\/","title":{"rendered":"GRECIA: ASUME EL NUEVO PRIMER MINISTRO QUE REPRESENTA A LA IZQUIERDA"},"content":{"rendered":"<p><span style=\"color: red;font-family: Verdana, sans-serif\"><strong>&nbsp;<span style=\"font-size: large\">EN EUROPA SOPLAN VIENTOS DE CAMBIO<\/span><\/strong><\/span><br \/>&nbsp;<span style=\"font-family: Verdana, sans-serif\"><strong>Jura Tsipras como primer ministro de Grecia<\/strong><\/span><\/p>\n<div style=\"clear: both;text-align: center\"><a href=\"http:\/\/1.bp.blogspot.com\/-4zQiIRxKuZE\/VMb5mZkcAXI\/AAAAAAAACjE\/W2_wVUbum1Q\/s1600\/TSIPRAS.jpg\" style=\"clear: left;float: left;margin-bottom: 1em;margin-right: 1em\"><img loading=\"lazy\" decoding=\"async\" border=\"0\" src=\"http:\/\/1.bp.blogspot.com\/-4zQiIRxKuZE\/VMb5mZkcAXI\/AAAAAAAACjE\/W2_wVUbum1Q\/s1600\/TSIPRAS.jpg\" height=\"212\" width=\"320\" \/><\/a><\/div>\n<p><span style=\"font-family: Verdana, sans-serif\">Tras la <\/span><span style=\"font-family: Verdana, sans-serif\">victoria electoral<\/span><span style=\"font-family: Verdana, sans-serif\"> del partido de izquierda Syriza en las elecciones legislativas de Grecia, su l\u00edder Alexis Tsipras, jur\u00f3 hoy ante el Presidente de la Rep\u00fablica, Karolos Papulias, como nuevo primer ministro. Es la primera vez que se hace el juramento en ceremonia civil. <\/p>\n<p>Los acontecimientos pol\u00edticos en Grecia se sucedieron a lo largo de la jornada con una rapidez vertiginosa, a primera hora de la ma\u00f1ana Tsipras se reuni\u00f3 con el l\u00edder del partido derechista Griegos Independientes (ANEL) y poco tiempo despu\u00e9s se anunciaba su colaboraci\u00f3n en el nuevo gobierno.<\/p>\n<p>Syriza gan\u00f3 ayer las elecciones con el 36,4 por ciento de los votos y 148 esca\u00f1os, a dos de la mayor\u00eda absoluta, lo que le obligaba a establecer acuerdos con alg\u00fan otro partido.<\/span><br \/><span style=\"font-family: Verdana, sans-serif\"><\/span><br \/><a name='more'><\/a><span style=\"font-family: Verdana, sans-serif\"><br \/>Tras la breve reuni\u00f3n con ANEL, medios locales de prensa llegaron incluso a avanzar la composici\u00f3n del que ser\u00e1 el pr\u00f3ximo Ejecutivo, en el que previsiblemente el partido derechista ocupar\u00eda dos cargos ministeriales.<\/p>\n<p>Pocas horas despu\u00e9s, Tsipras lleg\u00f3 a la mansi\u00f3n presidencial donde le esperaba Papulias para entregarle el mandato de formar un nuevo gobierno.<\/p>\n<p>Tras un breve di\u00e1logo, el l\u00edder de Syriza inform\u00f3 al jefe del Estado sobre la marcha de los acontecimientos, tras lo cual se llev\u00f3 a cabo el acto oficial de juramento como primer ministro.<\/p>\n<p>A diferencia de lo que hab\u00eda sido norma habitual hasta ahora en Grecia, la ceremonia tuvo un car\u00e1cter marcadamente civil al no contar ni con la alta jerarqu\u00eda de la iglesia ortodoxa, ni realizarse el juramento ante la biblia.<\/p>\n<p>Los gestos simb\u00f3licos del nuevo primer ministro no finalizaron ah\u00ed, pues su siguiente acto oficial fue el de realizar una ofrenda floral a los ejecutados en el distrito de Kessariani durante la ocupaci\u00f3n nazi en la Segunda Guerra Mundial.<\/p>\n<p>Tsipras mostr\u00f3 su disposici\u00f3n a que el nuevo gobierno sea ratificado por el Presidente de la Rep\u00fablica ma\u00f1ana, y los ministros procedan al juramento de sus cargos.<\/p>\n<p>Al margen de ello, la fecha fijada para la constituci\u00f3n del nuevo Parlamento tendr\u00e1 lugar el pr\u00f3ximo 5 de febrero, d\u00eda en el que podr\u00eda iniciarse el debate sobre la moci\u00f3n de confianza al nuevo gobierno, y dos d\u00edas despu\u00e9s deber\u00e1 tener lugar la votaci\u00f3n para designar al nuevo Presidente de la Rep\u00fablica.<\/span><br \/><span style=\"color: blue;font-family: Verdana\">Fuente: Cubadebate, Producci\u00f3n Riachuelo<\/span><\/p>\n<div style=\"clear: both;text-align: center\"><a href=\"http:\/\/1.bp.blogspot.com\/-At0OvbDx1zY\/VMb6rpL43zI\/AAAAAAAACjQ\/akOba2QnYBg\/s1600\/COOP%2BRIACHIUELO%2BPRODUCCIONES.jpg\" style=\"clear: left;float: left;margin-bottom: 1em;margin-right: 1em\"><img loading=\"lazy\" decoding=\"async\" border=\"0\" src=\"http:\/\/1.bp.blogspot.com\/-At0OvbDx1zY\/VMb6rpL43zI\/AAAAAAAACjQ\/akOba2QnYBg\/s1600\/COOP%2BRIACHIUELO%2BPRODUCCIONES.jpg\" height=\"58\" width=\"200\" \/><\/a><\/div>\n","protected":false},"excerpt":{"rendered":"<p>&nbsp;EN EUROPA SOPLAN VIENTOS DE CAMBIO&nbsp;Jura Tsipras como primer ministro de Grecia Tras la victoria electoral del partido de izquierda Syriza en las elecciones legislativas de Grecia, su l\u00edder Alexis Tsipras, jur\u00f3 hoy ante el Presidente de la Rep\u00fablica, Karolos Papulias, como nuevo primer ministro. Es la primera vez que se hace el juramento en [&hellip;]<\/p>\n","protected":false},"author":4,"featured_media":0,"comment_status":"open","ping_status":"open","sticky":false,"template":"","format":"standard","meta":{"_monsterinsights_skip_tracking":false,"_monsterinsights_sitenote_active":false,"_monsterinsights_sitenote_note":"","_monsterinsights_sitenote_category":0,"jnews-multi-image_gallery":[],"jnews_single_post":{"format":"standard"},"jnews_primary_category":[],"_joinchat":[],"footnotes":""},"categories":[58],"tags":[167],"class_list":["post-759","post","type-post","status-publish","format-standard","hentry","category-noticiariachuelo","tag-politica-internacional"],"_links":{"self":[{"href":"http:\/\/fmriachuelo.it10.com.ar\/index.php\/wp-json\/wp\/v2\/posts\/759","targetHints":{"allow":["GET"]}}],"collection":[{"href":"http:\/\/fmriachuelo.it10.com.ar\/index.php\/wp-json\/wp\/v2\/posts"}],"about":[{"href":"http:\/\/fmriachuelo.it10.com.ar\/index.php\/wp-json\/wp\/v2\/types\/post"}],"author":[{"embeddable":true,"href":"http:\/\/fmriachuelo.it10.com.ar\/index.php\/wp-json\/wp\/v2\/users\/4"}],"replies":[{"embeddable":true,"href":"http:\/\/fmriachuelo.it10.com.ar\/index.php\/wp-json\/wp\/v2\/comments?post=759"}],"version-history":[{"count":1,"href":"http:\/\/fmriachuelo.it10.com.ar\/index.php\/wp-json\/wp\/v2\/posts\/759\/revisions"}],"predecessor-version":[{"id":22486,"href":"http:\/\/fmriachuelo.it10.com.ar\/index.php\/wp-json\/wp\/v2\/posts\/759\/revisions\/22486"}],"wp:attachment":[{"href":"http:\/\/fmriachuelo.it10.com.ar\/index.php\/wp-json\/wp\/v2\/media?parent=759"}],"wp:term":[{"taxonomy":"category","embeddable":true,"href":"http:\/\/fmriachuelo.it10.com.ar\/index.php\/wp-json\/wp\/v2\/categories?post=759"},{"taxonomy":"post_tag","embeddable":true,"href":"http:\/\/fmriachuelo.it10.com.ar\/index.php\/wp-json\/wp\/v2\/tags?post=759"}],"curies":[{"name":"wp","href":"https:\/\/api.w.org\/{rel}","templated":true}]}}