{"id":7575,"date":"2018-07-20T23:21:05","date_gmt":"2018-07-20T23:21:05","guid":{"rendered":"http:\/\/fmriachuelo.com.ar\/?p=7575"},"modified":"2018-07-20T23:21:05","modified_gmt":"2018-07-20T23:21:05","slug":"cachorro-godoy-vamos-hacia-un-proceso-de-reagrupamiento-del-movimiento-de-los-trabajadores","status":"publish","type":"post","link":"http:\/\/fmriachuelo.it10.com.ar\/index.php\/2018\/07\/20\/cachorro-godoy-vamos-hacia-un-proceso-de-reagrupamiento-del-movimiento-de-los-trabajadores\/","title":{"rendered":"CACHORRO GODOY: \u201cVAMOS HACIA UN PROCESO DE REAGRUPAMIENTO DEL MOVIMIENTO DE LOS TRABAJADORES\u201d"},"content":{"rendered":"<p><strong>[FM Riachuelo 20\/07\/2018]<\/strong><strong> Esta tarde Hugo \u201cCachorro\u201d Godoy, Secretario General de Ate, visit\u00f3 la Organizaci\u00f3n Social y Pol\u00edtica Los Pibes y los estudios de la FM Riachuelo para conocer su trabajo territorial y la organizaci\u00f3n popular. En este marco, aprovechamos para conversar con Cachorro sobre las dificultades y desaf\u00edos del momento pol\u00edtico actual, en el medio de un nuevo desembarco del Fondo Monetario Internacional y de un gobierno que insiste en profundizar el ajuste contra los trabajadores.<\/strong><\/p>\n<p><strong>_ \u00bfC\u00f3mo est\u00e1s viendo este momento pol\u00edtico de la Argentina y cu\u00e1les son los desaf\u00edos del campo popular para sortear este complejo momento?<\/strong><\/p>\n<p>_ Es muy duro, muy dif\u00edcil. Porque el Poder tiene cada vez menos legitimidad. Cada d\u00eda que pasa son m\u00e1s los sectores de la sociedad \u00a0que rechazan las pol\u00edticas que expresa el Presidente Macri. Pero que tiene expresi\u00f3n en diversos planos, no solamente en lo econ\u00f3mico, social,\u00a0 donde la riqueza se est\u00e1 concentrando, extranjerizando, la discriminaci\u00f3n y la expulsi\u00f3n social sobre vastos sectores de nuestra sociedad crece todos los d\u00edas. Sino tambi\u00e9n que va expres\u00e1ndose la necesidad de encontrar respuestas a esto. No solamente para oponernos, sino tambi\u00e9n para encontrar salidas y alternativas.<\/p>\n<p>Mi visita hoy a este lugar es producto de una invitaci\u00f3n, que desde ATE, desde la CTA aut\u00f3noma \u00a0y personalmente lo recibimos con mucha satisfacci\u00f3n. Poder encontrarnos para compartir un an\u00e1lisis, para pensar una mejor manera de avanzar en estrategias de unidad \u00a0en el campo popular. Esto demuestra que adem\u00e1s de poder encontrarnos en la calle para salir a pelear y enfrentar\u00a0 a este modelo, como lo vamos a hacer ma\u00f1ana con diversas organizaciones para rechazar la presencia de la presidente del FMI y su acuerdo con el presidente de la Naci\u00f3n, acuerdo que va a significar un infierno social.<\/p>\n<p>Pero el tema no es solamente encontrarnos en las calles, movilizando y rechazando lo que no queremos. El desafi\u00f3 es como pensar juntos lo que queremos y construir la fuerza necesaria para hacerlo viable a eso que pretendemos, que es una patria para todos,\u00a0 que es una Argentina con mayor equidad y con soberan\u00eda popular y con libertades para nuestro pueblo.<\/p>\n<p><strong>_ \u00bfQu\u00e9 reflexi\u00f3n ten\u00e9s sobre el Movimiento de los Trabajadores como uno de los caminos posibles para esa unidad y estrategia en conjunto?<\/strong><\/p>\n<p>_\u00a0 \u00a0A m\u00ed no me gusta hablar sobre Movimiento Obrero, sino de un Movimiento de los Trabajadores: no es un concepto nuevo, es parte de un debate que viene de mucho tiempo en el seno de los trabajadores organizados. Pero que se hizo mucho m\u00e1s evidente a partir de los a\u00f1os noventa y es lo que le dio fundamental sentido a la creaci\u00f3n de la Central de Trabajadores de la Argentina. Porque hay ocho millones de trabajadores precarizados, sin contar al mill\u00f3n y medio \u00a0de trabajadores desocupados, trabajo esclavo, precario, por cooperativa, trabajos inventados para poder generar una renta.\u00a0 Y el nivel de explotaci\u00f3n alt\u00edsimo, porque aunque no all\u00e1 un patr\u00f3n visible, es evidente que son el tributo estos 8 millones de trabajadores precarizados y el mill\u00f3n y medio de trabajadores desocupados, que la riqueza se este concentrando en nuestro pa\u00eds y la inequidad sea aun mayor.<\/p>\n<p><img loading=\"lazy\" decoding=\"async\" class=\"alignnone size-full wp-image-7577\" src=\"http:\/\/fmriachuelo.com.ar\/wp-content\/uploads\/2018\/07\/WhatsApp-Image-2018-07-20-at-5.46.28-PM.jpeg\" alt=\"\" width=\"1280\" height=\"854\" srcset=\"http:\/\/fmriachuelo.it10.com.ar\/wp-content\/uploads\/2018\/07\/WhatsApp-Image-2018-07-20-at-5.46.28-PM.jpeg 1280w, http:\/\/fmriachuelo.it10.com.ar\/wp-content\/uploads\/2018\/07\/WhatsApp-Image-2018-07-20-at-5.46.28-PM-300x200.jpeg 300w, http:\/\/fmriachuelo.it10.com.ar\/wp-content\/uploads\/2018\/07\/WhatsApp-Image-2018-07-20-at-5.46.28-PM-1024x683.jpeg 1024w, http:\/\/fmriachuelo.it10.com.ar\/wp-content\/uploads\/2018\/07\/WhatsApp-Image-2018-07-20-at-5.46.28-PM-768x512.jpeg 768w, http:\/\/fmriachuelo.it10.com.ar\/wp-content\/uploads\/2018\/07\/WhatsApp-Image-2018-07-20-at-5.46.28-PM-750x500.jpeg 750w, http:\/\/fmriachuelo.it10.com.ar\/wp-content\/uploads\/2018\/07\/WhatsApp-Image-2018-07-20-at-5.46.28-PM-1140x761.jpeg 1140w\" sizes=\"auto, (max-width: 1280px) 100vw, 1280px\" \/><\/p>\n<p>Frente a esa situaci\u00f3n, cuando en los a\u00f1os noventa planteamos la CTA aut\u00f3noma pensamos en este movimiento de los trabajadores. Hoy puedo ver con alegr\u00eda que lo que propuso, \u00a0aunque no est\u00e9 dentro de la CTA, es parte de una realidad\u00a0 de un enorme poder y \u00a0una potencialidad. Las organizaciones sociales que se nuclearon en el Triunvirato de San Cayetano, la CTEP, Barios De Pie, la Corriente Clasista y Combativa, no son las, \u00a0son las m\u00e1s importantes, las m\u00e1s significativas de esas organizaciones \u00a0que se constituyen en los barrios, alrededor de la econom\u00eda popular, del cooperativismo. Por eso siempre que puedo estoy, porque yo creo que vamos hacia un proceso de reagrupamiento \u00a0del Movimiento de los Trabajadores. Y ese agrupamiento no es de siglas, (\u2026) vamos hacia una nueva confluencia que va a tener nuevas formas organizativas y hasta nuevas identidades, depender\u00e1 de c\u00f3mo la construyamos.<\/p>\n<p><strong>_ \u00bfEn el marco de esta visita podes compartir una reflexi\u00f3n sobre la tarea que llevan adelante los medios comunitarios, sabemos que desde ATE est\u00e1n involucrados en esa tarea?<\/strong><\/p>\n<p>_ Yo creo que la construcci\u00f3n de medios propios de comunicaci\u00f3n desde las distintas organizaciones del campo popular es fundamental. Porque la batalla de ideas, de pensamientos se da en la propia consciencia de cada hombre de cada mujer. Y esto va m\u00e1s all\u00e1 del saber te\u00f3rico, es algo que tiene que ver con generar \u00a0espacios de \u00a0debate, de intercambio y los medios de comunicaci\u00f3n lo que posibilitan es eso. Hay una artiller\u00eda permanente de los medios de comunicaci\u00f3n del poder que tratan de \u00a0modelar un \u00a0sentido com\u00fan, que tratan de modelar de los hechos que pasan en la realidad.<\/p>\n<p>Lo que necesitamos son \u00a0medios de comunicaci\u00f3n que nos permitan reflexionar \u00a0sobre los distintos hechos y fen\u00f3menos sociales, pol\u00edticos y culturales \u00a0que se dan en nuestras sociedades. En particular desde la CTA Aut\u00f3noma y desde nuestro gremio \u00a0ATE le damos mucha importancia a \u00a0esto. Hay que integrar los medios de comunicaci\u00f3n en red para que nos ayudemos mutuamente.<\/p>\n<p><span style=\"color: #ff0000\"><a href=\"https:\/\/soundcloud.com\/prensa-fm-riachuelo\/entrevista-hugo-cachorro-godoy\"><strong><span style=\"color: #ff0000\">ENTREVISTA<\/span> <span style=\"color: #ff0000\">COMPLETA<\/span><\/strong><\/a><\/span><\/p>\n<p><img loading=\"lazy\" decoding=\"async\" class=\"alignnone size-full wp-image-7585\" src=\"http:\/\/fmriachuelo.com.ar\/wp-content\/uploads\/2018\/07\/WhatsApp-Image-2018-07-20-at-5.46.20-PM.jpeg\" alt=\"\" width=\"1280\" height=\"854\" srcset=\"http:\/\/fmriachuelo.it10.com.ar\/wp-content\/uploads\/2018\/07\/WhatsApp-Image-2018-07-20-at-5.46.20-PM.jpeg 1280w, http:\/\/fmriachuelo.it10.com.ar\/wp-content\/uploads\/2018\/07\/WhatsApp-Image-2018-07-20-at-5.46.20-PM-300x200.jpeg 300w, http:\/\/fmriachuelo.it10.com.ar\/wp-content\/uploads\/2018\/07\/WhatsApp-Image-2018-07-20-at-5.46.20-PM-1024x683.jpeg 1024w, http:\/\/fmriachuelo.it10.com.ar\/wp-content\/uploads\/2018\/07\/WhatsApp-Image-2018-07-20-at-5.46.20-PM-768x512.jpeg 768w, http:\/\/fmriachuelo.it10.com.ar\/wp-content\/uploads\/2018\/07\/WhatsApp-Image-2018-07-20-at-5.46.20-PM-750x500.jpeg 750w, http:\/\/fmriachuelo.it10.com.ar\/wp-content\/uploads\/2018\/07\/WhatsApp-Image-2018-07-20-at-5.46.20-PM-1140x761.jpeg 1140w\" sizes=\"auto, (max-width: 1280px) 100vw, 1280px\" \/><\/p>\n","protected":false},"excerpt":{"rendered":"<p>[FM Riachuelo 20\/07\/2018] Esta tarde Hugo \u201cCachorro\u201d Godoy, Secretario General de Ate, visit\u00f3 la Organizaci\u00f3n Social y Pol\u00edtica Los Pibes y los estudios de la FM Riachuelo para conocer su trabajo territorial y la organizaci\u00f3n popular. En este marco, aprovechamos para conversar con Cachorro sobre las dificultades y desaf\u00edos del momento pol\u00edtico actual, en el [&hellip;]<\/p>\n","protected":false},"author":5,"featured_media":7589,"comment_status":"open","ping_status":"open","sticky":false,"template":"","format":"standard","meta":{"_monsterinsights_skip_tracking":false,"_monsterinsights_sitenote_active":false,"_monsterinsights_sitenote_note":"","_monsterinsights_sitenote_category":0,"jnews-multi-image_gallery":[],"jnews_single_post":[],"jnews_primary_category":[],"_joinchat":[],"footnotes":""},"categories":[78,76,77,75],"tags":[],"class_list":["post-7575","post","type-post","status-publish","format-standard","has-post-thumbnail","hentry","category-economia-popular","category-salud-comunitaria","category-soberania","category-trabajo"],"_links":{"self":[{"href":"http:\/\/fmriachuelo.it10.com.ar\/index.php\/wp-json\/wp\/v2\/posts\/7575","targetHints":{"allow":["GET"]}}],"collection":[{"href":"http:\/\/fmriachuelo.it10.com.ar\/index.php\/wp-json\/wp\/v2\/posts"}],"about":[{"href":"http:\/\/fmriachuelo.it10.com.ar\/index.php\/wp-json\/wp\/v2\/types\/post"}],"author":[{"embeddable":true,"href":"http:\/\/fmriachuelo.it10.com.ar\/index.php\/wp-json\/wp\/v2\/users\/5"}],"replies":[{"embeddable":true,"href":"http:\/\/fmriachuelo.it10.com.ar\/index.php\/wp-json\/wp\/v2\/comments?post=7575"}],"version-history":[{"count":0,"href":"http:\/\/fmriachuelo.it10.com.ar\/index.php\/wp-json\/wp\/v2\/posts\/7575\/revisions"}],"wp:featuredmedia":[{"embeddable":true,"href":"http:\/\/fmriachuelo.it10.com.ar\/index.php\/wp-json\/wp\/v2\/media\/7589"}],"wp:attachment":[{"href":"http:\/\/fmriachuelo.it10.com.ar\/index.php\/wp-json\/wp\/v2\/media?parent=7575"}],"wp:term":[{"taxonomy":"category","embeddable":true,"href":"http:\/\/fmriachuelo.it10.com.ar\/index.php\/wp-json\/wp\/v2\/categories?post=7575"},{"taxonomy":"post_tag","embeddable":true,"href":"http:\/\/fmriachuelo.it10.com.ar\/index.php\/wp-json\/wp\/v2\/tags?post=7575"}],"curies":[{"name":"wp","href":"https:\/\/api.w.org\/{rel}","templated":true}]}}