{"id":757,"date":"2015-01-27T17:17:00","date_gmt":"2015-01-27T17:17:00","guid":{"rendered":"http:\/\/fmriachuelo.observatorioess.org.ar\/index.php\/2015\/01\/27\/reunion-preparatoria-de-cancilleres-de-la-celac\/"},"modified":"2025-03-25T16:36:31","modified_gmt":"2025-03-25T19:36:31","slug":"reunion-preparatoria-de-cancilleres-de-la-celac","status":"publish","type":"post","link":"http:\/\/fmriachuelo.it10.com.ar\/index.php\/2015\/01\/27\/reunion-preparatoria-de-cancilleres-de-la-celac\/","title":{"rendered":"REUNION PREPARATORIA DE CANCILLERES DE LA CELAC"},"content":{"rendered":"<p><span style=\"color: red;font-family: Verdana, sans-serif;font-size: large\"><strong>LA PREVIA<\/strong><\/span><br \/><span style=\"font-family: Verdana, sans-serif\"><strong>EN COSTA RICA&nbsp; DEBATEN AGENDA PARA LA CUMBRE DE MANDATARIOS<\/strong><\/span><\/p>\n<div style=\"clear: both;text-align: center\"><a href=\"http:\/\/1.bp.blogspot.com\/-Kq_hMvCcbC8\/VMfHTltP1yI\/AAAAAAAACj0\/JyDQLSI24YQ\/s1600\/celac_jpg_1718483346.jpg\" style=\"clear: left;float: left;margin-bottom: 1em;margin-right: 1em\"><img loading=\"lazy\" decoding=\"async\" border=\"0\" src=\"http:\/\/1.bp.blogspot.com\/-Kq_hMvCcbC8\/VMfHTltP1yI\/AAAAAAAACj0\/JyDQLSI24YQ\/s1600\/celac_jpg_1718483346.jpg\" height=\"181\" width=\"320\" \/><\/a><\/div>\n<div>&nbsp;<\/div>\n<p><span style=\"font-family: Verdana, sans-serif\"><strong>En total 33 ministros de asuntos internacionales abordar\u00e1n diversos temas de inter\u00e9s regional para establecer el plan de acci\u00f3n del organismo.<\/strong><\/p>\n<p>Los cancilleres de la Comunidad de Estados Latinoamericanos y del Caribe (Celac) se re\u00fanen este martes en la ciudad de San Jos\u00e9, capital de Costa Rica; para <\/span><span style=\"font-family: Verdana, sans-serif\">coordinar la agenda<\/span><span style=\"font-family: Verdana, sans-serif\"> que ser\u00e1 abordada durante la Cumbre de Jefes de Estado.<\/span><a name='more'><\/a><span style=\"font-family: Verdana, sans-serif\"><br \/>De acuerdo con lo se\u00f1alado por el portal web Prensa Latina los 33 jefes diplom\u00e1ticos de las naciones que componen el organismo debatir\u00e1n los 23 proyectos de declaraci\u00f3n y el plan de acci\u00f3n que ser\u00e1 suscrito por los mandatarios.<\/p>\n<p>Informaciones suministradas por los organizadores del evento detallan que algunos de los temas ser\u00e1n la lucha contra la pobreza, corrupci\u00f3n; el desarrollo sostenible, compromisos de financiamiento para el desarrollo y las acciones en beneficio de los excluidos.<br \/>Estos documentos ratificar\u00e1n la postura de la Celac respecto a temas como el cambio clim\u00e1tico y sus propuestas para combatirlo; adem\u00e1s de un balance sobre las relaciones con bloques con como China, India, Rusia y la Uni\u00f3n Europea, por mencionar algunos.<\/p>\n<p>Adem\u00e1s los cancilleres debatir\u00e1n un proyecto de resoluci\u00f3n en rechazo al bloque impuesto por Estados Unidos a Cuba hace m\u00e1s de 50 a\u00f1os; que ser\u00e1 aprobado por los jefes de Estado duranta la cumbre presidencial de este jueves 29 de enero.<\/p>\n<p><span style=\"color: blue\">Fuente: Telesur, Producci\u00f3n Riachuelo<\/span><\/span><\/p>\n<div style=\"clear: both;text-align: center\"><a href=\"http:\/\/2.bp.blogspot.com\/-wPdEgTsGodU\/VMfGUl7_sqI\/AAAAAAAACjs\/-cBa5OzsHsE\/s1600\/COOP%2BRIACHIUELO%2BPRODUCCIONES.jpg\" style=\"clear: left;float: left;margin-bottom: 1em;margin-right: 1em\"><img loading=\"lazy\" decoding=\"async\" border=\"0\" src=\"http:\/\/2.bp.blogspot.com\/-wPdEgTsGodU\/VMfGUl7_sqI\/AAAAAAAACjs\/-cBa5OzsHsE\/s1600\/COOP%2BRIACHIUELO%2BPRODUCCIONES.jpg\" height=\"58\" width=\"200\" \/><\/a><\/div>\n","protected":false},"excerpt":{"rendered":"<p>LA PREVIAEN COSTA RICA&nbsp; DEBATEN AGENDA PARA LA CUMBRE DE MANDATARIOS &nbsp; En total 33 ministros de asuntos internacionales abordar\u00e1n diversos temas de inter\u00e9s regional para establecer el plan de acci\u00f3n del organismo. Los cancilleres de la Comunidad de Estados Latinoamericanos y del Caribe (Celac) se re\u00fanen este martes en la ciudad de San Jos\u00e9, [&hellip;]<\/p>\n","protected":false},"author":4,"featured_media":0,"comment_status":"open","ping_status":"open","sticky":false,"template":"","format":"standard","meta":{"_monsterinsights_skip_tracking":false,"_monsterinsights_sitenote_active":false,"_monsterinsights_sitenote_note":"","_monsterinsights_sitenote_category":0,"jnews-multi-image_gallery":[],"jnews_single_post":{"format":"standard"},"jnews_primary_category":[],"_joinchat":[],"footnotes":""},"categories":[58],"tags":[70],"class_list":["post-757","post","type-post","status-publish","format-standard","hentry","category-noticiariachuelo","tag-de-la-patria-grande"],"_links":{"self":[{"href":"http:\/\/fmriachuelo.it10.com.ar\/index.php\/wp-json\/wp\/v2\/posts\/757","targetHints":{"allow":["GET"]}}],"collection":[{"href":"http:\/\/fmriachuelo.it10.com.ar\/index.php\/wp-json\/wp\/v2\/posts"}],"about":[{"href":"http:\/\/fmriachuelo.it10.com.ar\/index.php\/wp-json\/wp\/v2\/types\/post"}],"author":[{"embeddable":true,"href":"http:\/\/fmriachuelo.it10.com.ar\/index.php\/wp-json\/wp\/v2\/users\/4"}],"replies":[{"embeddable":true,"href":"http:\/\/fmriachuelo.it10.com.ar\/index.php\/wp-json\/wp\/v2\/comments?post=757"}],"version-history":[{"count":1,"href":"http:\/\/fmriachuelo.it10.com.ar\/index.php\/wp-json\/wp\/v2\/posts\/757\/revisions"}],"predecessor-version":[{"id":22489,"href":"http:\/\/fmriachuelo.it10.com.ar\/index.php\/wp-json\/wp\/v2\/posts\/757\/revisions\/22489"}],"wp:attachment":[{"href":"http:\/\/fmriachuelo.it10.com.ar\/index.php\/wp-json\/wp\/v2\/media?parent=757"}],"wp:term":[{"taxonomy":"category","embeddable":true,"href":"http:\/\/fmriachuelo.it10.com.ar\/index.php\/wp-json\/wp\/v2\/categories?post=757"},{"taxonomy":"post_tag","embeddable":true,"href":"http:\/\/fmriachuelo.it10.com.ar\/index.php\/wp-json\/wp\/v2\/tags?post=757"}],"curies":[{"name":"wp","href":"https:\/\/api.w.org\/{rel}","templated":true}]}}