{"id":7556,"date":"2018-07-18T20:25:46","date_gmt":"2018-07-18T20:25:46","guid":{"rendered":"http:\/\/fmriachuelo.com.ar\/?p=7556"},"modified":"2018-07-18T20:25:46","modified_gmt":"2018-07-18T20:25:46","slug":"el-verdadero-campo-reclama-en-la-rural","status":"publish","type":"post","link":"http:\/\/fmriachuelo.it10.com.ar\/index.php\/2018\/07\/18\/el-verdadero-campo-reclama-en-la-rural\/","title":{"rendered":"EL VERDADERO CAMPO RECLAMA EN LA RURAL"},"content":{"rendered":"<p><b>[FM Riachuelo 18\/07\/2018] Los peque\u00f1os productores realizaron un verdurazo en la puerta de la \u00a0Rural, para exigirle al Gobierno Nacional la restituci\u00f3n del Monotributo Social Agropecuario, que les permite acceder a la salud, al aporte jubilatorio\u00a0y formalizar su trabajo; que se\u00a0 avance\u00a0 con la Ley de Acceso \u00a0a la Tierra destinadas a la producci\u00f3n. Tambi\u00e9n\u00a0 exigen mayor presupuesto para poder igualar las\u00a0 pol\u00edticas agropecuarias destinadas al sector.<\/b><\/p>\n<p>El reclamo tuvo como consigna \u201cSOMOS EL OTRO CAMPO QUE LA EST\u00c1 PASANDO MAL\u201d, para visibilizar que son los peque\u00f1os productores quienes trabajan \u00a0todos los d\u00edas para alimentar al pueblo argentino y que por otra parte, son los que generan trabajo. Se acercaron vecinos de diferentes barrios de Capital Federal para pedir su bolsa de verdura manifestando la dif\u00edcil \u00a0situaci\u00f3n econ\u00f3mica que atraviesa la clase trabajadora de todos los sectores.<\/p>\n<p><strong><em>\u201cEl gobierno le saca las retenciones a los grandes empresarios que son los que producen el campo para muy pocos, por eso nosotros estamos ac\u00e1 afuera del Palacio \u00a0en donde Macri estar\u00e1 hablando a la Sociedad Rural, (\u2026) hay que mostrarle que hay otro campo, que es el campo \u00a0profundo y que est\u00e1 cuidando la Patria, porque la producci\u00f3n que nosotros hacemos es sin agrotoxicos\u201d, dijo a FM Riachuelo Miguel G\u00f3mez responsable Nacional del \u00a0Frente Agrario. <\/em><\/strong><\/p>\n<p>Sebasti\u00e1n Ribero, Delegado General de Ate, trabajador afectado como parte \u00a0del recorte que est\u00e1 haciendo el gobierno \u00a0en el Estado, se sum\u00f3 a la jornada de lucha y durante\u00a0 la entrega de verduras dijo,<em><strong> \u201ces perverso lo que est\u00e1 haciendo el Ministro <\/strong><strong>Etchevehere<\/strong><strong>\u00a0sacando el Monotributo Social Agropecuario. Perverso porque deja sin la posibilidad de la comercializaci\u00f3n de los productos, sin posibilidad de tener una obra social, derecho ganado hace diez a\u00f1os. Y el esfuerzo que pide este gobierno por la crisis lo estamos haciendo solo los trabajadores, ellos est\u00e1n ganando much\u00edsimo dinero con la corrida financiera\u201d.<\/strong><\/em><\/p>\n<p><img loading=\"lazy\" decoding=\"async\" class=\"alignnone size-full wp-image-7564\" src=\"http:\/\/fmriachuelo.com.ar\/wp-content\/uploads\/2018\/07\/WhatsApp-Image-2018-07-18-at-11.16.52.jpeg\" alt=\"\" width=\"1152\" height=\"768\" srcset=\"http:\/\/fmriachuelo.it10.com.ar\/wp-content\/uploads\/2018\/07\/WhatsApp-Image-2018-07-18-at-11.16.52.jpeg 1152w, http:\/\/fmriachuelo.it10.com.ar\/wp-content\/uploads\/2018\/07\/WhatsApp-Image-2018-07-18-at-11.16.52-300x200.jpeg 300w, http:\/\/fmriachuelo.it10.com.ar\/wp-content\/uploads\/2018\/07\/WhatsApp-Image-2018-07-18-at-11.16.52-1024x683.jpeg 1024w, http:\/\/fmriachuelo.it10.com.ar\/wp-content\/uploads\/2018\/07\/WhatsApp-Image-2018-07-18-at-11.16.52-768x512.jpeg 768w, http:\/\/fmriachuelo.it10.com.ar\/wp-content\/uploads\/2018\/07\/WhatsApp-Image-2018-07-18-at-11.16.52-750x500.jpeg 750w, http:\/\/fmriachuelo.it10.com.ar\/wp-content\/uploads\/2018\/07\/WhatsApp-Image-2018-07-18-at-11.16.52-1140x760.jpeg 1140w\" sizes=\"auto, (max-width: 1152px) 100vw, 1152px\" \/><\/p>\n<p>Nahuel\u00a0 Levaggi, referente de la\u00a0 Uni\u00f3n de Trabajadores de la Tierra, expres\u00f3<strong> <em>\u201cno es un acto en contra de nadie, sino a favor de la vida, de la comida, de la chacra, de la vida en la quinta, que es la pol\u00edtica que lleva adelante \u00a0la organizaci\u00f3n\u201d.<\/em> <\/strong><\/p>\n<p>El plan de lucha continuar\u00e1 el 26 de julio con una gran movilizaci\u00f3n nacional de los productores de todo el sector de la agricultura familiar exigiendo\u00a0 TIERRA, TRABAJO, AGUA, LA LEY DE AGRICULTURA FAMILIAR y\u00a0 LA RESTITUCI\u00d3N DEL MONOTRIBUTO SOCIAL AGROPECUARIO. En Capital Federal se realizar\u00e1 una marcha hasta el Ministerio de Agroindustria para decirle al Ministro Etchevehere<em><strong>\u00a0<\/strong><\/em>que hay otro campo .<\/p>\n<p><span style=\"color: #ff0000\"><strong><a href=\"https:\/\/soundcloud.com\/prensa-fm-riachuelo\/sets\/el-verdadero-campo-reclama-en-la-rural\"><span style=\"color: #ff0000\">ALGUNOS<\/span> <span style=\"color: #ff0000\">TESTIMONIOS<\/span> <span style=\"color: #ff0000\">DEL VERDURAZO<\/span><\/a><\/strong><\/span><\/p>\n","protected":false},"excerpt":{"rendered":"<p>[FM Riachuelo 18\/07\/2018] Los peque\u00f1os productores realizaron un verdurazo en la puerta de la \u00a0Rural, para exigirle al Gobierno Nacional la restituci\u00f3n del Monotributo Social Agropecuario, que les permite acceder a la salud, al aporte jubilatorio\u00a0y formalizar su trabajo; que se\u00a0 avance\u00a0 con la Ley de Acceso \u00a0a la Tierra destinadas a la producci\u00f3n. Tambi\u00e9n\u00a0 [&hellip;]<\/p>\n","protected":false},"author":5,"featured_media":7557,"comment_status":"open","ping_status":"open","sticky":false,"template":"","format":"standard","meta":{"_monsterinsights_skip_tracking":false,"_monsterinsights_sitenote_active":false,"_monsterinsights_sitenote_note":"","_monsterinsights_sitenote_category":0,"jnews-multi-image_gallery":[],"jnews_single_post":[],"jnews_primary_category":[],"_joinchat":[],"footnotes":""},"categories":[76,74],"tags":[],"class_list":["post-7556","post","type-post","status-publish","format-standard","has-post-thumbnail","hentry","category-salud-comunitaria","category-san-cayetano"],"_links":{"self":[{"href":"http:\/\/fmriachuelo.it10.com.ar\/index.php\/wp-json\/wp\/v2\/posts\/7556","targetHints":{"allow":["GET"]}}],"collection":[{"href":"http:\/\/fmriachuelo.it10.com.ar\/index.php\/wp-json\/wp\/v2\/posts"}],"about":[{"href":"http:\/\/fmriachuelo.it10.com.ar\/index.php\/wp-json\/wp\/v2\/types\/post"}],"author":[{"embeddable":true,"href":"http:\/\/fmriachuelo.it10.com.ar\/index.php\/wp-json\/wp\/v2\/users\/5"}],"replies":[{"embeddable":true,"href":"http:\/\/fmriachuelo.it10.com.ar\/index.php\/wp-json\/wp\/v2\/comments?post=7556"}],"version-history":[{"count":0,"href":"http:\/\/fmriachuelo.it10.com.ar\/index.php\/wp-json\/wp\/v2\/posts\/7556\/revisions"}],"wp:featuredmedia":[{"embeddable":true,"href":"http:\/\/fmriachuelo.it10.com.ar\/index.php\/wp-json\/wp\/v2\/media\/7557"}],"wp:attachment":[{"href":"http:\/\/fmriachuelo.it10.com.ar\/index.php\/wp-json\/wp\/v2\/media?parent=7556"}],"wp:term":[{"taxonomy":"category","embeddable":true,"href":"http:\/\/fmriachuelo.it10.com.ar\/index.php\/wp-json\/wp\/v2\/categories?post=7556"},{"taxonomy":"post_tag","embeddable":true,"href":"http:\/\/fmriachuelo.it10.com.ar\/index.php\/wp-json\/wp\/v2\/tags?post=7556"}],"curies":[{"name":"wp","href":"https:\/\/api.w.org\/{rel}","templated":true}]}}