{"id":755,"date":"2015-01-27T17:43:00","date_gmt":"2015-01-27T17:43:00","guid":{"rendered":"http:\/\/fmriachuelo.observatorioess.org.ar\/index.php\/2015\/01\/27\/mexico-las-desapariciones-forzadas-sin-resolver\/"},"modified":"2025-03-25T16:39:12","modified_gmt":"2025-03-25T19:39:12","slug":"mexico-las-desapariciones-forzadas-sin-resolver","status":"publish","type":"post","link":"http:\/\/fmriachuelo.it10.com.ar\/index.php\/2015\/01\/27\/mexico-las-desapariciones-forzadas-sin-resolver\/","title":{"rendered":"MEXICO: LAS DESAPARICIONES FORZADAS SIN RESOLVER"},"content":{"rendered":"<div style=\"clear: both;text-align: center\"><\/div>\n<p><span style=\"color: red;font-family: Verdana, sans-serif;font-size: large\"><strong>UN RECLAMO DE JUSTICIA<\/strong><\/span><br \/><span style=\"font-family: Verdana, sans-serif\"><strong>Ayotzinapa: una multitud vuelve a reclamar la aparici\u00f3n con vida de los estudiantes<\/strong><\/span><\/p>\n<div style=\"clear: both;text-align: center\"><a href=\"http:\/\/4.bp.blogspot.com\/-GH00G1CghFk\/VMfNB69pdeI\/AAAAAAAACkY\/4COqE7rrCZE\/s1600\/ayotzinapa.jpg\" style=\"clear: left;float: left;margin-bottom: 1em;margin-right: 1em\"><img decoding=\"async\" border=\"0\" src=\"http:\/\/4.bp.blogspot.com\/-GH00G1CghFk\/VMfNB69pdeI\/AAAAAAAACkY\/4COqE7rrCZE\/s1600\/ayotzinapa.jpg\" \/><\/a><\/div>\n<p><span style=\"font-family: Verdana, sans-serif\">Cuatro meses han pasado desde que un grupo de estudiantes de la Escuela Normal Rural Ra\u00fal Isidro Burgos fue atacado por polic\u00edas y presuntos criminales en Iguala, Guerrero. Cuatro meses, desde que tres de esos estudiantes fueron asesinados y uno m\u00e1s qued\u00f3 en coma tras el ataque; y cuatro meses desde que 43 fueron desaparecidos forzadamente por los polic\u00edas.<\/p>\n<p>&nbsp;Ayer, cuatro marchas simult\u00e1neas colmaron la capital del pa\u00eds para respaldar esa demanda, como parte de la octava Acci\u00f3n Global por Ayotzinapa. Decenas de miles de personas acompa\u00f1aron a los padres de los normalistas desaparecidos en sendas movilizaciones en el norte, sur, oriente y poniente de la ciudad, que confluyeron hacia la tarde en el Z\u00f3calo capitalino.<\/span><br \/><span style=\"font-family: Verdana, sans-serif\"><\/span><a name='more'><\/a><span style=\"font-family: Verdana, sans-serif\"><br \/>El vocero de los familiares de los normalistas, Felipe de la Cruz, explicar\u00eda m\u00e1s tarde que las cuatro rutas recorrieron, en total, la simb\u00f3lica distancia de 43 kil\u00f3metros.<\/p>\n<p>En Guadalajara, M\u00e9rida, Chihuahua, Puebla, Quer\u00e9taro, Oaxaca, Saltillo, Cuernavaca, entre otras ciudades del pa\u00eds, tambi\u00e9n hubo movilizaciones o actos de apoyo.<\/p>\n<p>La solidaridad con los familiares de los normalistas desaparecidos encontr\u00f3 eco, una vez m\u00e1s, en ciudades de Estados Unidos, Espa\u00f1a, Reino Unido, B\u00e9lgica e Italia, como ha ocurrido anteriormente desde que la noticia de los 43 estudiantes desaparecidos por agentes del Estado cimbr\u00f3 a nivel internacional.<\/p>\n<p>Acompa\u00f1ados por organizaciones como la Coordinadora Nacional de Trabajadores de la Educaci\u00f3n (CNTE), el Sindicato Mexicano de Electricistas (SME), la Uni\u00f3n Nacional de Trabajadores y estudiantes y trabajadores de la UNAM, los familiares de los normalistas caminaron desde la ma\u00f1ana, a paso lento, desde las estaciones del Metro Indios Verdes, Taxque\u00f1a, Zaragoza y Auditorio, hacia el Z\u00f3calo.<\/p>\n<p>Por la tarde, al tiempo que los manifestantes avanzaban hacia la principal plaza p\u00fablica de la capital, en la Estela de Luz el sacerdote y defensor de los derechos humanos Alejandro Solalinde Guerra encabez\u00f3 una misa por los estudiantes, para despu\u00e9s sumarse al contingente de manifestantes.<\/p>\n<p>Se trat\u00f3 de la primera gran movilizaci\u00f3n por el caso Ayotzinapa de este a\u00f1o, tras el periodo vacacional de diciembre, cuando los padres de los normalistas desaparecidos advirtieron que no descansar\u00edan y organizaron m\u00edtines en las cercan\u00edas de la residencia presidencial de Los Pinos la v\u00edspera de Navidad y del A\u00f1o Nuevo.<\/p>\n<p>Quienes acompa\u00f1aron a los padres en las movilizaciones de ayer, les demostraron que tampoco han olvidado el agravio perpetrado contra sus hijos entre la noche del 26 de septiembre y la madrugada del d\u00eda siguiente.<\/p>\n<p>El contingente que avanz\u00f3 desde avenida Calzada de Tlalpan fue el primero en arribar a su destino final. \u201cGuerrero llega al Z\u00f3calo con la frente en alto\u201d, exclam\u00f3 el que parti\u00f3 por ma\u00f1ana de Taxque\u00f1a. La marcha entr\u00f3 a la plaza c\u00edvica al ritmo de m\u00fasica y aplausos para los padres de los normalistas que encabezaron esta protesta.<\/p>\n<p>En el monumento del \u00c1ngel de la Independencia, fue colocada una enorme manta con el mensaje \u201cEj\u00e9rcito Asesino 43\u2033, pintado en letras negras y rojas.<\/p>\n<p>Un grupo que parti\u00f3 de ah\u00ed avanz\u00f3 en ambiente de fiesta y rebeld\u00eda. \u201cQu\u00e9 chido movimiento, qu\u00e9 chida subversi\u00f3n\u201d, coreaban algunos manifestantes, mientras una joven manten\u00eda en alto una cartulina con la lista de agravios soportados por los mexicanos: Tlatelolco, Acteal, Aguas Blancas, Villas de Salv\u00e1rcar, Tlatlaya\u2026<\/p>\n<p>En ese contingente destac\u00f3 el grupo de seminaristas de Acapulco, que por primera vez viaj\u00f3 a la Ciudad de M\u00e9xico para apoyar la demanda de justicia por los estudiantes. \u201dGuerrero es violencia, injusticia, impunidad\u201d, dijo Jos\u00e9 Trinidad, de 24 a\u00f1os e interno del seminario Consagrado Sant\u00edsimo Salvador.<\/p>\n<p>En la marcha que parti\u00f3 de la estaci\u00f3n del metro Auditorio, los manifestantes coreaban \u201cAyotzi vive, la lucha sigue, Ayotzi vive vive, la lucha sigue, sigue\u201d y repet\u00edan una y otra vez el conteo del 1 al 43, para recordar a los estudiantes cuya ausencia no ha logrado explicar convincentemente el gobierno.<\/p>\n<p>A los padres de esos muchachos, la versi\u00f3n que respalda la Procuradur\u00eda General de la Rep\u00fablica (PGR) de que los estudiantes habr\u00edan sido asesinados por sicarios del grupo criminal Guerreros Unidos y sus restos calcinados, no les convence.<\/p>\n<p>Y as\u00ed lo hicieron saber una vez que los cuatro contingentes arribaron a la plancha del Z\u00f3calo, donde se organiz\u00f3 un m\u00edtin al que concurrieron al menos 27 mil personas, de acuerdo con estimaciones preliminares de la polic\u00eda referidas por la agencia de noticias dpa.<\/p>\n<p>Uno tras otro, varios padres y madres de familia tomaron el micr\u00f3fono ante la multitud para expresar su rechazo a la versi\u00f3n de la PGR, que responde a la \u00fanica l\u00ednea de investigaci\u00f3n que, en estos cuatro meses, sigui\u00f3 la fiscal\u00eda federal, como se\u00f1al\u00f3 hace unos d\u00edas la organizaci\u00f3n Amnist\u00eda Internacional.<\/p>\n<p>Si las palabras de esos padres de familia -entre ellos el de C\u00e9sar Manuel Gonz\u00e1lez, el de Jorge \u00c1lvarez y la madre de Jorge An\u00edbal Cruz- tuvieran que resumirse en un solo mensaje, bien podr\u00eda ser este: No les creemos y no aceptamos su versi\u00f3n de que nuestros hijos est\u00e1n muertos. Y hasta que no nos demuestren lo contrario, para nosotros ellos siguen vivos. Y as\u00ed, vivos, es como tienen que buscarlos y encontrarlos.<\/p>\n<p>Pero de la voz de cada uno de ellos tambi\u00e9n se escucharon palabras cargadas de rabia y hartazgo ante el actuar del gobierno, que desde la semana pasada ha dado visos de querer cerrar el caso y no ha abierto una l\u00ednea de investigaci\u00f3n sobre la posible responsabilidad del Ej\u00e9rcito, como le han exigido. Por eso el padre de C\u00e9sar Manuel, Mario Gonz\u00e1lez, espet\u00f3: \u201cSomos humildes, mas no pendejos. Los pendejos son otros\u201d.<\/p>\n<p>El se\u00f1or Epifanio \u00c1lvarez se dirigi\u00f3 a las autoridades en su mensaje: \u201cQueremos decirles que no creemos en tantas mentiras que nos han dicho [\u2026] el gobierno lo que ha hecho solamente es lastimarnos, con tantas mentiras\u201d.<\/p>\n<p>El vocero de los padres de familia, Felipe de la Cruz, refrend\u00f3 la postura que dieron a conocer desde diciembre pasado, de rechazar la realizaci\u00f3n de elecciones en Guerrero en junio pr\u00f3ximo. \u201cVotar es votar por el crimen organizado. En Guerrero no habr\u00e1 elecciones\u201d, advirti\u00f3.<\/p>\n<p>Adem\u00e1s le dijo al Presidente Enrique Pe\u00f1a Nieto que \u201cha dejado de ser el presidente del pa\u00eds por inservible, por corrupto y por asesino de estudiantes\u201d.<\/p>\n<p>Omar Garc\u00eda, normalista en Ayotzinapa y uno de los sobrevivientes del ataque del 26 de septiembre, rechaz\u00f3 las acusaciones de funcionarios y medios masivos de que los familiares de los 43 son manipulados por un grupo que \u201ctiene sus propios intereses\u201d, e ironiz\u00f3 sobre la nota de El Financiero, diario que public\u00f3 que el vocero Felipe de la Cruz es \u201caviador\u201d, como se les nombra a los empleados que s\u00f3lo cobran su sueldo pero no trabajan.<\/p>\n<p>El estudiante respondi\u00f3 diciendo que, bajo esa l\u00f3gica, no son uno sino \u201c43 aviadores\u201d, haciendo alusi\u00f3n al n\u00famero de padr<br \/>\nes que tuvieron que dejar sus trabajos para dedicarse a la b\u00fasqueda de sus hijos, y que han encontrado en la solidaridad ciudadana su \u00fanico sost\u00e9n tras cuatro meses de buscar a sus hijos.<\/p>\n<p>\u201cEs la solidaridad lo que ha mantenido este movimiento y nos ha financiado\u201d, expres\u00f3.<\/p>\n<p>El joven tambi\u00e9n llam\u00f3 a pasar de las movilizaciones a impulsar cambios de fondo que garanticen que los eventos del 26 de septiembre no se repitan \u201cy para ello hay que transformar al pa\u00eds\u201d.<\/p>\n<p>El \u00faltimo en hablar fue el padre de Alexander Mora Venancio, cuyos restos fueron los \u00fanicos supuestamente identificados de los que la PGR habr\u00eda encontrado. Como el gobierno no le ha entregado los restos, advirti\u00f3 que ahora lo busca con vida.<\/p>\n<p>La semana pasada, el Procurador Jes\u00fas Murillo Karam inform\u00f3 que los especialistas del laboratorio de Innsbruck, en Austria, no hab\u00edan conseguido identificar las muestras enviadas de los restos calcinados. Para el funcionario, el hecho de que dos de esos restos s\u00ed hayan correspondido con uno de los normalistas significa que los otros tambi\u00e9n lo son, pero para los padres la l\u00f3gica es opuesta: si no puede demostrar que son ellos, entonces no puede darlos por muertos.<\/p>\n<p>Por ello el abogado de los familiares de los normalistas, Vidulfo Rosales, reiter\u00f3 que \u201cen tanto no exista prueba cient\u00edfica, no vamos a aceptar que nuestros compa\u00f1eros est\u00e1n muertos. Est\u00e1n vivos y vivos los seguiremos buscando\u201d.<\/p>\n<p>\u201cLe decimos desde aqu\u00ed a Pe\u00f1a Nieto que no vamos a olvidar a nuestros desaparecidos\u201d, lanz\u00f3 el integrante del Centro de Derechos Humanos de la Monta\u00f1a Tlachinollan.<\/p>\n<p>El evento termin\u00f3 con un llamado de los padres de los normalistas desaparecidos a no caer en provocaciones y mantener la lucha de manera pac\u00edfica.<\/p>\n<p>\u201cUno, dos, tres\u2026 cuarenta y tres\u201d, contaron esta vez los padres de familia.<\/p>\n<p>Al final lo que se escuch\u00f3 fue una demanda un\u00edsona de justicia, la misma que se escucha desde hace cuatro meses.<\/span><br \/><span style=\"color: blue;font-family: Verdana\">Fuente: Nodal, Producci\u00f3n Riachuelo<\/span><\/p>\n<div style=\"clear: both;text-align: center\"><a href=\"http:\/\/3.bp.blogspot.com\/-vGRH6yNkFG8\/VMfN0D-nWQI\/AAAAAAAACkg\/IWbrPNRWisE\/s1600\/COOP%2BRIACHIUELO%2BPRODUCCIONES.jpg\" style=\"clear: left;float: left;margin-bottom: 1em;margin-right: 1em\"><img loading=\"lazy\" decoding=\"async\" border=\"0\" src=\"http:\/\/3.bp.blogspot.com\/-vGRH6yNkFG8\/VMfN0D-nWQI\/AAAAAAAACkg\/IWbrPNRWisE\/s1600\/COOP%2BRIACHIUELO%2BPRODUCCIONES.jpg\" height=\"58\" width=\"200\" \/><\/a><\/div>\n","protected":false},"excerpt":{"rendered":"<p>UN RECLAMO DE JUSTICIAAyotzinapa: una multitud vuelve a reclamar la aparici\u00f3n con vida de los estudiantes Cuatro meses han pasado desde que un grupo de estudiantes de la Escuela Normal Rural Ra\u00fal Isidro Burgos fue atacado por polic\u00edas y presuntos criminales en Iguala, Guerrero. Cuatro meses, desde que tres de esos estudiantes fueron asesinados y [&hellip;]<\/p>\n","protected":false},"author":4,"featured_media":0,"comment_status":"open","ping_status":"open","sticky":false,"template":"","format":"standard","meta":{"_monsterinsights_skip_tracking":false,"_monsterinsights_sitenote_active":false,"_monsterinsights_sitenote_note":"","_monsterinsights_sitenote_category":0,"jnews-multi-image_gallery":[],"jnews_single_post":{"format":"standard"},"jnews_primary_category":[],"_joinchat":[],"footnotes":""},"categories":[58],"tags":[70,119],"class_list":["post-755","post","type-post","status-publish","format-standard","hentry","category-noticiariachuelo","tag-de-la-patria-grande","tag-derechos-humanos"],"_links":{"self":[{"href":"http:\/\/fmriachuelo.it10.com.ar\/index.php\/wp-json\/wp\/v2\/posts\/755","targetHints":{"allow":["GET"]}}],"collection":[{"href":"http:\/\/fmriachuelo.it10.com.ar\/index.php\/wp-json\/wp\/v2\/posts"}],"about":[{"href":"http:\/\/fmriachuelo.it10.com.ar\/index.php\/wp-json\/wp\/v2\/types\/post"}],"author":[{"embeddable":true,"href":"http:\/\/fmriachuelo.it10.com.ar\/index.php\/wp-json\/wp\/v2\/users\/4"}],"replies":[{"embeddable":true,"href":"http:\/\/fmriachuelo.it10.com.ar\/index.php\/wp-json\/wp\/v2\/comments?post=755"}],"version-history":[{"count":1,"href":"http:\/\/fmriachuelo.it10.com.ar\/index.php\/wp-json\/wp\/v2\/posts\/755\/revisions"}],"predecessor-version":[{"id":22491,"href":"http:\/\/fmriachuelo.it10.com.ar\/index.php\/wp-json\/wp\/v2\/posts\/755\/revisions\/22491"}],"wp:attachment":[{"href":"http:\/\/fmriachuelo.it10.com.ar\/index.php\/wp-json\/wp\/v2\/media?parent=755"}],"wp:term":[{"taxonomy":"category","embeddable":true,"href":"http:\/\/fmriachuelo.it10.com.ar\/index.php\/wp-json\/wp\/v2\/categories?post=755"},{"taxonomy":"post_tag","embeddable":true,"href":"http:\/\/fmriachuelo.it10.com.ar\/index.php\/wp-json\/wp\/v2\/tags?post=755"}],"curies":[{"name":"wp","href":"https:\/\/api.w.org\/{rel}","templated":true}]}}