{"id":754,"date":"2015-01-27T21:43:00","date_gmt":"2015-01-27T21:43:00","guid":{"rendered":"http:\/\/fmriachuelo.observatorioess.org.ar\/index.php\/2015\/01\/27\/el-gobierno-de-la-ciudad-de-buenos-aires-no-respeta-la-voluntad-popular\/"},"modified":"2025-03-25T16:39:58","modified_gmt":"2025-03-25T19:39:58","slug":"el-gobierno-de-la-ciudad-de-buenos-aires-no-respeta-la-voluntad-popular","status":"publish","type":"post","link":"http:\/\/fmriachuelo.it10.com.ar\/index.php\/2015\/01\/27\/el-gobierno-de-la-ciudad-de-buenos-aires-no-respeta-la-voluntad-popular\/","title":{"rendered":"EL GOBIERNO DE LA CIUDAD DE BUENOS AIRES NO RESPETA LA VOLUNTAD POPULAR"},"content":{"rendered":"<div style=\"text-align: right\">\n<div align=\"left\"><b><span style=\"color: red;font-size: large\">LAS POLITICAS DEL GOBIERNO DE LA CIUDAD<\/span><\/b><\/div>\n<div align=\"left\"><b><span style=\"color: black\">LOS VECINOS ALERTA Y MOVILIZADOS FRENTE AL ATROPELLO<\/span><\/b><\/div>\n<div style=\"text-align: center\"><strong>&nbsp;<\/strong><\/div>\n<div align=\"left\"><strong><span style=\"color: black\">Difundimos Comunicado <\/span><\/strong><\/div>\n<div align=\"left\"><strong><span style=\"color: black\">Asamblea del Parque Lezama<\/span><\/strong><\/div>\n<p><b>&nbsp;<\/b><\/div>\n<div align=\"center\" style=\"text-align: center\">\n<div style=\"clear: both;text-align: center\"><a href=\"http:\/\/4.bp.blogspot.com\/-5CNUklxrbI4\/VMgOXabRMgI\/AAAAAAAAClA\/YgNzPwCetKU\/s1600\/LEZAMA%2BVALLADO.jpg\" style=\"margin-left: 1em;margin-right: 1em\"><img loading=\"lazy\" decoding=\"async\" border=\"0\" src=\"http:\/\/4.bp.blogspot.com\/-5CNUklxrbI4\/VMgOXabRMgI\/AAAAAAAAClA\/YgNzPwCetKU\/s1600\/LEZAMA%2BVALLADO.jpg\" height=\"273\" width=\"400\" \/><\/a><\/div>\n<p><\/div>\n<p><span style=\"font-family: Verdana, sans-serif\">Algo huele mal en el Ministerio de Ambiente y Espacio P\u00fablico del G.C.B.A., suena sospechoso que el mismo funcionario que fuera procesado en el 2009 por \u201cabuso de autoridad y de violaci\u00f3n de los deberes de funcionario p\u00fablico\u201d por una licitaci\u00f3n de $300 millones hoy este nuevamente en este Ministerio a cargo de Edgardo Cenz\u00f3n y afirme que la ciudad tendr\u00e1 que gastar 100 mil pesos mas en las obras del Parque Lezama por hechos de vandalismo.<\/span><br \/><span style=\"font-family: Verdana, sans-serif\">Patricio Di Stefano tendr\u00e1 que demostrarnos a los vecinos que las denuncias que realiz\u00f3 en el d\u00eda de la fecha (Lunes 26 de Enero de 2015) en declaraciones al Diario La Naci\u00f3n  fueron realizadas en los organismos e instituciones pertinentes. Ya que al mediod\u00eda de hoy en la Comisar\u00eda 14 de CABA, a quien corresponde la Jurisdicci\u00f3n del Parque, no hab\u00eda denuncias actuales sobre hechos de vandalismo a los monumentos, copones u otros sectores del parque, as\u00ed como tampoco hab\u00eda radicada ninguna sobre robos a los obreros de la empresa Miavasa que lleva adelante las obras tal cual lo dijo el funcionario.<\/span><a name='more'><\/a><span style=\"font-family: Verdana, sans-serif\"><br \/>La \u00faltima denuncia radicada en esta comisar\u00eda es sobre la Loba (estatua referida) con fecha del a\u00f1o 2007. Adem\u00e1s es de p\u00fablico conocimiento entre los vecinos que las partes de R\u00f3mulo y Remo son replicas de yeso ya repuestas varias veces desde 2007 y los cuales faltaban desde hace mas de un a\u00f1o, esto nos muestra la poca informaci\u00f3n que tiene este funcionario del Parque Lezama y su realidad.<\/p>\n<p>Desde el mes de Noviembre los vecinos a trav\u00e9s de la Comisi\u00f3n de espacio p\u00fablico del Consejo Consultivo Comunal 1 venimos esperando una respuesta al 104 (ley de acceso a la informaci\u00f3n p\u00fablica) referido a las demoras de las obras que debieron haber finalizado en la primer semana de Diciembre de 2014, tal cual lo estipula la licitaci\u00f3n p\u00fablica 506\/2013, es desde esa fecha que la obra se encuentra retrasada y no como afirma este funcionario que por los \u00faltimos hechos de vandalismo denunciados esta semana se han producido atrasos en la finalizaci\u00f3n de las obras.<\/p>\n<p>En relaci\u00f3n a los hechos replicados por La Naci\u00f3n le sugerimos a este medio que la pr\u00f3xima vez chequee la informaci\u00f3n antes de publicarla, por un lado para no generar malestar adrede entre los vecinos y por otro, como todos sabemos, Romulo y Remo faltan hace mas de un a\u00f1o y los copones est\u00e1n en el piso por necesidad del MOA para restaurarlos(hay registros fotogr\u00e1ficos de esto).<\/p>\n<p>Estas acciones tendenciosas de plantear un hecho falso y luego concluir en que el enrejado es la \u00fanica soluci\u00f3n posible viene perdiendo argumentos validos  en nuestros barrios, nuestras plazas y parques, como sucedi\u00f3 en la Plaza Mafalda con un rotundo rechazo de los vecinxs hacia las rejas, como  paso hace 2 a\u00f1os en el Lezama, en el Parque Centenario o como ocurre hoy en la Plaza Cecilia Grierson y en el Parque Ameghino en el cual adem\u00e1s los vecinos construyen una huerta comunitaria que el GCBA en reiteradas oportunidades ha tratado de destruir.<\/p>\n<p>Seguimos pensando al igual que cuando presentamos el plan de manejo participativo para el Parque que las rejas no solucionan el problema de fondo, y analizando las declaraciones decimos que si a pesar de que el parque est\u00e1 totalmente vallado hace 8 meses, con c\u00e1maras ya instaladas y con Polic\u00eda Federal y Metropolitana adentro igual nos comentan y denuncian inseguridad, entonces  cual ser\u00eda la funci\u00f3n y que solucionar\u00eda una reja?<\/p>\n<p>El vecindario est\u00e1 ofuscado y molesto porque no pueden usar ni una partecita del Parque, NO cumplieron la promesa de sectorizar las obras para que el parque no quede 100% vallado durante todo el verano tal cual lo advert\u00edamos y preve\u00edamos.<\/p>\n<p>El&nbsp;Gobierno de&nbsp;la Ciudad, GCBA, &nbsp;est\u00e1 presionando en exceso a los vecinos y vecinas con estas acciones,  para quienes el parque es el \u00fanico lugar posible de esparcimiento y recreaci\u00f3n durante el verano y los intensos calores. <\/span><br \/><span style=\"font-family: Verdana, sans-serif\">Estas jugadas intencionadas de parte del mal gobierno de la ciudad son un atropello hac\u00eda quienes vivimos en el barrio.<\/p>\n<p>No queremos creer que todas estas jugadas pol\u00edticas y medi\u00e1ticas son en funci\u00f3n de la futura mudanza del Ministerio de Ambiente y Espacio P\u00fablico frente al Parque Lezama en la ex fabrica Canale y como una forma de disciplinar al barrio por su organizaci\u00f3n y rechazo a las pol\u00edticas inconsultas que tiene el GCBA sobre nuestras comunas totalmente fuera de la ley 1777 tal cual se ha denunciado en reiteradas oportunidades desde la Red Interparques y Plazas como la ley de bares en parques, una muestra mas de la privatizaci\u00f3n de nuestros espacios p\u00fablicos.<\/p>\n<p>Por esto los vecinos y vecinas nos sentimos burlados ante tanta mentira y convocamos a una reuni\u00f3n y conferencia de prensa para desmentir todos y cada uno de los puntos afirmados por este funcionario y adem\u00e1s denunciar las irregularidades de la obra y las promesas incumplidas por parte del GCBA.<\/p>\n<p>Invitamos a vecinxs, organizaciones y medios a participar de la reuni\u00f3n este Jueves a las 17:30hs en Brasil y Defensa.<\/p>\n<p><span style=\"font-size: x-small\">Para adherir al documento:  asamblealezama@gmail.com<br \/>Contactos de prensa: <br \/>15 5517 2333\/15 3629 1256<\/span><\/span><\/p>\n<div><\/div>\n<div style=\"clear: both;text-align: center\"><a href=\"http:\/\/4.bp.blogspot.com\/-Ab0qeBR0gUc\/VMgEe3Vf2GI\/AAAAAAAACkw\/6Z2OmmROdrc\/s1600\/LEZAMA%2BVALLADO.jpg\" style=\"margin-left: 1em;margin-right: 1em\"><span style=\"color: red\"><\/span><\/a><\/div>\n","protected":false},"excerpt":{"rendered":"<p>LAS POLITICAS DEL GOBIERNO DE LA CIUDAD LOS VECINOS ALERTA Y MOVILIZADOS FRENTE AL ATROPELLO &nbsp; Difundimos Comunicado Asamblea del Parque Lezama &nbsp; Algo huele mal en el Ministerio de Ambiente y Espacio P\u00fablico del G.C.B.A., suena sospechoso que el mismo funcionario que fuera procesado en el 2009 por \u201cabuso de autoridad y de violaci\u00f3n [&hellip;]<\/p>\n","protected":false},"author":4,"featured_media":0,"comment_status":"open","ping_status":"open","sticky":false,"template":"","format":"standard","meta":{"_monsterinsights_skip_tracking":false,"_monsterinsights_sitenote_active":false,"_monsterinsights_sitenote_note":"","_monsterinsights_sitenote_category":0,"jnews-multi-image_gallery":[],"jnews_single_post":{"format":"standard"},"jnews_primary_category":[],"_joinchat":[],"footnotes":""},"categories":[58],"tags":[147],"class_list":["post-754","post","type-post","status-publish","format-standard","hentry","category-noticiariachuelo","tag-habitat"],"_links":{"self":[{"href":"http:\/\/fmriachuelo.it10.com.ar\/index.php\/wp-json\/wp\/v2\/posts\/754","targetHints":{"allow":["GET"]}}],"collection":[{"href":"http:\/\/fmriachuelo.it10.com.ar\/index.php\/wp-json\/wp\/v2\/posts"}],"about":[{"href":"http:\/\/fmriachuelo.it10.com.ar\/index.php\/wp-json\/wp\/v2\/types\/post"}],"author":[{"embeddable":true,"href":"http:\/\/fmriachuelo.it10.com.ar\/index.php\/wp-json\/wp\/v2\/users\/4"}],"replies":[{"embeddable":true,"href":"http:\/\/fmriachuelo.it10.com.ar\/index.php\/wp-json\/wp\/v2\/comments?post=754"}],"version-history":[{"count":1,"href":"http:\/\/fmriachuelo.it10.com.ar\/index.php\/wp-json\/wp\/v2\/posts\/754\/revisions"}],"predecessor-version":[{"id":22492,"href":"http:\/\/fmriachuelo.it10.com.ar\/index.php\/wp-json\/wp\/v2\/posts\/754\/revisions\/22492"}],"wp:attachment":[{"href":"http:\/\/fmriachuelo.it10.com.ar\/index.php\/wp-json\/wp\/v2\/media?parent=754"}],"wp:term":[{"taxonomy":"category","embeddable":true,"href":"http:\/\/fmriachuelo.it10.com.ar\/index.php\/wp-json\/wp\/v2\/categories?post=754"},{"taxonomy":"post_tag","embeddable":true,"href":"http:\/\/fmriachuelo.it10.com.ar\/index.php\/wp-json\/wp\/v2\/tags?post=754"}],"curies":[{"name":"wp","href":"https:\/\/api.w.org\/{rel}","templated":true}]}}